{"id":1084,"date":"2013-06-27T15:50:08","date_gmt":"2013-06-27T13:50:08","guid":{"rendered":"http:\/\/woiczik.de\/?p=1084"},"modified":"2022-05-04T13:11:41","modified_gmt":"2022-05-04T11:11:41","slug":"mittsommer-in-danemark","status":"publish","type":"post","link":"http:\/\/woiczik.de\/?p=1084","title":{"rendered":"Mittsommer in D\u00e4nemark"},"content":{"rendered":"<p>Views: 656<\/p><p>Zu Beginn der Sommerferien in Berlin nutzten wir zwei Urlaubstage f\u00fcr einen kurzen Mittsommertrip nach D\u00e4nemark, bevor wieder uns der berufliche Alltag im Griff hat.<\/p>\n<p><strong>Tourdaten:<\/strong><\/p>\n<p><strong>Reisezeitraum: 20-23.06.2013<\/strong><\/p>\n<p><strong>Tour-Strecke<\/strong>: Berlin-Sierksdorf-L\u00fcbeck-Billund-Randers-Djurs Sommerland-Randers-Verschnaufspause im Hansa Park (gute 2 Stunden)\u00a0und zur\u00fcck nach Berlin (insgesamt 1990 km mit dem Auto)<\/p>\n<p>Neben den Besuchen dreier unserer Lieblings-Freizeitparks und der\u00a0d\u00e4nische Stadt Randers\u00a0standen auch Treffen mit Frau\u00a0Seecker (Pressechefin vom Hansa Park) und Henrik B.Nielsen (CEO vom Djurs Sommerland) auf der &#8222;Reise-Agenda&#8220;.<\/p>\n<p>Ausf\u00fchrliches zu den Berichten von den drei Freizeitparks findet man\u00a0auf <a href=\"http:\/\/www.freizeitpark-welt.de\/\">http:\/\/www.freizeitpark-welt.de\/<\/a>, aber einige <strong>Bilder von einigen Neuheiten<\/strong> aus diesem Jahr\u00a0pr\u00e4sentiere ich hier und jetzt.<\/p>\n<p><strong>Als Bonbon vor der Sommerpause gebe ich Euch noch einen Bericht von Djurs Sommerland zum Besten:<\/strong><\/p>\n<p><strong><span style=\"font-size: medium;\"><span style=\"font-family: Calibri;\">Ein Tag im Djurs Sommerland<\/span><\/span><\/strong><\/p>\n<div>\n<div><span style=\"font-size: medium;\"><span style=\"font-family: Calibri;\">Auf unserer kleinen \u201eMittsommernachts-Tour\u201c besuchte Freizeitpark-Welt.de Redakteur Andrej Woiczik auch in diesem Jahr das aufstrebende \u00a0d\u00e4nische Djurs Sommerland in der N\u00e4he von Nimtofte im Djursland. Das Djurs Sommerland wurde 1981 er\u00f6ffnet und hat in den letzten Jahren durch zahlreiche erstklassige, neuer\u00f6ffnete Fahrattraktionen auch international auf sich aufmerksam gemacht. \u00a0Der Park hat, wie der Name Sommerland impliziert, nur in den Sommermonaten, mit Ausnahme einiger Halloween-Events an drei Oktober-Wochenenden, ge\u00f6ffnet und somit nur 156 Besucher\u00f6ffnungstage. Mit weit \u00fcber\u00a0\u00a0<strong>620.000 Besuchern im Jahr<\/strong> geh\u00f6rt der Freizeitpark zu den besucherm\u00e4\u00dfig beliebtesten d\u00e4nischen Tourismusattraktionen. Nach dem Tivoli Kopenhagen (4 Mio.) \u00a0und dem Legoland Billund (1,65 Mio.) z\u00e4hlt dieser liebenswerte Freizeitpark, in einer sch\u00f6nen d\u00e4nischen Landschaft, \u00a0zum drittmeistbesuchten Freizeitpark in D\u00e4nemark. <\/span><\/span><\/div>\n<div><span style=\"font-size: medium;\"><span style=\"font-family: Calibri;\">Bei Erstellung dieses Berichts (Ende Juni 2013) ging \u00a0der Gesch\u00e4ftsf\u00fchrer Henrik B. <span style=\"font-family: Arial, Helvetica, sans-serif;\">Nielsen<\/span>\u00a0davon aus, dass auf Grund der derzeitigen Besucherzahlen, erstmals in der Geschichte von Djurs Sommerland, die 700.000 Besuchermarke geknackt werden kann. \u00a0\u00a0<\/span><\/span><\/div>\n<div><span style=\"font-size: medium;\"><span style=\"font-family: Calibri;\">Auf dem knapp <strong>50 Hektar gro\u00dfen Areal<\/strong> begann im Jahr 2008 eine neue Zeitrechnung, welche \u00a0mit dem Bau des Mega-Lite Coasters <strong>&#8222;Piraten&#8220;<\/strong> eingel\u00e4utet worden ist . Die knapp 750 Meter lange und 32 Meter hohe Bahn von Intamin , bietet ein unvergleichbares Fahrgef\u00fchl mit einer geh\u00f6rigen Priese \u00a0Airtime. \u00a02011 (Freizeitpark-Welt.de berichtet ausf\u00fchrlich dar\u00fcber) \u00a0konnte bereits wieder ein Highlight \u00a0mit <strong>&#8222;Skatte\u00f8en&#8220;<\/strong> die h\u00f6chste Wasserachterbahn Europas er\u00f6ffnet werden, die \u00a0im Gegensatz zum Prototypen &#8222;Poseidon&#8220; im Europa-Park ausgesprochen sanft und ruhig f\u00e4hrt und auch mit wundersch\u00f6ner Piraten-Thematisierung Pluspunkte sammelt. . Mit dem Bau des Doppel-Launch-Coasters <strong>&#8222;Juvelen&#8220;,<\/strong> der in einem bereits ver\u00f6ffentlichten \u00a0Bericht ausf\u00fchrlich vorgestellt werden ist, hat sich Djurs Sommerland in diesem Jahr endg\u00fcltig zu einer <strong>Top-Destination f\u00fcr Achterbahnfans in Europa<\/strong> entwickelt.<\/span><\/span><\/div>\n<div><span style=\"font-size: medium;\"><span style=\"font-family: Calibri;\">Doch diese erstklassigen Achterbahnen sind nicht das, was den sympathischen \u00a0und liebevoll gef\u00fchrten Freizeitpark in der N\u00e4he von Randers wirklich ausmachen. <\/span><\/span><\/div>\n<div><span style=\"font-size: medium;\"><span style=\"font-family: Calibri;\">Neben den durchthematisierten Themenwelten besticht Djurs Sommerland mit seiner sehr sch\u00f6nen landschaftlichen Gestaltung und einigen Attraktionen wie\u00a0 u.a. einer Minigolf-Anlagen oder einen gro\u00dfen Wasserpark, welche nicht viele Freizeitparks in Europa ihren G\u00e4sten anbieten.<\/span><\/span><\/div>\n<div><span style=\"font-size: medium;\"><span style=\"font-family: Calibri;\">Des Weiteren war beim bereits dritten Besuch im Djurs Sommerland \u00a0auff\u00e4llig \u00a0die <strong>typisch skandinavische Freundlichkeit der Mitarbeiter<\/strong>, die jeden Gast mit einem ehrlichen L\u00e4cheln im Gesicht begr\u00fc\u00dfen, dieses erlebt man in anderen europ\u00e4ischen Freizeitparks nicht immer.<\/span><\/span><\/div>\n<div><span style=\"font-size: medium;\"><span style=\"font-family: Calibri;\">Wie in D\u00e4nemark typisch, ist auch die Gastronomie in Djurs Sommerland \u00a0im Vergleich zu Deutschland \u00a0hochpreisiger, bietet daf\u00fcr aber auch eine h\u00f6here Qualit\u00e4t und \u00e4hnelt geschmacklich deren im deutschen Hansa Park \u2013 das von uns gew\u00e4hlte Buffet in der Westernstadt war jedenfalls hervorragend.<\/span><\/span><\/div>\n<div><span style=\"font-size: medium;\"><span style=\"font-family: Arial, Helvetica, sans-serif;\">Auch\u00a0umgerechnet derzeit<strong> 56 Euro f\u00fcr eine Tageseintrittskarte<\/strong> sind f\u00fcr einige deutsche Freizeitparkbesucher schon grenzwertig, welche bereits \u00fcber die geringeren Eintrittspreise vom Heide Park oder Phantasialand klagen.\u00a0\u00a0<\/span><\/span><\/div>\n<div><span style=\"font-size: medium;\"><span style=\"font-family: Calibri;\">Bislang sehr g\u00fcnstig \u00a0(umgerechnet 15 Euro) ist es aber, zehn seiner Onrider-Fotos sich auf einen Djurs-USB-Stick \u00fcberspielen zu lassen. Der einzige negative \u00a0Kritikpunkt an diesem erstklassigen Freizeitpark ist, dass es kaum \u201eMerching-Artikel\u201c gibt. \u00a0Hier konnte zuk\u00fcnftig eine gr\u00f6\u00dfere Einnahmequelle erschlossen werden, wenn man den begeisterten Besuchern \u201eFanartikel\u201c in Form von T-Shirts usw. anbietet. Derzeit spielt aber laut Gesch\u00e4ftsf\u00fchrer Henrik B.<span style=\"font-family: Arial, Helvetica, sans-serif;\">Nielsen <\/span>dieser Einnahmebereich eine untergeordnete Funktion und soll auch mittelfristig nicht verst\u00e4rkt werden.<\/span><\/span><\/div>\n<div><span style=\"font-family: Calibri; font-size: medium;\">\u00a0<\/span><\/div>\n<div><span style=\"font-size: medium;\"><span style=\"font-family: Calibri;\">Insgesamt \u00fcberzeugt \u00a0Djurs Sommerland \u00a0auf ganzer Linie und sollte des \u00d6fteren von deutschen Besuchern in das Urlaubsprogramm aufgenommen werden. W\u00e4hrend die deutschen \u201eNormalbesucher\u201c eher das Legoland Billund anstatt den Freizeitpark nahe Randers besuchen, pilgerten zahlreiche\u00a0 Gruppen mit deutschsprachigen \u201eFreizeitpark-Journalisten\u201c <span style=\"font-family: Arial, Helvetica, sans-serif;\">im Mai\/Juni 2013 <\/span>zum Djurs Sommerland und nahmen die Gastfreundschaft der Mitarbeiter in Anspruch und testen ausf\u00fchrlich das erstklassige Portfolio <\/span><span style=\"font-family: Arial, Helvetica, sans-serif;\">.\u00a0<\/span><\/span><\/div>\n<div><strong><span style=\"font-size: medium;\"><span style=\"font-family: Arial, Helvetica, sans-serif;\">Wir m\u00f6chten uns an dieser Stelle ganz herzlich f\u00fcr die Gastfreundschaft im Djurs Sommerland bei <span style=\"font-family: Calibri;\">Henrik B. <\/span><span style=\"font-family: Arial, Helvetica, sans-serif;\">Nielsen<\/span><\/span><span style=\"font-family: Calibri;\">\u00a0<span style=\"font-family: Arial, Helvetica, sans-serif;\">und seinem Team bedanken.<\/span><\/span><\/span><\/strong><\/div>\n<div><span style=\"font-size: medium;\"><span style=\"font-family: Arial, Helvetica, sans-serif;\">\u00a0<\/span><\/span><\/div>\n<\/div>\n<p><strong>Wetter:<\/strong><\/p>\n<p><strong>20.06.(<\/strong>Hansa Park)<strong>\u00a0<\/strong>sonnig- 25 Grad, am <strong>21.06<\/strong>\u00a0(Legoland Billund)\u00a0ein wenig Sonnenschein- 1 st\u00fcndiger Wolkenbruch und oft Nieselregen bei 16-19 Grad, am <strong>22.06<\/strong> (Djurs Sommerland) bei Temperaturen um 17-20 Grad, Sonne-Wolken-Mix und ein wenig Nieselregen, der ab 18.30 Uhr sich verst\u00e4rkte.<\/p>\n<p><strong>\u00dcbernachtungen: \u00a0<\/strong><\/p>\n<p>Wynham Aquamarin L\u00fcbeck (bis 31.05.2013 Best Western L\u00fcbeck) und Best Western Hotel Randers<\/p>\n<p><strong>Nun die Fotos:\u00a0<\/strong><\/p>\n<div id=\"attachment_1113\" style=\"width: 210px\" class=\"wp-caption alignleft\"><a href=\"http:\/\/woiczik.de\/wp-content\/uploads\/2013\/06\/Thors-Hammer_Djurs-Sommerland_B.jpg\"><img loading=\"lazy\" decoding=\"async\" aria-describedby=\"caption-attachment-1113\" class=\"size-medium wp-image-1113\" title=\"Thors-Hammer_Djurs-Sommerland_B\" src=\"http:\/\/woiczik.de\/wp-content\/uploads\/2013\/06\/Thors-Hammer_Djurs-Sommerland_B-200x300.jpg\" alt=\"\" width=\"200\" height=\"300\" srcset=\"http:\/\/woiczik.de\/wp-content\/uploads\/2013\/06\/Thors-Hammer_Djurs-Sommerland_B-200x300.jpg 200w, http:\/\/woiczik.de\/wp-content\/uploads\/2013\/06\/Thors-Hammer_Djurs-Sommerland_B.jpg 400w\" sizes=\"(max-width: 200px) 100vw, 200px\" \/><\/a><p id=\"caption-attachment-1113\" class=\"wp-caption-text\">Thors Hammer im wundersch\u00f6nen Djurs Sommerland<\/p><\/div>\n<p>&nbsp;<\/p>\n<p>&nbsp;<\/p>\n<p>&nbsp;<\/p>\n<p>&nbsp;<\/p>\n<p>&nbsp;<\/p>\n<p>&nbsp;<\/p>\n<p>&nbsp;<\/p>\n<p>&nbsp;<\/p>\n<p>&nbsp;<\/p>\n<div id=\"attachment_1114\" style=\"width: 310px\" class=\"wp-caption alignleft\"><a href=\"http:\/\/woiczik.de\/wp-content\/uploads\/2013\/06\/DJS_rutschebaner_400px.jpg\"><img loading=\"lazy\" decoding=\"async\" aria-describedby=\"caption-attachment-1114\" class=\"size-medium wp-image-1114\" title=\"DJS_rutschebaner_400px\" src=\"http:\/\/woiczik.de\/wp-content\/uploads\/2013\/06\/DJS_rutschebaner_400px-300x255.jpg\" alt=\"\" width=\"300\" height=\"255\" srcset=\"http:\/\/woiczik.de\/wp-content\/uploads\/2013\/06\/DJS_rutschebaner_400px-300x255.jpg 300w, http:\/\/woiczik.de\/wp-content\/uploads\/2013\/06\/DJS_rutschebaner_400px-352x300.jpg 352w, http:\/\/woiczik.de\/wp-content\/uploads\/2013\/06\/DJS_rutschebaner_400px.jpg 400w\" sizes=\"(max-width: 300px) 100vw, 300px\" \/><\/a><p id=\"caption-attachment-1114\" class=\"wp-caption-text\">Logo von Djurs Sommerland<\/p><\/div>\n<p><a href=\"http:\/\/woiczik.de\/wp-content\/uploads\/2013\/06\/piraten_01_thumb.jpg\"><img loading=\"lazy\" decoding=\"async\" class=\"size-medium wp-image-1115\" title=\"piraten_01_thumb\" src=\"http:\/\/woiczik.de\/wp-content\/uploads\/2013\/06\/piraten_01_thumb-300x200.jpg\" alt=\"\" width=\"300\" height=\"200\" srcset=\"http:\/\/woiczik.de\/wp-content\/uploads\/2013\/06\/piraten_01_thumb-300x200.jpg 300w, http:\/\/woiczik.de\/wp-content\/uploads\/2013\/06\/piraten_01_thumb.jpg 400w\" sizes=\"(max-width: 300px) 100vw, 300px\" \/><\/a><\/p>\n<p><a href=\"http:\/\/woiczik.de\/wp-content\/uploads\/2013\/06\/P1020316.jpg\"><img loading=\"lazy\" decoding=\"async\" class=\"size-medium wp-image-1116\" title=\"P1020316\" src=\"http:\/\/woiczik.de\/wp-content\/uploads\/2013\/06\/P1020316-300x225.jpg\" alt=\"\" width=\"300\" height=\"225\" srcset=\"http:\/\/woiczik.de\/wp-content\/uploads\/2013\/06\/P1020316-300x225.jpg 300w, http:\/\/woiczik.de\/wp-content\/uploads\/2013\/06\/P1020316-400x300.jpg 400w, http:\/\/woiczik.de\/wp-content\/uploads\/2013\/06\/P1020316.jpg 700w\" sizes=\"(max-width: 300px) 100vw, 300px\" \/><\/a><\/p>\n<p><a href=\"http:\/\/woiczik.de\/wp-content\/uploads\/2013\/06\/P1020371.jpg\"><img loading=\"lazy\" decoding=\"async\" class=\"size-medium wp-image-1117\" title=\"P1020371\" src=\"http:\/\/woiczik.de\/wp-content\/uploads\/2013\/06\/P1020371-300x225.jpg\" alt=\"\" width=\"300\" height=\"225\" srcset=\"http:\/\/woiczik.de\/wp-content\/uploads\/2013\/06\/P1020371-300x225.jpg 300w, http:\/\/woiczik.de\/wp-content\/uploads\/2013\/06\/P1020371-400x300.jpg 400w, http:\/\/woiczik.de\/wp-content\/uploads\/2013\/06\/P1020371.jpg 700w\" sizes=\"(max-width: 300px) 100vw, 300px\" \/><\/a><\/p>\n<p><a href=\"http:\/\/woiczik.de\/wp-content\/uploads\/2013\/06\/P1020589.jpg\"><img loading=\"lazy\" decoding=\"async\" class=\"size-medium wp-image-1118\" title=\"P1020589\" src=\"http:\/\/woiczik.de\/wp-content\/uploads\/2013\/06\/P1020589-300x225.jpg\" alt=\"\" width=\"300\" height=\"225\" srcset=\"http:\/\/woiczik.de\/wp-content\/uploads\/2013\/06\/P1020589-300x225.jpg 300w, http:\/\/woiczik.de\/wp-content\/uploads\/2013\/06\/P1020589-400x300.jpg 400w, http:\/\/woiczik.de\/wp-content\/uploads\/2013\/06\/P1020589.jpg 700w\" sizes=\"(max-width: 300px) 100vw, 300px\" \/><\/a><\/p>\n<div id=\"attachment_1123\" style=\"width: 310px\" class=\"wp-caption alignleft\"><a href=\"http:\/\/woiczik.de\/wp-content\/uploads\/2013\/06\/300px-Toronto_-_ON_-_Toronto_Harbourfront.jpg\"><img loading=\"lazy\" decoding=\"async\" aria-describedby=\"caption-attachment-1123\" class=\"size-full wp-image-1123\" title=\"300px-Toronto_-_ON_-_Toronto_Harbourfront\" src=\"http:\/\/woiczik.de\/wp-content\/uploads\/2013\/06\/300px-Toronto_-_ON_-_Toronto_Harbourfront.jpg\" alt=\"\" width=\"300\" height=\"236\" \/><\/a><p id=\"caption-attachment-1123\" class=\"wp-caption-text\">Coming soon: Sommer 2013 (Toronto)<\/p><\/div>\n","protected":false},"excerpt":{"rendered":"<p>Views: 656Zu Beginn der Sommerferien in Berlin nutzten wir zwei Urlaubstage f\u00fcr einen kurzen Mittsommertrip nach D\u00e4nemark, bevor wieder uns der berufliche Alltag im Griff hat. Tourdaten: Reisezeitraum: 20-23.06.2013 Tour-Strecke: Berlin-Sierksdorf-L\u00fcbeck-Billund-Randers-Djurs Sommerland-Randers-Verschnaufspause im Hansa Park (gute 2 Stunden)\u00a0und zur\u00fcck nach &hellip; <a href=\"http:\/\/woiczik.de\/?p=1084\">Weiterlesen <span class=\"meta-nav\">&rarr;<\/span><\/a><\/p>\n","protected":false},"author":1,"featured_media":0,"comment_status":"open","ping_status":"open","sticky":false,"template":"","format":"gallery","meta":{"footnotes":""},"categories":[4,7,5],"tags":[],"class_list":["post-1084","post","type-post","status-publish","format-gallery","hentry","category-freizeitparks","category-freizeitparks-in-europa","category-reisen","post_format-post-format-gallery"],"_links":{"self":[{"href":"http:\/\/woiczik.de\/index.php?rest_route=\/wp\/v2\/posts\/1084"}],"collection":[{"href":"http:\/\/woiczik.de\/index.php?rest_route=\/wp\/v2\/posts"}],"about":[{"href":"http:\/\/woiczik.de\/index.php?rest_route=\/wp\/v2\/types\/post"}],"author":[{"embeddable":true,"href":"http:\/\/woiczik.de\/index.php?rest_route=\/wp\/v2\/users\/1"}],"replies":[{"embeddable":true,"href":"http:\/\/woiczik.de\/index.php?rest_route=%2Fwp%2Fv2%2Fcomments&post=1084"}],"version-history":[{"count":12,"href":"http:\/\/woiczik.de\/index.php?rest_route=\/wp\/v2\/posts\/1084\/revisions"}],"predecessor-version":[{"id":5387,"href":"http:\/\/woiczik.de\/index.php?rest_route=\/wp\/v2\/posts\/1084\/revisions\/5387"}],"wp:attachment":[{"href":"http:\/\/woiczik.de\/index.php?rest_route=%2Fwp%2Fv2%2Fmedia&parent=1084"}],"wp:term":[{"taxonomy":"category","embeddable":true,"href":"http:\/\/woiczik.de\/index.php?rest_route=%2Fwp%2Fv2%2Fcategories&post=1084"},{"taxonomy":"post_tag","embeddable":true,"href":"http:\/\/woiczik.de\/index.php?rest_route=%2Fwp%2Fv2%2Ftags&post=1084"}],"curies":[{"name":"wp","href":"https:\/\/api.w.org\/{rel}","templated":true}]}}