{"id":2330,"date":"2015-07-28T22:35:52","date_gmt":"2015-07-28T20:35:52","guid":{"rendered":"http:\/\/woiczik.de\/?p=2330"},"modified":"2022-05-04T14:15:22","modified_gmt":"2022-05-04T12:15:22","slug":"disneyland-paris-im-juli-2015","status":"publish","type":"post","link":"http:\/\/woiczik.de\/?p=2330","title":{"rendered":"Disneyland Paris im Juli 2015"},"content":{"rendered":"<p>Views: 632<\/p><p><a href=\"http:\/\/woiczik.de\/wp-content\/uploads\/2015\/07\/IMG_1577.jpg\"><img loading=\"lazy\" decoding=\"async\" class=\"alignleft size-thumbnail wp-image-2331\" title=\"IMG_1577\" src=\"http:\/\/woiczik.de\/wp-content\/uploads\/2015\/07\/IMG_1577-150x150.jpg\" alt=\"\" width=\"150\" height=\"150\" \/><\/a>Mit Germanwings flogen wir um 6.55 Uhr vom Flughafen Tegel f\u00fcr vier Tage nach Paris. Dort ging es mit dem Magical Shuttle zum Ziel unserer Tr\u00e4ume, n\u00e4mlich zum Disneyland Paris. Bereits um 11.00 Uhr durften wir ins sehr sch\u00f6ne Disney-Hotelzimmer (Golden Forest Club im Hotel Sequoia Lodge) und darauf ging es bei Temperaturen \u00fcber 30 Grad und viel Sonne in die Walt Disney Studios.<\/p>\n<p>&nbsp;<\/p>\n<p><a href=\"http:\/\/woiczik.de\/wp-content\/uploads\/2015\/07\/P1130186.jpg\"><img loading=\"lazy\" decoding=\"async\" class=\"alignleft size-thumbnail wp-image-2332\" title=\"P1130186\" src=\"http:\/\/woiczik.de\/wp-content\/uploads\/2015\/07\/P1130186-150x150.jpg\" alt=\"\" width=\"150\" height=\"150\" \/><\/a>Dank der Hotel- Fastp\u00e4sse mussten wir nicht lange auf das Geniessen der erstklassigen Fahrattraktionen wie &#8222;Tower of Terror&#8220; und &#8220; Rattatouille&#8220; warten und verbrachten sehr sch\u00f6ne Stunden bis zum Abendessen um 18.00 Uhr im Hunters Grill dort. Abends besuchten wir noch bis 22.30 Uhr das Disneyland.<\/p>\n<p>&nbsp;<\/p>\n<p><a href=\"http:\/\/woiczik.de\/wp-content\/uploads\/2015\/07\/P1130145.jpg\"><img loading=\"lazy\" decoding=\"async\" class=\"alignleft size-thumbnail wp-image-2333\" title=\"P1130145\" src=\"http:\/\/woiczik.de\/wp-content\/uploads\/2015\/07\/P1130145-150x150.jpg\" alt=\"\" width=\"150\" height=\"150\" \/><\/a>An den n\u00e4chsten Tagen &#8222;hoppten&#8220; wir auch sehr oft zwischen den beiden Disneyparks hin und her. Ausf\u00fchrliche Berichte und \u00fcber 100 Fotos findet man im Rahmen einer Triologie auf\u00a0 http:\/\/www.freizeitpark-welt.de\/.Das Wetter war w\u00e4hrend der vier Tage durchwachsen bei 23-35 Grad. Wie immer in der Hauptsaison waren die Disneyparks sehr gut besucht.<\/p>\n<p>&nbsp;<\/p>\n<p><a href=\"http:\/\/woiczik.de\/wp-content\/uploads\/2015\/07\/IMG0040.jpg\"><img loading=\"lazy\" decoding=\"async\" class=\"alignleft size-thumbnail wp-image-2334\" title=\"IMG0040\" src=\"http:\/\/woiczik.de\/wp-content\/uploads\/2015\/07\/IMG0040-150x150.jpg\" alt=\"\" width=\"150\" height=\"150\" \/><\/a>Nat\u00fcrlich stand auch ein Trip in eine der sch\u00f6nsten St\u00e4dte der Welt, n\u00e4mlich Paris auf dem Programm. Mit einem Disney-Bus ging es f\u00fcr eine Tagestour in die Stadt an der Seine.<\/p>\n<p>&nbsp;<\/p>\n<p>&nbsp;<\/p>\n<p><a href=\"http:\/\/woiczik.de\/wp-content\/uploads\/2015\/07\/P1130172.jpg\"><img loading=\"lazy\" decoding=\"async\" class=\"alignleft size-thumbnail wp-image-2335\" title=\"P1130172\" src=\"http:\/\/woiczik.de\/wp-content\/uploads\/2015\/07\/P1130172-150x150.jpg\" alt=\"\" width=\"150\" height=\"150\" \/><\/a>Sportlich war ich nat\u00fcrlich auch aktiv und lief morgens gegen 6.30 Uhr drei Laufeinheiten und absolvierte im Disney-Fitnessstudio eine Krafttraining-Einheit. Im kommenden Herbst findet im Disneyland Paris der erste Disney-Halbmarathonlauf statt und mit einem leitenden Disney-Mitarbeiter lief ich zwei Mal Teile der Laufstrecke ab.<\/p>\n<p>&nbsp;<\/p>\n<p><a href=\"http:\/\/woiczik.de\/wp-content\/uploads\/2015\/07\/P1130095.jpg\"><img loading=\"lazy\" decoding=\"async\" class=\"alignleft size-thumbnail wp-image-2336\" title=\"P1130095\" src=\"http:\/\/woiczik.de\/wp-content\/uploads\/2015\/07\/P1130095-150x150.jpg\" alt=\"\" width=\"150\" height=\"150\" \/><\/a>In diesem Jahr waren wir bereits f\u00fcnf Mal im Hansa Park, drei Mal im Heide Park, im Freizeitpark Plohn und im Europa Park. In den kommenden Wochen geht es erneut nach Soltau, Plohn, nach f\u00fcnf Jahren mal wieder nach Belantis, nach Hamburg und Leipzig (Zoo), mit einigen Redaktionsmitgliedern von Freizeitpark-Welt.de nach Barcelona inkl. 4 Tage PortAventura, nach Efteling und in das Phantasialand.<\/p>\n","protected":false},"excerpt":{"rendered":"<p>Views: 632Mit Germanwings flogen wir um 6.55 Uhr vom Flughafen Tegel f\u00fcr vier Tage nach Paris. Dort ging es mit dem Magical Shuttle zum Ziel unserer Tr\u00e4ume, n\u00e4mlich zum Disneyland Paris. Bereits um 11.00 Uhr durften wir ins sehr sch\u00f6ne &hellip; <a href=\"http:\/\/woiczik.de\/?p=2330\">Weiterlesen <span class=\"meta-nav\">&rarr;<\/span><\/a><\/p>\n","protected":false},"author":1,"featured_media":0,"comment_status":"open","ping_status":"open","sticky":false,"template":"","format":"gallery","meta":{"footnotes":""},"categories":[7,5],"tags":[],"class_list":["post-2330","post","type-post","status-publish","format-gallery","hentry","category-freizeitparks-in-europa","category-reisen","post_format-post-format-gallery"],"_links":{"self":[{"href":"http:\/\/woiczik.de\/index.php?rest_route=\/wp\/v2\/posts\/2330"}],"collection":[{"href":"http:\/\/woiczik.de\/index.php?rest_route=\/wp\/v2\/posts"}],"about":[{"href":"http:\/\/woiczik.de\/index.php?rest_route=\/wp\/v2\/types\/post"}],"author":[{"embeddable":true,"href":"http:\/\/woiczik.de\/index.php?rest_route=\/wp\/v2\/users\/1"}],"replies":[{"embeddable":true,"href":"http:\/\/woiczik.de\/index.php?rest_route=%2Fwp%2Fv2%2Fcomments&post=2330"}],"version-history":[{"count":5,"href":"http:\/\/woiczik.de\/index.php?rest_route=\/wp\/v2\/posts\/2330\/revisions"}],"predecessor-version":[{"id":5496,"href":"http:\/\/woiczik.de\/index.php?rest_route=\/wp\/v2\/posts\/2330\/revisions\/5496"}],"wp:attachment":[{"href":"http:\/\/woiczik.de\/index.php?rest_route=%2Fwp%2Fv2%2Fmedia&parent=2330"}],"wp:term":[{"taxonomy":"category","embeddable":true,"href":"http:\/\/woiczik.de\/index.php?rest_route=%2Fwp%2Fv2%2Fcategories&post=2330"},{"taxonomy":"post_tag","embeddable":true,"href":"http:\/\/woiczik.de\/index.php?rest_route=%2Fwp%2Fv2%2Ftags&post=2330"}],"curies":[{"name":"wp","href":"https:\/\/api.w.org\/{rel}","templated":true}]}}