{"id":3296,"date":"2018-09-06T16:58:09","date_gmt":"2018-09-06T14:58:09","guid":{"rendered":"http:\/\/woiczik.de\/?p=3296"},"modified":"2022-05-05T07:36:45","modified_gmt":"2022-05-05T05:36:45","slug":"helene-fischer-ist-ein-phaenomen-unglaubliche-show-in-berlin-am-04-09","status":"publish","type":"post","link":"http:\/\/woiczik.de\/?p=3296","title":{"rendered":"Helene Fischer ist ein Ph\u00e4nomen-unglaubliche Show in Berlin am 04.09"},"content":{"rendered":"<p>Views: 806<\/p><div id=\"attachment_3297\" style=\"width: 310px\" class=\"wp-caption alignleft\"><a href=\"http:\/\/woiczik.de\/wp-content\/uploads\/2018\/09\/helene-fischer.jpg\"><img loading=\"lazy\" decoding=\"async\" aria-describedby=\"caption-attachment-3297\" class=\"size-medium wp-image-3297\" src=\"http:\/\/woiczik.de\/wp-content\/uploads\/2018\/09\/helene-fischer-300x150.jpg\" alt=\"\" width=\"300\" height=\"150\" srcset=\"http:\/\/woiczik.de\/wp-content\/uploads\/2018\/09\/helene-fischer-300x150.jpg 300w, http:\/\/woiczik.de\/wp-content\/uploads\/2018\/09\/helene-fischer-768x384.jpg 768w, http:\/\/woiczik.de\/wp-content\/uploads\/2018\/09\/helene-fischer-500x250.jpg 500w, http:\/\/woiczik.de\/wp-content\/uploads\/2018\/09\/helene-fischer.jpg 939w\" sizes=\"(max-width: 300px) 100vw, 300px\" \/><\/a><p id=\"caption-attachment-3297\" class=\"wp-caption-text\">Foto: dpa<\/p><\/div>\n<p class=\"selectionShareable\">Die Nachricht, Helene Fischer sei an einem Infekt erkrankt, kam im Februar, und entt\u00e4uschte vor allem jene Fans, die von weither anreisten. Jetzt wurde alles nachgeholt. Am Dienstagabend den 04.09.sollte Fischer f\u00fcr das erste ihrer Nachhol-Konzerte auf die B\u00fchne der Mercedes-Benz-Arena treten \u2013 und damit einen wahren Konzert-Marathon vor insgesamt 60.000 Besuchern beginnen. Vier weitere Termine folgten am Mittwoch, Freitag, Sonnabend und Sonntag.<\/p>\n<div id=\"attachment_3298\" style=\"width: 235px\" class=\"wp-caption alignleft\"><a href=\"http:\/\/woiczik.de\/wp-content\/uploads\/2018\/09\/IMG-20180905-WA0000.jpg\"><img loading=\"lazy\" decoding=\"async\" aria-describedby=\"caption-attachment-3298\" class=\"size-medium wp-image-3298\" src=\"http:\/\/woiczik.de\/wp-content\/uploads\/2018\/09\/IMG-20180905-WA0000-225x300.jpg\" alt=\"\" width=\"225\" height=\"300\" srcset=\"http:\/\/woiczik.de\/wp-content\/uploads\/2018\/09\/IMG-20180905-WA0000-225x300.jpg 225w, http:\/\/woiczik.de\/wp-content\/uploads\/2018\/09\/IMG-20180905-WA0000-768x1024.jpg 768w, http:\/\/woiczik.de\/wp-content\/uploads\/2018\/09\/IMG-20180905-WA0000.jpg 1200w\" sizes=\"(max-width: 225px) 100vw, 225px\" \/><\/a><p id=\"caption-attachment-3298\" class=\"wp-caption-text\">Foto: Steffen Woiczik<\/p><\/div>\n<p>Mein Sohn fuhr mit mir um 18.00 Uhr zum Konzert mit seinem Auto los, um 18.45 Uhr der erste Schock. Alle Parkpl\u00e4tze in den beiden Parkh\u00e4usern waren voll, dass passierte mir bislang bei meinen 78 Aufenthalten in der Arena am Ostbahnhof noch nie. Gegen\u00fcber der Arena, &#8222;nur&#8220; durch die S-und Fernbahnschienen getrennt, fanden wir nach 1,7 km einen kostenlosen Parkplatz. Ohne Versp\u00e4tung um 20.00 Uhr erst\u00fcrmte Fischer bei der Auftaktshow die B\u00fchne der ausverkauften Halle. <strong>Schon die Er\u00f6ffnung setzt Ma\u00dfst\u00e4be<\/strong>: Zu \u201eNur mit dir\u201c wirbelt sie wie eine Luftartistin durch den B\u00fchnenhimmel, als h\u00e4tte sie nie etwas anderes gemacht. Zu \u201ePh\u00e4nomen\u201c trommelt sie wie eine G\u00f6ttin. Schon nach den ersten Titeln fragt man sich: Gibt es etwas, was diese Frau nicht kann?<\/p>\n<div id=\"attachment_3299\" style=\"width: 179px\" class=\"wp-caption alignleft\"><a href=\"http:\/\/woiczik.de\/wp-content\/uploads\/2018\/09\/IMG-20180905-WA0003.jpg\"><img loading=\"lazy\" decoding=\"async\" aria-describedby=\"caption-attachment-3299\" class=\"size-medium wp-image-3299\" src=\"http:\/\/woiczik.de\/wp-content\/uploads\/2018\/09\/IMG-20180905-WA0003-169x300.jpg\" alt=\"\" width=\"169\" height=\"300\" srcset=\"http:\/\/woiczik.de\/wp-content\/uploads\/2018\/09\/IMG-20180905-WA0003-169x300.jpg 169w, http:\/\/woiczik.de\/wp-content\/uploads\/2018\/09\/IMG-20180905-WA0003-576x1024.jpg 576w, http:\/\/woiczik.de\/wp-content\/uploads\/2018\/09\/IMG-20180905-WA0003.jpg 750w\" sizes=\"(max-width: 169px) 100vw, 169px\" \/><\/a><p id=\"caption-attachment-3299\" class=\"wp-caption-text\">Foto: Steffen Woiczik<\/p><\/div>\n<p class=\"selectionShareable\">Sie wisse genau, wie viel den Besuchern dieser Abend bedeutet, sagt sie zur Begr\u00fc\u00dfung. \u201eIn dieser Woche im Februar ist f\u00fcr mich eine Welt zusammengebrochen.\u201c Nun wolle sie daf\u00fcr alles geben. \u201eLasst alles raus!\u201c. Sie tut es &#8211; mit ihren gro\u00dfen Hits, aber auch gro\u00dfer Show-Kunst. Nebel, perfektes Licht, spektakul\u00e4re Tanzszenen mit 20 T\u00e4nzern. Und: Nicht nur musikalisch, auch akrobatisch legte der Schlager-Star los. <strong>Die Tour wird von Artisten einer Abteilung des ber\u00fchmten \u201eCirque du Soleil\u201c begleitet<\/strong> \u2013 und Fischer vollf\u00fchrt selbst Kunstst\u00fccke, bei denen andere wohl \u201eAtemlos\u201c w\u00e4ren. Und immer wieder setzt Fischer noch einen drauf: Als sie sich zu einem Medley von einem XXL-Laufsteg \u00fcber die K\u00f6pfe der Zuschauer tragen l\u00e4sst und den Fans ganz nah kommt, kocht der Kessel. Der Steg bringt sie zu einer fliegenden Plattform, gestaltet wie ein Ufo. Sie singt Balladen, verschwindet im Saalhimmel, steht aber gleich wieder auf der B\u00fchne und schmettert ihr \u201eHerzbeben\u201c, w\u00e4hrend sich die Cirque-Kollegen lasziv in und an einem gro\u00dfen Metallger\u00fcst r\u00e4keln. Dann geht Helene mit einem Artisten zum Turnen in die Luft, ungesichert, dem Publikum stockt der Atem.<\/p>\n<h3>W<strong>er diese Show nicht bejubelt, ist selbst schuld<\/strong><\/h3>\n<div id=\"attachment_3300\" style=\"width: 235px\" class=\"wp-caption alignleft\"><a href=\"http:\/\/woiczik.de\/wp-content\/uploads\/2018\/09\/IMG-20180905-WA0002.jpg\"><img loading=\"lazy\" decoding=\"async\" aria-describedby=\"caption-attachment-3300\" class=\"size-medium wp-image-3300\" src=\"http:\/\/woiczik.de\/wp-content\/uploads\/2018\/09\/IMG-20180905-WA0002-225x300.jpg\" alt=\"\" width=\"225\" height=\"300\" srcset=\"http:\/\/woiczik.de\/wp-content\/uploads\/2018\/09\/IMG-20180905-WA0002-225x300.jpg 225w, http:\/\/woiczik.de\/wp-content\/uploads\/2018\/09\/IMG-20180905-WA0002-768x1024.jpg 768w, http:\/\/woiczik.de\/wp-content\/uploads\/2018\/09\/IMG-20180905-WA0002.jpg 1200w\" sizes=\"(max-width: 225px) 100vw, 225px\" \/><\/a><p id=\"caption-attachment-3300\" class=\"wp-caption-text\">Foto: Steffen Woiczik<\/p><\/div>\n<p class=\"selectionShareable\">Jubel hingegen, als die S\u00e4ngerin kurz politisch wird: Sie habe w\u00e4hrend der vergangenen Tage die Lage in Sachsen verfolgt, wolle ihren Song \u201eWir brechen das Schweigen\u201c der Toleranz und dem Kampf gegen Fremdenhass widmen. Danach wird wieder gefeiert &#8211; bis Helene ihre Fans mit Konfetti, Feuerwerk und ihrem Mega-Hit \u201eAtemlos\u201c in die Nacht entl\u00e4sst, verschwitzt, fasziniert und gl\u00fccklich. <strong>Die Essenz des Abends bleibt: Man muss die Musik nicht m\u00f6gen &#8211; aber wer diese Show nicht bejubelt, ist selbst schuld.<\/strong> Mit ihrer Inszenierung macht sich die Schlager-K\u00f6nigin vollends zur Schlager-G\u00f6ttin. \u201eWir wollen den Fans einfach einen sch\u00f6nen, ja vielleicht unvergesslichen Abend bereiten\u201c, sagt sie. In Berlin ist das gelungen.<\/p>\n<p class=\"selectionShareable\">Meinen Sohn gefiel das Konzert sehr gut. <strong>Nach Katie Perry, Depeche Mode und Ed Sheeran war das Helene Konzert unser viertes Konzert in diesem Jahr<\/strong>. Alle vier Konzerte waren sehr gut, aber Helenens Konzert war das atemberaubenste, was ich in den letzten Jahren bei Konzerten so gesehen habe.<\/p>\n<p>Danke Helene<\/p>\n<p>Das Konzert dauerte mit Pause 3 1\/2 Stunden, so dass wir um 0.30 Uhr wieder in Buckow eintrafen.<\/p>\n<p>Ein toller Abend.<\/p>\n","protected":false},"excerpt":{"rendered":"<p>Views: 806Die Nachricht, Helene Fischer sei an einem Infekt erkrankt, kam im Februar, und entt\u00e4uschte vor allem jene Fans, die von weither anreisten. Jetzt wurde alles nachgeholt. Am Dienstagabend den 04.09.sollte Fischer f\u00fcr das erste ihrer Nachhol-Konzerte auf die B\u00fchne &hellip; <a href=\"http:\/\/woiczik.de\/?p=3296\">Weiterlesen <span class=\"meta-nav\">&rarr;<\/span><\/a><\/p>\n","protected":false},"author":1,"featured_media":0,"comment_status":"open","ping_status":"open","sticky":false,"template":"","format":"gallery","meta":{"footnotes":""},"categories":[1],"tags":[],"class_list":["post-3296","post","type-post","status-publish","format-gallery","hentry","category-allgemein","post_format-post-format-gallery"],"_links":{"self":[{"href":"http:\/\/woiczik.de\/index.php?rest_route=\/wp\/v2\/posts\/3296"}],"collection":[{"href":"http:\/\/woiczik.de\/index.php?rest_route=\/wp\/v2\/posts"}],"about":[{"href":"http:\/\/woiczik.de\/index.php?rest_route=\/wp\/v2\/types\/post"}],"author":[{"embeddable":true,"href":"http:\/\/woiczik.de\/index.php?rest_route=\/wp\/v2\/users\/1"}],"replies":[{"embeddable":true,"href":"http:\/\/woiczik.de\/index.php?rest_route=%2Fwp%2Fv2%2Fcomments&post=3296"}],"version-history":[{"count":1,"href":"http:\/\/woiczik.de\/index.php?rest_route=\/wp\/v2\/posts\/3296\/revisions"}],"predecessor-version":[{"id":3301,"href":"http:\/\/woiczik.de\/index.php?rest_route=\/wp\/v2\/posts\/3296\/revisions\/3301"}],"wp:attachment":[{"href":"http:\/\/woiczik.de\/index.php?rest_route=%2Fwp%2Fv2%2Fmedia&parent=3296"}],"wp:term":[{"taxonomy":"category","embeddable":true,"href":"http:\/\/woiczik.de\/index.php?rest_route=%2Fwp%2Fv2%2Fcategories&post=3296"},{"taxonomy":"post_tag","embeddable":true,"href":"http:\/\/woiczik.de\/index.php?rest_route=%2Fwp%2Fv2%2Ftags&post=3296"}],"curies":[{"name":"wp","href":"https:\/\/api.w.org\/{rel}","templated":true}]}}