{"id":3302,"date":"2018-09-11T08:39:38","date_gmt":"2018-09-11T06:39:38","guid":{"rendered":"http:\/\/woiczik.de\/?p=3302"},"modified":"2023-07-20T13:39:02","modified_gmt":"2023-07-20T11:39:02","slug":"3434-teilnehmer-beim-wolfsburg-marathon-am-09-09-2018","status":"publish","type":"post","link":"http:\/\/woiczik.de\/?p=3302","title":{"rendered":"3434 Teilnehmer beim Wolfsburg Marathon am 09.09.2018"},"content":{"rendered":"<p>Views: 868<\/p><div id=\"attachment_3303\" style=\"width: 179px\" class=\"wp-caption alignleft\"><a href=\"http:\/\/woiczik.de\/wp-content\/uploads\/2018\/09\/P1080167.jpg\"><img loading=\"lazy\" decoding=\"async\" aria-describedby=\"caption-attachment-3303\" class=\"size-medium wp-image-3303\" src=\"http:\/\/woiczik.de\/wp-content\/uploads\/2018\/09\/P1080167-169x300.jpg\" alt=\"\" width=\"169\" height=\"300\" srcset=\"http:\/\/woiczik.de\/wp-content\/uploads\/2018\/09\/P1080167-169x300.jpg 169w, http:\/\/woiczik.de\/wp-content\/uploads\/2018\/09\/P1080167-768x1365.jpg 768w, http:\/\/woiczik.de\/wp-content\/uploads\/2018\/09\/P1080167-576x1024.jpg 576w\" sizes=\"(max-width: 169px) 100vw, 169px\" \/><\/a><p id=\"caption-attachment-3303\" class=\"wp-caption-text\">Kurz vor dem Start zum 10er<\/p><\/div>\n<p>Um Punkt 10:00 Uhr fiel bei 20 Grad und viel Sonne im Zentrum Wolfsburgs der erste Startschuss des Tages. <strong>\u00dcber 3.400 L\u00e4ufer waren nach Wolfsburg gekommen<\/strong> um \u00fcber f\u00fcnf oder zehn Kilometer bzw. im Marathon oder Halbmarathon ihr K\u00f6nnen zu zeigen. Die Marathonl\u00e4ufer machten dabei den Anfang. 20 Minuten sp\u00e4ter folgten die 5-Kilometer-L\u00e4ufer, weitere zehn Minuten sp\u00e4ter die Halbmarathon-L\u00e4ufer. F\u00fcr die Teilnehmer der beiden l\u00e4ngsten angebotenen Distanzen ging es auf einem 21,1 Kilometer langen Rundkurs vorbei am Planetarium, an der Autostadt, am VW Werk sowie an der Volkswagen Arena, der Heimat der Fu\u00dfballer des VfL Wolfsburg. Danach f\u00fchrte die Strecke die L\u00e4ufer zum Schloss und am Allersee entlang. Kurz vor Ende der Runde wurde das VW Bad passiert und am Schillerteich entlang gelaufen.<\/p>\n<p>&nbsp;<\/p>\n<p>W\u00e4hrend sich die Halbmarathon-L\u00e4ufer nach einer Runde auf den Zieleinlauf freuen durften, gingen die Marathonl\u00e4ufer auf Runde zwei. Das erst um 13:30 Uhr, bei 23 Grad und 100iger Sonneneinstrahlung und mit 800 Teilnehmern gestartete <strong>10-Kilometer-Rennen<\/strong> gewannen Bj\u00f6rn Timmerman (VfL Wolfsburg, 33:56 Minuten) und Katharina Stark (TuS Blau-Wei\u00df Lohne, 38:53 Minuten). Zweite wurden Daniel Wienbreier (VfL Wolfsburg, 34:01 Minuten) und Annett Schoeder (Landessparkasse, 45:55 Minuten, mit der ich von km 2 bis km 6 zusammen lief), Dritte Louis Hellmuth (ULV Wolfsburg, 34:11 Minuten) und Mira Loosen (45:59 Minuten).<\/p>\n<p><strong>Wie lief es bei mir?<\/strong><\/p>\n<div id=\"attachment_3304\" style=\"width: 310px\" class=\"wp-caption alignleft\"><a href=\"http:\/\/woiczik.de\/wp-content\/uploads\/2018\/09\/P1080170.jpg\"><img loading=\"lazy\" decoding=\"async\" aria-describedby=\"caption-attachment-3304\" class=\"size-medium wp-image-3304\" src=\"http:\/\/woiczik.de\/wp-content\/uploads\/2018\/09\/P1080170-300x169.jpg\" alt=\"\" width=\"300\" height=\"169\" srcset=\"http:\/\/woiczik.de\/wp-content\/uploads\/2018\/09\/P1080170-300x169.jpg 300w, http:\/\/woiczik.de\/wp-content\/uploads\/2018\/09\/P1080170-768x432.jpg 768w, http:\/\/woiczik.de\/wp-content\/uploads\/2018\/09\/P1080170-1024x576.jpg 1024w, http:\/\/woiczik.de\/wp-content\/uploads\/2018\/09\/P1080170-500x281.jpg 500w\" sizes=\"(max-width: 300px) 100vw, 300px\" \/><\/a><p id=\"caption-attachment-3304\" class=\"wp-caption-text\">Auf der Strecke<\/p><\/div>\n<p>Eigentlich sollte diese Veranstaltung, mit dem Start am Halbmarathon, mein Herbst-Highlight werden. <strong>Aber durch die mehr als dreiw\u00f6chige Trainingspause (Ischiasnerv) von Ende Juni bis Mitte Juli\u00a0<\/strong>und nachfolgendem stark eingeschr\u00e4nkten Trainingspensum mu\u00dfte ich einen hei\u00df ersehnten Start beim &#8222;Wolfsburg Halbmarathon&#8220; absagen und mich auf 10 km umschreiben lassen.<\/p>\n<p>&nbsp;<\/p>\n<div id=\"attachment_3305\" style=\"width: 310px\" class=\"wp-caption alignleft\"><a href=\"http:\/\/woiczik.de\/wp-content\/uploads\/2018\/09\/P1080177.jpg\"><img loading=\"lazy\" decoding=\"async\" aria-describedby=\"caption-attachment-3305\" class=\"size-medium wp-image-3305\" src=\"http:\/\/woiczik.de\/wp-content\/uploads\/2018\/09\/P1080177-300x169.jpg\" alt=\"\" width=\"300\" height=\"169\" srcset=\"http:\/\/woiczik.de\/wp-content\/uploads\/2018\/09\/P1080177-300x169.jpg 300w, http:\/\/woiczik.de\/wp-content\/uploads\/2018\/09\/P1080177-768x432.jpg 768w, http:\/\/woiczik.de\/wp-content\/uploads\/2018\/09\/P1080177-1024x576.jpg 1024w, http:\/\/woiczik.de\/wp-content\/uploads\/2018\/09\/P1080177-500x281.jpg 500w, http:\/\/woiczik.de\/wp-content\/uploads\/2018\/09\/P1080177.jpg 1920w\" sizes=\"(max-width: 300px) 100vw, 300px\" \/><\/a><p id=\"caption-attachment-3305\" class=\"wp-caption-text\">Fotos: Claudia Woiczik<\/p><\/div>\n<p>Ungl\u00fccklicherweise fing ich mir 10 Tage vor dem Lauf in Wolfsburg noch einen Infekt ein, der mich auch noch stark schw\u00e4chte und mich 4 Tage nicht Sport treiben lie\u00df. Des gro\u00dfen Trainingsr\u00fcckstands bewu\u00dft hatte ich mir auch im Kopf klar gemacht, dass es in diesem Wettkampf nur um das &#8222;Ankommen&#8220; geht.<\/p>\n<p>&nbsp;<\/p>\n<p>&nbsp;<\/p>\n<div id=\"attachment_3306\" style=\"width: 310px\" class=\"wp-caption alignleft\"><a href=\"http:\/\/woiczik.de\/wp-content\/uploads\/2018\/09\/P1080169.jpg\"><img loading=\"lazy\" decoding=\"async\" aria-describedby=\"caption-attachment-3306\" class=\"size-medium wp-image-3306\" src=\"http:\/\/woiczik.de\/wp-content\/uploads\/2018\/09\/P1080169-300x169.jpg\" alt=\"\" width=\"300\" height=\"169\" srcset=\"http:\/\/woiczik.de\/wp-content\/uploads\/2018\/09\/P1080169-300x169.jpg 300w, http:\/\/woiczik.de\/wp-content\/uploads\/2018\/09\/P1080169-768x432.jpg 768w, http:\/\/woiczik.de\/wp-content\/uploads\/2018\/09\/P1080169-1024x576.jpg 1024w, http:\/\/woiczik.de\/wp-content\/uploads\/2018\/09\/P1080169-500x281.jpg 500w\" sizes=\"(max-width: 300px) 100vw, 300px\" \/><\/a><p id=\"caption-attachment-3306\" class=\"wp-caption-text\">Kurz vor dem Ziel<\/p><\/div>\n<p><strong>Den ersten Kilometer durchlief ich in 4:17 min.<\/strong> Mir war es schon jetzt zu warm und\u00a0 auch auch der zweite Kilometer mit 4:15 min. war flotter als eigentlich gewollt. Den dritten und vierten KIlometer konnte ich wieder im &#8222;diesj\u00e4hrigen Lauftempo&#8220; von 4:25 und 4:27 Minuten absolvieren.<\/p>\n<p>&nbsp;<\/p>\n<p>&nbsp;<\/p>\n<p><a href=\"http:\/\/woiczik.de\/wp-content\/uploads\/2018\/09\/P1080171.jpg\"><img loading=\"lazy\" decoding=\"async\" class=\"alignleft size-medium wp-image-3307\" src=\"http:\/\/woiczik.de\/wp-content\/uploads\/2018\/09\/P1080171-300x169.jpg\" alt=\"\" width=\"300\" height=\"169\" srcset=\"http:\/\/woiczik.de\/wp-content\/uploads\/2018\/09\/P1080171-300x169.jpg 300w, http:\/\/woiczik.de\/wp-content\/uploads\/2018\/09\/P1080171-768x432.jpg 768w, http:\/\/woiczik.de\/wp-content\/uploads\/2018\/09\/P1080171-1024x576.jpg 1024w, http:\/\/woiczik.de\/wp-content\/uploads\/2018\/09\/P1080171-500x281.jpg 500w\" sizes=\"(max-width: 300px) 100vw, 300px\" \/><\/a>Zusammen mit der sp\u00e4ter zweitplatzierten Frau konnte ich auch den <strong>f\u00fcnften Kilometer (22:01 Minuten-Netto-Brutto: 22:10-Platz 30 in der Gesamtwertung bei km 5)<\/strong> gut durchlaufen, aber mir war ja klar, dass ich bis Kilometer 5 sicher gut und flott kommen werde und es dann <strong>eng wird. Und so war es auch.\u00a0<\/strong> Zur 6 km Marke lief es schon mit 4:42 Minuten einiges schwerer und <strong>was dann folgte war schon heftig<\/strong>.\u00a0<strong> \u00a0 \u00a0<\/strong><\/p>\n<p>&nbsp;<\/p>\n<div id=\"attachment_3308\" style=\"width: 310px\" class=\"wp-caption alignleft\"><a href=\"http:\/\/woiczik.de\/wp-content\/uploads\/2018\/09\/P1080172.jpg\"><img loading=\"lazy\" decoding=\"async\" aria-describedby=\"caption-attachment-3308\" class=\"size-medium wp-image-3308\" src=\"http:\/\/woiczik.de\/wp-content\/uploads\/2018\/09\/P1080172-300x169.jpg\" alt=\"\" width=\"300\" height=\"169\" srcset=\"http:\/\/woiczik.de\/wp-content\/uploads\/2018\/09\/P1080172-300x169.jpg 300w, http:\/\/woiczik.de\/wp-content\/uploads\/2018\/09\/P1080172-768x432.jpg 768w, http:\/\/woiczik.de\/wp-content\/uploads\/2018\/09\/P1080172-1024x576.jpg 1024w, http:\/\/woiczik.de\/wp-content\/uploads\/2018\/09\/P1080172-500x281.jpg 500w\" sizes=\"(max-width: 300px) 100vw, 300px\" \/><\/a><p id=\"caption-attachment-3308\" class=\"wp-caption-text\">Die Qual ist gleich geschafft<\/p><\/div>\n<p>Auf der zweiten Laufrunde verlor ich 2 1\/2 Minuten!!!!! und kam dennoch zufrieden als <strong>Gesamt 43 und auf Platz 5 in der M50<\/strong> in 46:50 Minuten ins Ziel. Vom Ziel ging es dann wieder die 1,5 km zur\u00fcck zum sch\u00f6nen Innside Hotel zur\u00fcck, wo schon die warme Dusche auf mich wartete.<\/p>\n<p>&nbsp;<\/p>\n<p>&nbsp;<\/p>\n<p><strong>Wie fand ich diese Laufveranstaltung?<\/strong><\/p>\n<div id=\"attachment_3309\" style=\"width: 310px\" class=\"wp-caption alignleft\"><a href=\"http:\/\/woiczik.de\/wp-content\/uploads\/2018\/09\/P1070960.jpg\"><img loading=\"lazy\" decoding=\"async\" aria-describedby=\"caption-attachment-3309\" class=\"size-medium wp-image-3309\" src=\"http:\/\/woiczik.de\/wp-content\/uploads\/2018\/09\/P1070960-300x169.jpg\" alt=\"\" width=\"300\" height=\"169\" srcset=\"http:\/\/woiczik.de\/wp-content\/uploads\/2018\/09\/P1070960-300x169.jpg 300w, http:\/\/woiczik.de\/wp-content\/uploads\/2018\/09\/P1070960-768x432.jpg 768w, http:\/\/woiczik.de\/wp-content\/uploads\/2018\/09\/P1070960-1024x576.jpg 1024w, http:\/\/woiczik.de\/wp-content\/uploads\/2018\/09\/P1070960-500x281.jpg 500w\" sizes=\"(max-width: 300px) 100vw, 300px\" \/><\/a><p id=\"caption-attachment-3309\" class=\"wp-caption-text\">Der 1,3 Mio. Euro teure Bugatti in der Autostadt Wolfsburg<\/p><\/div>\n<p>Eigentlich bietet der &#8222;Hexad Wolfsburg Marathon&#8220; ein tolles Veranstaltungspaket. Da wir bereits am Freitag nach der Arbeit nach Wolfsburg mit dem ICE angereist sind, konnten wir es auch fast vollst\u00e4ndig genie\u00dfen. Tickets f\u00fcr die Autostadt Wolfsburg waren im\u00a0 Veranstaltungspaket inkl., die Pasta-Party in der VIP Lounge der VW Arena ist schon ein erstklassiges Erlebnis gewesen.<\/p>\n<p>&nbsp;<\/p>\n<div id=\"attachment_3311\" style=\"width: 310px\" class=\"wp-caption alignleft\"><a href=\"http:\/\/woiczik.de\/wp-content\/uploads\/2018\/09\/P1080153.jpg\"><img loading=\"lazy\" decoding=\"async\" aria-describedby=\"caption-attachment-3311\" class=\"size-medium wp-image-3311\" src=\"http:\/\/woiczik.de\/wp-content\/uploads\/2018\/09\/P1080153-300x169.jpg\" alt=\"\" width=\"300\" height=\"169\" srcset=\"http:\/\/woiczik.de\/wp-content\/uploads\/2018\/09\/P1080153-300x169.jpg 300w, http:\/\/woiczik.de\/wp-content\/uploads\/2018\/09\/P1080153-768x432.jpg 768w, http:\/\/woiczik.de\/wp-content\/uploads\/2018\/09\/P1080153-1024x576.jpg 1024w, http:\/\/woiczik.de\/wp-content\/uploads\/2018\/09\/P1080153-500x281.jpg 500w\" sizes=\"(max-width: 300px) 100vw, 300px\" \/><\/a><p id=\"caption-attachment-3311\" class=\"wp-caption-text\">In der VW Arena<\/p><\/div>\n<p>Die Laufstrecken sind f\u00fcr einen solchen relativ kleinen Marathon ohne internationale Topl\u00e4ufer au\u00dfergew\u00f6hnlich toll und interessant. Au\u00dferdem gibt es ausreichend Verpflegung auf der Strecke. <strong>Eigentlich konnte alles so mit dem Lob weitergehen, aber &#8230;.<\/strong><\/p>\n<p>&nbsp;<\/p>\n<p>&nbsp;<\/p>\n<div id=\"attachment_3312\" style=\"width: 310px\" class=\"wp-caption alignleft\"><a href=\"http:\/\/woiczik.de\/wp-content\/uploads\/2018\/09\/P1080139.jpg\"><img loading=\"lazy\" decoding=\"async\" aria-describedby=\"caption-attachment-3312\" class=\"size-medium wp-image-3312\" src=\"http:\/\/woiczik.de\/wp-content\/uploads\/2018\/09\/P1080139-300x169.jpg\" alt=\"\" width=\"300\" height=\"169\" srcset=\"http:\/\/woiczik.de\/wp-content\/uploads\/2018\/09\/P1080139-300x169.jpg 300w, http:\/\/woiczik.de\/wp-content\/uploads\/2018\/09\/P1080139-768x432.jpg 768w, http:\/\/woiczik.de\/wp-content\/uploads\/2018\/09\/P1080139-1024x576.jpg 1024w, http:\/\/woiczik.de\/wp-content\/uploads\/2018\/09\/P1080139-500x281.jpg 500w\" sizes=\"(max-width: 300px) 100vw, 300px\" \/><\/a><p id=\"caption-attachment-3312\" class=\"wp-caption-text\">Auch die VW Arena wird durchlaufen<\/p><\/div>\n<p>warum werden im Sommer die Laufwettbewerbe erst um 10.00 Uhr, 10.30 Uhr und 13.30 Uhr gestartet? Nicht nur in diesem Jahr lagen die Temperaturen in den jeweiligen Startzeiten schon zwischen 18 und 23 Grad, was f\u00fcr Langstreckenl\u00e4ufe eindeutig zu warm ist. Warum l\u00e4sst man nicht die Marathon- und Halbmarathonl\u00e4ufer zusammen um 9.00 Uhr starten und um 9.30 Uhr die 5er und 10 km L\u00e4ufer(innen)?. Au\u00dferdem ist es mir unklar, warum die 5er und 10er Finisher keine Medaillien im Ziel erhalten?<\/p>\n<p>&nbsp;<\/p>\n<div id=\"attachment_3313\" style=\"width: 310px\" class=\"wp-caption alignleft\"><a href=\"http:\/\/woiczik.de\/wp-content\/uploads\/2018\/09\/P1080008.jpg\"><img loading=\"lazy\" decoding=\"async\" aria-describedby=\"caption-attachment-3313\" class=\"size-medium wp-image-3313\" src=\"http:\/\/woiczik.de\/wp-content\/uploads\/2018\/09\/P1080008-300x169.jpg\" alt=\"\" width=\"300\" height=\"169\" srcset=\"http:\/\/woiczik.de\/wp-content\/uploads\/2018\/09\/P1080008-300x169.jpg 300w, http:\/\/woiczik.de\/wp-content\/uploads\/2018\/09\/P1080008-768x432.jpg 768w, http:\/\/woiczik.de\/wp-content\/uploads\/2018\/09\/P1080008-1024x576.jpg 1024w, http:\/\/woiczik.de\/wp-content\/uploads\/2018\/09\/P1080008-500x281.jpg 500w\" sizes=\"(max-width: 300px) 100vw, 300px\" \/><\/a><p id=\"caption-attachment-3313\" class=\"wp-caption-text\">Der Aufenthalt in Wolfsburg war sehr sch\u00f6n<\/p><\/div>\n<p>Dennoch hat mir die Laufveranstaltung sehr gut gefallen und vielleicht komme ich in den kommenden Jahren wieder f\u00fcr ein L\u00e4ufchen nach Wolfsburg? Nun werde ich noch bei den 5er Meisterschaften am 23.09 und beim 10er drei Wochen sp\u00e4ter laufen.<\/p>\n<p>&nbsp;<\/p>\n<p>&nbsp;<\/p>\n<p>Wenn es der K\u00f6rper zu l\u00e4sst, werde ich nun wieder langsam versuchen den Trainingsumfang auf Umf\u00e4nge \u00fcber 50 km zu steigern und dann 2019 wieder versuchen an die Wettkampfergebnisse von 2016 und 2017 an zu kn\u00fcpfen.<\/p>\n","protected":false},"excerpt":{"rendered":"<p>Views: 868Um Punkt 10:00 Uhr fiel bei 20 Grad und viel Sonne im Zentrum Wolfsburgs der erste Startschuss des Tages. \u00dcber 3.400 L\u00e4ufer waren nach Wolfsburg gekommen um \u00fcber f\u00fcnf oder zehn Kilometer bzw. im Marathon oder Halbmarathon ihr K\u00f6nnen &hellip; <a href=\"http:\/\/woiczik.de\/?p=3302\">Weiterlesen <span class=\"meta-nav\">&rarr;<\/span><\/a><\/p>\n","protected":false},"author":1,"featured_media":0,"comment_status":"open","ping_status":"open","sticky":false,"template":"","format":"gallery","meta":{"footnotes":""},"categories":[3],"tags":[],"class_list":["post-3302","post","type-post","status-publish","format-gallery","hentry","category-sport","post_format-post-format-gallery"],"_links":{"self":[{"href":"http:\/\/woiczik.de\/index.php?rest_route=\/wp\/v2\/posts\/3302"}],"collection":[{"href":"http:\/\/woiczik.de\/index.php?rest_route=\/wp\/v2\/posts"}],"about":[{"href":"http:\/\/woiczik.de\/index.php?rest_route=\/wp\/v2\/types\/post"}],"author":[{"embeddable":true,"href":"http:\/\/woiczik.de\/index.php?rest_route=\/wp\/v2\/users\/1"}],"replies":[{"embeddable":true,"href":"http:\/\/woiczik.de\/index.php?rest_route=%2Fwp%2Fv2%2Fcomments&post=3302"}],"version-history":[{"count":3,"href":"http:\/\/woiczik.de\/index.php?rest_route=\/wp\/v2\/posts\/3302\/revisions"}],"predecessor-version":[{"id":6668,"href":"http:\/\/woiczik.de\/index.php?rest_route=\/wp\/v2\/posts\/3302\/revisions\/6668"}],"wp:attachment":[{"href":"http:\/\/woiczik.de\/index.php?rest_route=%2Fwp%2Fv2%2Fmedia&parent=3302"}],"wp:term":[{"taxonomy":"category","embeddable":true,"href":"http:\/\/woiczik.de\/index.php?rest_route=%2Fwp%2Fv2%2Fcategories&post=3302"},{"taxonomy":"post_tag","embeddable":true,"href":"http:\/\/woiczik.de\/index.php?rest_route=%2Fwp%2Fv2%2Ftags&post=3302"}],"curies":[{"name":"wp","href":"https:\/\/api.w.org\/{rel}","templated":true}]}}