{"id":3316,"date":"2018-09-23T17:44:42","date_gmt":"2018-09-23T15:44:42","guid":{"rendered":"http:\/\/woiczik.de\/?p=3316"},"modified":"2022-05-05T07:35:15","modified_gmt":"2022-05-05T05:35:15","slug":"6-intersport-olympia-lauf-am-23-09-2018-mit-5-km-landesmeisterschaften","status":"publish","type":"post","link":"http:\/\/woiczik.de\/?p=3316","title":{"rendered":"6. Intersport Olympia Lauf am 23.09.2018 mit 5 km Landesmeisterschaften"},"content":{"rendered":"<p>Views: 928<\/p><p><a href=\"http:\/\/woiczik.de\/wp-content\/uploads\/2018\/09\/iol_lauf2018_990x495_facebook_1.jpeg\"><img loading=\"lazy\" decoding=\"async\" class=\"alignleft size-medium wp-image-3317\" src=\"http:\/\/woiczik.de\/wp-content\/uploads\/2018\/09\/iol_lauf2018_990x495_facebook_1-300x150.jpeg\" alt=\"\" width=\"300\" height=\"150\" srcset=\"http:\/\/woiczik.de\/wp-content\/uploads\/2018\/09\/iol_lauf2018_990x495_facebook_1-300x150.jpeg 300w, http:\/\/woiczik.de\/wp-content\/uploads\/2018\/09\/iol_lauf2018_990x495_facebook_1-768x384.jpeg 768w, http:\/\/woiczik.de\/wp-content\/uploads\/2018\/09\/iol_lauf2018_990x495_facebook_1-500x250.jpeg 500w, http:\/\/woiczik.de\/wp-content\/uploads\/2018\/09\/iol_lauf2018_990x495_facebook_1.jpeg 893w\" sizes=\"(max-width: 300px) 100vw, 300px\" \/><\/a>Am 23.09.2018 fand bereits zum 6 Mal der Intersport Olympia Lauf in Berlin-Steglitz statt. Erstmalig wurden auch die 5 km Landesmeisterschaften von Berlin und Brandenburg ausgetragen und in diese Veranstaltung integriert.<\/p>\n<p>&nbsp;<\/p>\n<p><a href=\"http:\/\/woiczik.de\/wp-content\/uploads\/2018\/09\/lauf2018.png\"><img loading=\"lazy\" decoding=\"async\" class=\"alignleft size-medium wp-image-3318\" src=\"http:\/\/woiczik.de\/wp-content\/uploads\/2018\/09\/lauf2018-300x149.png\" alt=\"\" width=\"300\" height=\"149\" srcset=\"http:\/\/woiczik.de\/wp-content\/uploads\/2018\/09\/lauf2018-300x149.png 300w, http:\/\/woiczik.de\/wp-content\/uploads\/2018\/09\/lauf2018-768x380.png 768w, http:\/\/woiczik.de\/wp-content\/uploads\/2018\/09\/lauf2018-500x248.png 500w, http:\/\/woiczik.de\/wp-content\/uploads\/2018\/09\/lauf2018.png 979w\" sizes=\"(max-width: 300px) 100vw, 300px\" \/><\/a><strong>\u00dcber 1.000 Teilnehmer (innen)<\/strong> gingen bei stark bew\u00f6lktem Himmel, leichtem Wind und Temperaturen zwischen 9-12 Grad bei dieser Veranstaltung an den Start, <strong>davon 127 Meisterschaftsteilnehmer.<\/strong><\/p>\n<p>&nbsp;<\/p>\n<p><a href=\"http:\/\/woiczik.de\/wp-content\/uploads\/2018\/09\/P1080336.jpg\"><img loading=\"lazy\" decoding=\"async\" class=\"alignleft size-medium wp-image-3319\" src=\"http:\/\/woiczik.de\/wp-content\/uploads\/2018\/09\/P1080336-300x169.jpg\" alt=\"\" width=\"300\" height=\"169\" srcset=\"http:\/\/woiczik.de\/wp-content\/uploads\/2018\/09\/P1080336-300x169.jpg 300w, http:\/\/woiczik.de\/wp-content\/uploads\/2018\/09\/P1080336-768x432.jpg 768w, http:\/\/woiczik.de\/wp-content\/uploads\/2018\/09\/P1080336-1024x576.jpg 1024w, http:\/\/woiczik.de\/wp-content\/uploads\/2018\/09\/P1080336-500x281.jpg 500w\" sizes=\"(max-width: 300px) 100vw, 300px\" \/><\/a> Start und Ziel war vor dem Einkaufszentrum <em>das Schloss<\/em> in Berlin-Steglitz, auf dem ersten Kilometer musste man einen knackigen Anstieg auf der Grundewaldstra\u00dfe absolvieren, dann eine lange Kopfsteinpassage laufen, um dann auf die Berlin-Marathonstrecke zu gelangen, welche durch ruhige H\u00e4usersiedlungen und idyllisch gr\u00fcne Alleen mit einem kleinen, aber langgezogenen Anstieg zur Schlo\u00dfstr. f\u00fchrte.<\/p>\n<p><a href=\"http:\/\/woiczik.de\/wp-content\/uploads\/2018\/09\/P1080367.jpg\"><img loading=\"lazy\" decoding=\"async\" class=\"alignleft size-medium wp-image-3320\" src=\"http:\/\/woiczik.de\/wp-content\/uploads\/2018\/09\/P1080367-300x169.jpg\" alt=\"\" width=\"300\" height=\"169\" srcset=\"http:\/\/woiczik.de\/wp-content\/uploads\/2018\/09\/P1080367-300x169.jpg 300w, http:\/\/woiczik.de\/wp-content\/uploads\/2018\/09\/P1080367-768x432.jpg 768w, http:\/\/woiczik.de\/wp-content\/uploads\/2018\/09\/P1080367-1024x576.jpg 1024w, http:\/\/woiczik.de\/wp-content\/uploads\/2018\/09\/P1080367-500x281.jpg 500w\" sizes=\"(max-width: 300px) 100vw, 300px\" \/><\/a>Das Leistungsniveau dieser Meisterschaft war in diesem Jahr das Beste bei Stra\u00dfenmeisterschaften.<strong> 19 Frauen blieben unter 20 MInuten<\/strong>, die Siegerin Carolin Mattern (OSC Berlin) siegte in 16:58 Minuten vor Victoria Brandt (LAC Olympia 88 Berlin), welche 17:17 Minuten lief. <strong>Bei den M\u00e4nner blieben 45 L\u00e4ufer unter 20 Minuten<\/strong>, es siegte Niels Michalk (LG Nord ) in 15:02 Minuten. <strong>In der M 50 waren bei den Meisterschaften die meisten Teilnehmer am Start.<\/strong><\/p>\n<div id=\"attachment_3321\" style=\"width: 310px\" class=\"wp-caption alignleft\"><a href=\"http:\/\/woiczik.de\/wp-content\/uploads\/2018\/09\/P1080388.jpg\"><img loading=\"lazy\" decoding=\"async\" aria-describedby=\"caption-attachment-3321\" class=\"size-medium wp-image-3321\" src=\"http:\/\/woiczik.de\/wp-content\/uploads\/2018\/09\/P1080388-300x169.jpg\" alt=\"\" width=\"300\" height=\"169\" srcset=\"http:\/\/woiczik.de\/wp-content\/uploads\/2018\/09\/P1080388-300x169.jpg 300w, http:\/\/woiczik.de\/wp-content\/uploads\/2018\/09\/P1080388-768x432.jpg 768w, http:\/\/woiczik.de\/wp-content\/uploads\/2018\/09\/P1080388-1024x576.jpg 1024w, http:\/\/woiczik.de\/wp-content\/uploads\/2018\/09\/P1080388-500x281.jpg 500w\" sizes=\"(max-width: 300px) 100vw, 300px\" \/><\/a><p id=\"caption-attachment-3321\" class=\"wp-caption-text\">Die drei PSVer<\/p><\/div>\n<p>Das Leistungsniveau war auch hier \u00fcberragend stark. In einem Fotofinish unterlag unser <strong>Stefan Alberti (Polizei SV<\/strong>) zeitgleich in 18:18 Minuten dem Prignitzer J\u00f6rg Schulze. Mein alter Laufgef\u00e4hrte und treuer Leser dieser Homepage <strong>Winfried Schumann<\/strong> wurde hervorragender Dritter in ganz tollen 18:25 MInuten. Herzlichen Gl\u00fcckwunsch euch Beiden. Ich musste mich kurz vor dem Ziel noch von Peter Oltmanns (SC Berlin) \u00fcberholen lassen und wurde Sechster.<\/p>\n<p><a href=\"http:\/\/woiczik.de\/wp-content\/uploads\/2018\/09\/P1080352.jpg\"><img loading=\"lazy\" decoding=\"async\" class=\"alignleft size-medium wp-image-3322\" src=\"http:\/\/woiczik.de\/wp-content\/uploads\/2018\/09\/P1080352-300x169.jpg\" alt=\"\" width=\"300\" height=\"169\" srcset=\"http:\/\/woiczik.de\/wp-content\/uploads\/2018\/09\/P1080352-300x169.jpg 300w, http:\/\/woiczik.de\/wp-content\/uploads\/2018\/09\/P1080352-768x432.jpg 768w, http:\/\/woiczik.de\/wp-content\/uploads\/2018\/09\/P1080352-1024x576.jpg 1024w, http:\/\/woiczik.de\/wp-content\/uploads\/2018\/09\/P1080352-500x281.jpg 500w\" sizes=\"(max-width: 300px) 100vw, 300px\" \/><\/a>Unser Dauerl\u00e4ufer und Rekordteilnehmer beim Berlin-Marathon <strong>Wilfried K\u00f6hnke<\/strong> (M70) wurde toller Dritter in seiner Altersklasse und gewann von unserem Verein die zweite Medaillie an diesem Tag.<\/p>\n<p>&nbsp;<\/p>\n<p><strong>Mein Rennen:<\/strong><\/p>\n<div id=\"attachment_3323\" style=\"width: 310px\" class=\"wp-caption alignleft\"><a href=\"http:\/\/woiczik.de\/wp-content\/uploads\/2018\/09\/P1080375.jpg\"><img loading=\"lazy\" decoding=\"async\" aria-describedby=\"caption-attachment-3323\" class=\"size-medium wp-image-3323\" src=\"http:\/\/woiczik.de\/wp-content\/uploads\/2018\/09\/P1080375-300x169.jpg\" alt=\"\" width=\"300\" height=\"169\" srcset=\"http:\/\/woiczik.de\/wp-content\/uploads\/2018\/09\/P1080375-300x169.jpg 300w, http:\/\/woiczik.de\/wp-content\/uploads\/2018\/09\/P1080375-768x432.jpg 768w, http:\/\/woiczik.de\/wp-content\/uploads\/2018\/09\/P1080375-1024x576.jpg 1024w, http:\/\/woiczik.de\/wp-content\/uploads\/2018\/09\/P1080375-500x281.jpg 500w\" sizes=\"(max-width: 300px) 100vw, 300px\" \/><\/a><p id=\"caption-attachment-3323\" class=\"wp-caption-text\">kurz vor dem Ziel<\/p><\/div>\n<p>Mein Ziel war in diesem Lauf eine Zeit von 20:50-21:15 Minuten zu erreichen und einen weiteren Schritt &#8222;in die richtige Richtung&#8220; zu machen. Aus schon hier aufgef\u00fchrten Gr\u00fcnden war au\u00dfer dem Knaller in den USA kaum befriedigendes von dieser Laufsaison zu berichten.<\/p>\n<p>&nbsp;<\/p>\n<p><a href=\"http:\/\/woiczik.de\/wp-content\/uploads\/2018\/09\/P1080376.jpg\"><img loading=\"lazy\" decoding=\"async\" class=\"alignleft size-medium wp-image-3324\" src=\"http:\/\/woiczik.de\/wp-content\/uploads\/2018\/09\/P1080376-300x169.jpg\" alt=\"\" width=\"300\" height=\"169\" srcset=\"http:\/\/woiczik.de\/wp-content\/uploads\/2018\/09\/P1080376-300x169.jpg 300w, http:\/\/woiczik.de\/wp-content\/uploads\/2018\/09\/P1080376-768x432.jpg 768w, http:\/\/woiczik.de\/wp-content\/uploads\/2018\/09\/P1080376-1024x576.jpg 1024w, http:\/\/woiczik.de\/wp-content\/uploads\/2018\/09\/P1080376-500x281.jpg 500w\" sizes=\"(max-width: 300px) 100vw, 300px\" \/><\/a>Im Mai lief ich gerade einmal 109 km, im Juni 147,2 km, im Juli 138,7 km, im August 187,7 km und bislang im September 141,1 km. Viel zu wenig, um an die Zeiten der letzten drei Jahre heran zukommen und da hatte ich besonders im letzten Jahr relativ wenig trainiert.<\/p>\n<p>&nbsp;<\/p>\n<p><a href=\"http:\/\/woiczik.de\/wp-content\/uploads\/2018\/09\/P1080377.jpg\"><img loading=\"lazy\" decoding=\"async\" class=\"alignleft size-medium wp-image-3325\" src=\"http:\/\/woiczik.de\/wp-content\/uploads\/2018\/09\/P1080377-300x169.jpg\" alt=\"\" width=\"300\" height=\"169\" srcset=\"http:\/\/woiczik.de\/wp-content\/uploads\/2018\/09\/P1080377-300x169.jpg 300w, http:\/\/woiczik.de\/wp-content\/uploads\/2018\/09\/P1080377-768x432.jpg 768w, http:\/\/woiczik.de\/wp-content\/uploads\/2018\/09\/P1080377-1024x576.jpg 1024w, http:\/\/woiczik.de\/wp-content\/uploads\/2018\/09\/P1080377-500x281.jpg 500w\" sizes=\"(max-width: 300px) 100vw, 300px\" \/><\/a>Seit 2 Wochen trainiere ich wieder nach Christians Pl\u00e4nen und hoffe, dass die Motivation wieder steigt und bis zum 5er Anfang November in Hong Kong noch einige Trainingskilometer hinzukommen, damit eine 20er Zeit im Ziel auf mich wartet.<\/p>\n<p><a href=\"http:\/\/woiczik.de\/wp-content\/uploads\/2018\/09\/P1080396.jpg\"><img loading=\"lazy\" decoding=\"async\" class=\"alignleft size-medium wp-image-3326\" src=\"http:\/\/woiczik.de\/wp-content\/uploads\/2018\/09\/P1080396-300x169.jpg\" alt=\"\" width=\"300\" height=\"169\" srcset=\"http:\/\/woiczik.de\/wp-content\/uploads\/2018\/09\/P1080396-300x169.jpg 300w, http:\/\/woiczik.de\/wp-content\/uploads\/2018\/09\/P1080396-768x432.jpg 768w, http:\/\/woiczik.de\/wp-content\/uploads\/2018\/09\/P1080396-1024x576.jpg 1024w, http:\/\/woiczik.de\/wp-content\/uploads\/2018\/09\/P1080396-500x281.jpg 500w, http:\/\/woiczik.de\/wp-content\/uploads\/2018\/09\/P1080396.jpg 1920w\" sizes=\"(max-width: 300px) 100vw, 300px\" \/><\/a>Um 10.00 Uhr ging es f\u00fcr mich los, auf dem langen Anstieg zum ersten Kilometer war ich zu schnell unterwegs (4:06 Minuten), da lief ich neben Karsta Parsiegla (lief am Ende 19:11 MInuten), Philip Winter (beide SCC-19:44 MInuten). Die ersten &#8222;K\u00f6rner&#8220; waren schon weg. Bei Kilometer 2 \u00fcberholten mich Antje Ungewickell (20:16) und Edeltraud Musiol (20:18), mit 4:09 Minuten lag der aber fast Punkt genau. Bei Kilometer 3 lief ich dann mit Peter Oltmanns (SC Berlin) zusammen (12:32 Minuten war Kilometer 3). <strong>Was dann folgte, ganz ehrlich, keine Ahnung.\u00a0<\/strong><\/p>\n<p>&nbsp;<\/p>\n<div id=\"attachment_3327\" style=\"width: 179px\" class=\"wp-caption alignleft\"><a href=\"http:\/\/woiczik.de\/wp-content\/uploads\/2018\/09\/P1080385.jpg\"><img loading=\"lazy\" decoding=\"async\" aria-describedby=\"caption-attachment-3327\" class=\"size-medium wp-image-3327\" src=\"http:\/\/woiczik.de\/wp-content\/uploads\/2018\/09\/P1080385-169x300.jpg\" alt=\"\" width=\"169\" height=\"300\" srcset=\"http:\/\/woiczik.de\/wp-content\/uploads\/2018\/09\/P1080385-169x300.jpg 169w, http:\/\/woiczik.de\/wp-content\/uploads\/2018\/09\/P1080385-768x1365.jpg 768w, http:\/\/woiczik.de\/wp-content\/uploads\/2018\/09\/P1080385-576x1024.jpg 576w\" sizes=\"(max-width: 169px) 100vw, 169px\" \/><\/a><p id=\"caption-attachment-3327\" class=\"wp-caption-text\">Zufrieden im Ziel<\/p><\/div>\n<p>Der Kopf spielte nicht mit, die Muskeln wollten nicht, wie l\u00e4sst es sich sonst erkl\u00e4ren, dass ich den <strong>vierten Kilometer in 4:27 Minuten<\/strong> lief und den <strong>letzten Kilometer in 4:02 Minuten<\/strong>.\u00a0 25 Sekunden Differenz ist ansonsten nicht zu erkl\u00e4ren. <strong>Auch komisch<\/strong>, dass ich Brutto f\u00fcr mich 21:03 Minuten gestoppt habe, was eine <strong>20:59 Minuten zur Folge gehabt h\u00e4tte<\/strong>. Aber in der inoffiziellen Ergebnisliste steht 21:07 Minuten.\u00a0 Der L\u00e4ufer auf den beiden Fotos(Startnummer 1046) kurz vor dem Ziel wird mit 21:03 Minuten gef\u00fchrt und der kam einige Meter hinter mir ins Ziel. <strong>Schon merkw\u00fcrdig.<\/strong> Dennoch bin ich zufrieden mit meinem Lauf bis auf Kilometer 4.<\/p>\n<p>&nbsp;<\/p>\n<p>&nbsp;<\/p>\n<p>&nbsp;<\/p>\n<p>&nbsp;<\/p>\n","protected":false},"excerpt":{"rendered":"<p>Views: 928Am 23.09.2018 fand bereits zum 6 Mal der Intersport Olympia Lauf in Berlin-Steglitz statt. Erstmalig wurden auch die 5 km Landesmeisterschaften von Berlin und Brandenburg ausgetragen und in diese Veranstaltung integriert. &nbsp; \u00dcber 1.000 Teilnehmer (innen) gingen bei stark &hellip; <a href=\"http:\/\/woiczik.de\/?p=3316\">Weiterlesen <span class=\"meta-nav\">&rarr;<\/span><\/a><\/p>\n","protected":false},"author":1,"featured_media":0,"comment_status":"open","ping_status":"open","sticky":false,"template":"","format":"gallery","meta":{"footnotes":""},"categories":[3],"tags":[],"class_list":["post-3316","post","type-post","status-publish","format-gallery","hentry","category-sport","post_format-post-format-gallery"],"_links":{"self":[{"href":"http:\/\/woiczik.de\/index.php?rest_route=\/wp\/v2\/posts\/3316"}],"collection":[{"href":"http:\/\/woiczik.de\/index.php?rest_route=\/wp\/v2\/posts"}],"about":[{"href":"http:\/\/woiczik.de\/index.php?rest_route=\/wp\/v2\/types\/post"}],"author":[{"embeddable":true,"href":"http:\/\/woiczik.de\/index.php?rest_route=\/wp\/v2\/users\/1"}],"replies":[{"embeddable":true,"href":"http:\/\/woiczik.de\/index.php?rest_route=%2Fwp%2Fv2%2Fcomments&post=3316"}],"version-history":[{"count":4,"href":"http:\/\/woiczik.de\/index.php?rest_route=\/wp\/v2\/posts\/3316\/revisions"}],"predecessor-version":[{"id":3331,"href":"http:\/\/woiczik.de\/index.php?rest_route=\/wp\/v2\/posts\/3316\/revisions\/3331"}],"wp:attachment":[{"href":"http:\/\/woiczik.de\/index.php?rest_route=%2Fwp%2Fv2%2Fmedia&parent=3316"}],"wp:term":[{"taxonomy":"category","embeddable":true,"href":"http:\/\/woiczik.de\/index.php?rest_route=%2Fwp%2Fv2%2Fcategories&post=3316"},{"taxonomy":"post_tag","embeddable":true,"href":"http:\/\/woiczik.de\/index.php?rest_route=%2Fwp%2Fv2%2Ftags&post=3316"}],"curies":[{"name":"wp","href":"https:\/\/api.w.org\/{rel}","templated":true}]}}