{"id":3334,"date":"2018-10-03T16:18:20","date_gmt":"2018-10-03T14:18:20","guid":{"rendered":"http:\/\/woiczik.de\/?p=3334"},"modified":"2022-05-05T07:44:56","modified_gmt":"2022-05-05T05:44:56","slug":"9-volkslauf-am-tag-der-deutschen-einheit-am-03-10-2018","status":"publish","type":"post","link":"http:\/\/woiczik.de\/?p=3334","title":{"rendered":"9. Volkslauf am Tag der Deutschen Einheit am 03.10.2018"},"content":{"rendered":"<p>Views: 746<\/p><p><a href=\"http:\/\/woiczik.de\/wp-content\/uploads\/2018\/10\/42670215_2748335991858459_3289618883408822272_n.jpg\"><img loading=\"lazy\" decoding=\"async\" class=\"alignleft size-medium wp-image-3335\" src=\"http:\/\/woiczik.de\/wp-content\/uploads\/2018\/10\/42670215_2748335991858459_3289618883408822272_n-300x200.jpg\" alt=\"\" width=\"300\" height=\"200\" srcset=\"http:\/\/woiczik.de\/wp-content\/uploads\/2018\/10\/42670215_2748335991858459_3289618883408822272_n-300x200.jpg 300w, http:\/\/woiczik.de\/wp-content\/uploads\/2018\/10\/42670215_2748335991858459_3289618883408822272_n-768x511.jpg 768w, http:\/\/woiczik.de\/wp-content\/uploads\/2018\/10\/42670215_2748335991858459_3289618883408822272_n-451x300.jpg 451w, http:\/\/woiczik.de\/wp-content\/uploads\/2018\/10\/42670215_2748335991858459_3289618883408822272_n.jpg 960w\" sizes=\"(max-width: 300px) 100vw, 300px\" \/><\/a>Das LAUFTEAM KLEINMACHNOW veranstaltete bereits zum 9 Mal den Volkslauf am Tag der Deutschen Einheit. Erstmalig auf einer 8,8 km sehr welligen, waldigen Laufstrecke mit etlichen H\u00f6henmetern. Kurz vor dem Lauf um 10.30 Uhr nieselte es noch und der Wind blie\u00df, bei dann meist bedecktem Himmel,mit Spitzen bis zu 75 km\/h.<\/p>\n<div id=\"attachment_3336\" style=\"width: 179px\" class=\"wp-caption alignleft\"><a href=\"http:\/\/woiczik.de\/wp-content\/uploads\/2018\/10\/20181003_100313.jpg\"><img loading=\"lazy\" decoding=\"async\" aria-describedby=\"caption-attachment-3336\" class=\"size-medium wp-image-3336\" src=\"http:\/\/woiczik.de\/wp-content\/uploads\/2018\/10\/20181003_100313-169x300.jpg\" alt=\"\" width=\"169\" height=\"300\" srcset=\"http:\/\/woiczik.de\/wp-content\/uploads\/2018\/10\/20181003_100313-169x300.jpg 169w, http:\/\/woiczik.de\/wp-content\/uploads\/2018\/10\/20181003_100313-576x1024.jpg 576w, http:\/\/woiczik.de\/wp-content\/uploads\/2018\/10\/20181003_100313.jpg 608w\" sizes=\"(max-width: 169px) 100vw, 169px\" \/><\/a><p id=\"caption-attachment-3336\" class=\"wp-caption-text\">Beim Einlaufen<\/p><\/div>\n<p>Da es zahlreiche Nachmeldungen gab, wurde der Start zum Hauptlauf \u00fcber 8,8 km um 20 Minuten auf 10.50 Uhr verschoben.<strong> Insgesamt waren fast 300 Teilnehmer am Start<\/strong>. Bei dem sehr starken Wind und nasskalten 10 Grad um 10.30 Uhr machte das Warten auf den Start keinen Spa\u00df. <strong>Erstmalig seit 4 Monaten<\/strong> lief ich in der Vorwoche zwei Einheiten \u00fcber je 12 km und stieg somit mit Motivation (mal sehen wie lange die Anh\u00e4lt?) in die Vorbereitung auf die Fr\u00fchjahrssaison 2019 ins Training ein. <strong>So wenig wie von Ende April bis Ende September hatte ich bislang noch nie trainiert<\/strong>. Neben den Zipperlein fehlte es auch vor allem an der Motivation mehr zu trainieren. Daher wollte ich in diesem Lauf, auf der schweren Strecke, es ruhiger angehen lassen.<\/p>\n<p>&nbsp;<\/p>\n<p><a href=\"http:\/\/woiczik.de\/wp-content\/uploads\/2018\/10\/Screenshot_2018-10-03-Laufteam-Kleinmachnow-Home.png\"><img loading=\"lazy\" decoding=\"async\" class=\"alignleft size-medium wp-image-3337\" src=\"http:\/\/woiczik.de\/wp-content\/uploads\/2018\/10\/Screenshot_2018-10-03-Laufteam-Kleinmachnow-Home-300x101.png\" alt=\"\" width=\"300\" height=\"101\" srcset=\"http:\/\/woiczik.de\/wp-content\/uploads\/2018\/10\/Screenshot_2018-10-03-Laufteam-Kleinmachnow-Home-300x101.png 300w, http:\/\/woiczik.de\/wp-content\/uploads\/2018\/10\/Screenshot_2018-10-03-Laufteam-Kleinmachnow-Home-500x168.png 500w, http:\/\/woiczik.de\/wp-content\/uploads\/2018\/10\/Screenshot_2018-10-03-Laufteam-Kleinmachnow-Home.png 766w\" sizes=\"(max-width: 300px) 100vw, 300px\" \/><\/a>Ich reihte mich zum Start in der Mitte des L\u00e4uferfeldes ein und \u00fcberquerte den Startbereich nach 7 Sekunden. Der erste Kilometer lief 500 Meter auf den Stra\u00dfen im Europarc entlang, bevor es \u00fcber einen Radweg mit der ersten Steigung in den Wald ging.<\/p>\n<div id=\"attachment_3338\" style=\"width: 179px\" class=\"wp-caption alignleft\"><a href=\"http:\/\/woiczik.de\/wp-content\/uploads\/2018\/10\/Screenshot_2018-10-03-12-43-21.jpg\"><img loading=\"lazy\" decoding=\"async\" aria-describedby=\"caption-attachment-3338\" class=\"size-medium wp-image-3338\" src=\"http:\/\/woiczik.de\/wp-content\/uploads\/2018\/10\/Screenshot_2018-10-03-12-43-21-169x300.jpg\" alt=\"\" width=\"169\" height=\"300\" srcset=\"http:\/\/woiczik.de\/wp-content\/uploads\/2018\/10\/Screenshot_2018-10-03-12-43-21-169x300.jpg 169w, http:\/\/woiczik.de\/wp-content\/uploads\/2018\/10\/Screenshot_2018-10-03-12-43-21-576x1024.jpg 576w, http:\/\/woiczik.de\/wp-content\/uploads\/2018\/10\/Screenshot_2018-10-03-12-43-21.jpg 720w\" sizes=\"(max-width: 169px) 100vw, 169px\" \/><\/a><p id=\"caption-attachment-3338\" class=\"wp-caption-text\">Das Streckenprofil<\/p><\/div>\n<p>Dort erwartete die Teilnehmer eine sehr wellige Strecke mit drei sehr langgezogenen Anstiegen und dutzenden kleineren bis mittleren &#8222;Wellen&#8220;. Dazu blie\u00df der Wind ganz sch\u00f6n heftig. Den ersten Kilometer erreichte ich nach 4:23 Minuten, den Zweiten in 8:47 MInuten. Bis zur 3 Kilometermarke (13:14 Minuten) \u00fcberholte ich einige L\u00e4ufer (innen), beim zweiten knalligen Anstieg ging dann der erste L\u00e4ufer an mir vorbei und der vierte und f\u00fcnfte Kilometer waren ein wenig langsamer als die anderen zuvor.<strong> Bei Kilometer 5 zeigte meine Laufuhr 22:34 Minuten.<\/strong> Ich f\u00fchlte mich gut, aber der heftigste &#8222;Anstieg&#8220; wartete noch auf mich und nat\u00fcrlich auf die anderen Teilnehmer. Zwischenzeitlich \u00fcberholten mich noch vier L\u00e4ufer und ich konnte erst nach der letzten heftigen Steigung meine Kr\u00e4fte mobilisieren und nach einem 4:57er Schnitt bei dieser Steigung noch eine 4:28 und eine 4:25 rausholen. <strong>Die letzten 800 Meter lief ich dann in 3:11 Minuten<\/strong> und erreichte den schnellsten Schnitt im gesamten Lauf.<\/p>\n<p><a href=\"http:\/\/woiczik.de\/wp-content\/uploads\/2018\/10\/Screenshot_2018-10-03-12-42-04.jpg\"><img loading=\"lazy\" decoding=\"async\" class=\"alignleft size-medium wp-image-3339\" src=\"http:\/\/woiczik.de\/wp-content\/uploads\/2018\/10\/Screenshot_2018-10-03-12-42-04-169x300.jpg\" alt=\"\" width=\"169\" height=\"300\" srcset=\"http:\/\/woiczik.de\/wp-content\/uploads\/2018\/10\/Screenshot_2018-10-03-12-42-04-169x300.jpg 169w, http:\/\/woiczik.de\/wp-content\/uploads\/2018\/10\/Screenshot_2018-10-03-12-42-04-576x1024.jpg 576w, http:\/\/woiczik.de\/wp-content\/uploads\/2018\/10\/Screenshot_2018-10-03-12-42-04.jpg 720w\" sizes=\"(max-width: 169px) 100vw, 169px\" \/><\/a> <strong>Sehr zufrieden kam ich in 39:42 Minuten (Bruttozeit) ins Ziel, was den 40.Gesamtplatz bedeutete und in der M50 wurde ich F\u00fcnfter.\u00a0 <\/strong>Samalya Sch\u00e4fer (PB: 50 km in 3:15:23 h) gewann bei den M\u00e4nner und die sich in erweiterten deutschen Spitzenklasse befindliche Liusa Boschan (PB:16:23 Minuten \u00fcber 5.000 Meter) bei den Frauen. Insgesamt war die Veranstaltung bis auf die Versp\u00e4tung am Start sehr gut organisiert und es machte Spa\u00df auf diesem welligen Kurs zu laufen. Das Leistungsniveau war \u00fcberraschend recht hoch. <strong><br \/>\n<\/strong><\/p>\n<p>&nbsp;<\/p>\n","protected":false},"excerpt":{"rendered":"<p>Views: 746Das LAUFTEAM KLEINMACHNOW veranstaltete bereits zum 9 Mal den Volkslauf am Tag der Deutschen Einheit. Erstmalig auf einer 8,8 km sehr welligen, waldigen Laufstrecke mit etlichen H\u00f6henmetern. Kurz vor dem Lauf um 10.30 Uhr nieselte es noch und der &hellip; <a href=\"http:\/\/woiczik.de\/?p=3334\">Weiterlesen <span class=\"meta-nav\">&rarr;<\/span><\/a><\/p>\n","protected":false},"author":1,"featured_media":0,"comment_status":"open","ping_status":"open","sticky":false,"template":"","format":"gallery","meta":{"footnotes":""},"categories":[3],"tags":[],"class_list":["post-3334","post","type-post","status-publish","format-gallery","hentry","category-sport","post_format-post-format-gallery"],"_links":{"self":[{"href":"http:\/\/woiczik.de\/index.php?rest_route=\/wp\/v2\/posts\/3334"}],"collection":[{"href":"http:\/\/woiczik.de\/index.php?rest_route=\/wp\/v2\/posts"}],"about":[{"href":"http:\/\/woiczik.de\/index.php?rest_route=\/wp\/v2\/types\/post"}],"author":[{"embeddable":true,"href":"http:\/\/woiczik.de\/index.php?rest_route=\/wp\/v2\/users\/1"}],"replies":[{"embeddable":true,"href":"http:\/\/woiczik.de\/index.php?rest_route=%2Fwp%2Fv2%2Fcomments&post=3334"}],"version-history":[{"count":7,"href":"http:\/\/woiczik.de\/index.php?rest_route=\/wp\/v2\/posts\/3334\/revisions"}],"predecessor-version":[{"id":3346,"href":"http:\/\/woiczik.de\/index.php?rest_route=\/wp\/v2\/posts\/3334\/revisions\/3346"}],"wp:attachment":[{"href":"http:\/\/woiczik.de\/index.php?rest_route=%2Fwp%2Fv2%2Fmedia&parent=3334"}],"wp:term":[{"taxonomy":"category","embeddable":true,"href":"http:\/\/woiczik.de\/index.php?rest_route=%2Fwp%2Fv2%2Fcategories&post=3334"},{"taxonomy":"post_tag","embeddable":true,"href":"http:\/\/woiczik.de\/index.php?rest_route=%2Fwp%2Fv2%2Ftags&post=3334"}],"curies":[{"name":"wp","href":"https:\/\/api.w.org\/{rel}","templated":true}]}}