{"id":3534,"date":"2019-03-03T18:02:36","date_gmt":"2019-03-03T16:02:36","guid":{"rendered":"http:\/\/woiczik.de\/?p=3534"},"modified":"2022-05-05T08:00:12","modified_gmt":"2022-05-05T06:00:12","slug":"11-frauenseelauf-am-03-03-2019-toller-saisonauftakt","status":"publish","type":"post","link":"http:\/\/woiczik.de\/?p=3534","title":{"rendered":"11. Frauenseelauf am 03.03.2019- toller Saisonauftakt"},"content":{"rendered":"<p>Views: 917<\/p><div id=\"attachment_3535\" style=\"width: 179px\" class=\"wp-caption alignleft\"><a href=\"http:\/\/woiczik.de\/wp-content\/uploads\/2019\/03\/20190303_093229.jpg\"><img loading=\"lazy\" decoding=\"async\" aria-describedby=\"caption-attachment-3535\" class=\"size-medium wp-image-3535\" src=\"http:\/\/woiczik.de\/wp-content\/uploads\/2019\/03\/20190303_093229-169x300.jpg\" alt=\"\" width=\"169\" height=\"300\" srcset=\"http:\/\/woiczik.de\/wp-content\/uploads\/2019\/03\/20190303_093229-169x300.jpg 169w, http:\/\/woiczik.de\/wp-content\/uploads\/2019\/03\/20190303_093229-576x1024.jpg 576w, http:\/\/woiczik.de\/wp-content\/uploads\/2019\/03\/20190303_093229.jpg 608w\" sizes=\"(max-width: 169px) 100vw, 169px\" \/><\/a><p id=\"caption-attachment-3535\" class=\"wp-caption-text\">Vor dem Lauf<\/p><\/div>\n<p><strong>Update<\/strong>: Der Frauenseelauf und sein Vorg\u00e4nger, der <strong>Senziger Heidelauf<\/strong> (<strong>hier lief ich zuvor 4 x und platzierte mich in den Jahren 2000-2004 \u00fcber 25 km und 9,5 km drei Mal unter den Top 5 in der Gesamtwertung)<\/strong> , sind bereits zum 16. Mal die Auftaktveranstaltung der Brandenburg-Cup &#8211; Laufserie, was eine hohe Wertsch\u00e4tzung f\u00fcr die Organisatoren der Laufgruppe der WSG\u201881 ist. <strong>Matthias K\u00f6pke<\/strong>, Gesamtleiter Vorsitzender WSG\u201881\u00a0 und sein Team organisierten diese Veranstaltung sehr gut und es machte Spa\u00df hier zu laufen. Wiederum bildet der Frauenseelauf den Auftakt zu SPORT-IN-KW 2019, dem Zusammenschluss von Vereinen zur F\u00f6rderung des Sportes in der Stadt. Das ideale Umfeld im KiEZ Frauensee, vor allem mit dem gro\u00dfen Saal in dem die Siegerehrungen und das gro\u00dfe Nudelbuffet stattfinden, bieten beste Bedingungen f\u00fcr dieses Event. \u00dcbrigens war der Frauenseelauf 2018\u00a0 die am besten organisierte Veranstaltung im Brandenburg Cup 2018. Zahlreiche Topl\u00e4ufer aus Sachsen, Brandenburg und Berlin (u.a. Carolin Mattern, Roman Wagner) waren am Start.<\/p>\n<p><a href=\"http:\/\/woiczik.de\/wp-content\/uploads\/2019\/03\/frauenseelauf_023.jpg\"><img loading=\"lazy\" decoding=\"async\" class=\"alignleft size-medium wp-image-3536\" src=\"http:\/\/woiczik.de\/wp-content\/uploads\/2019\/03\/frauenseelauf_023-300x169.jpg\" alt=\"\" width=\"300\" height=\"169\" srcset=\"http:\/\/woiczik.de\/wp-content\/uploads\/2019\/03\/frauenseelauf_023-300x169.jpg 300w, http:\/\/woiczik.de\/wp-content\/uploads\/2019\/03\/frauenseelauf_023-768x431.jpg 768w, http:\/\/woiczik.de\/wp-content\/uploads\/2019\/03\/frauenseelauf_023-1024x575.jpg 1024w, http:\/\/woiczik.de\/wp-content\/uploads\/2019\/03\/frauenseelauf_023-500x281.jpg 500w, http:\/\/woiczik.de\/wp-content\/uploads\/2019\/03\/frauenseelauf_023.jpg 1200w\" sizes=\"(max-width: 300px) 100vw, 300px\" \/><\/a>Bei Temperaturen um 11 Grad, leichtem Nieselregen zwischendurch auf der Strecke, windigen Laufbedingungen und einer sehr schweren Strecke gingen \u00fcber 400 Teilnehmer auf die Laufdistanzen 3,5 km, 7,5 km, 15 km und 30 km an den Start.<\/p>\n<p>&nbsp;<\/p>\n<p><a href=\"http:\/\/woiczik.de\/wp-content\/uploads\/2019\/03\/Screenshot_2019-03-03-16-20-49.jpg\"><img loading=\"lazy\" decoding=\"async\" class=\"alignleft size-medium wp-image-3538\" src=\"http:\/\/woiczik.de\/wp-content\/uploads\/2019\/03\/Screenshot_2019-03-03-16-20-49-169x300.jpg\" alt=\"\" width=\"169\" height=\"300\" srcset=\"http:\/\/woiczik.de\/wp-content\/uploads\/2019\/03\/Screenshot_2019-03-03-16-20-49-169x300.jpg 169w, http:\/\/woiczik.de\/wp-content\/uploads\/2019\/03\/Screenshot_2019-03-03-16-20-49-576x1024.jpg 576w, http:\/\/woiczik.de\/wp-content\/uploads\/2019\/03\/Screenshot_2019-03-03-16-20-49.jpg 720w\" sizes=\"(max-width: 169px) 100vw, 169px\" \/><\/a>Die 7,5 km \u2013 Runde f\u00fchrte durch die Dubrow mit einem sehr abwechslungsreichen Streckenprofil wovon ca. 6,5 km aus Waldwegen und 1 km aus Asphalt besteht. Besonders sehenswert sind die zahlreichen Eichen &#8211; und Mischw\u00e4lder in diesem Gebiet mit zum Teil \u00fcber 300 Jahre alten Eichen. Es sind drei heftige, langgezogene Anstiege mit einer Gesamth\u00f6hendifferenz von ca. 80 m zu \u00fcberwinden. Au\u00dferdem musste man in diesem Jahr extrem auf die vielen Bodenunebenheiten (Baumwurzeln) und den sehr tiefen Waldboden beim Laufen achten, damit man sich nicht verletzt. \u00dcbrigens wurden im RBB in &#8222;Brandenburg Aktuell&#8220; Ausschnitte von der Laufveranstaltung gezeigt.<\/p>\n<p>&nbsp;<\/p>\n<p>&nbsp;<\/p>\n<p><strong>Mein Lauf: <\/strong><\/p>\n<p><a href=\"http:\/\/woiczik.de\/wp-content\/uploads\/2019\/03\/20190303_091557.jpg\"><img loading=\"lazy\" decoding=\"async\" class=\"alignleft size-medium wp-image-3537\" src=\"http:\/\/woiczik.de\/wp-content\/uploads\/2019\/03\/20190303_091557-300x169.jpg\" alt=\"\" width=\"300\" height=\"169\" srcset=\"http:\/\/woiczik.de\/wp-content\/uploads\/2019\/03\/20190303_091557-300x169.jpg 300w, http:\/\/woiczik.de\/wp-content\/uploads\/2019\/03\/20190303_091557-768x432.jpg 768w, http:\/\/woiczik.de\/wp-content\/uploads\/2019\/03\/20190303_091557-1024x576.jpg 1024w, http:\/\/woiczik.de\/wp-content\/uploads\/2019\/03\/20190303_091557-500x281.jpg 500w, http:\/\/woiczik.de\/wp-content\/uploads\/2019\/03\/20190303_091557.jpg 1080w\" sizes=\"(max-width: 300px) 100vw, 300px\" \/><\/a>Im Gegensatz zum Start vor zwei Jahren \u00fcber 15 km (erste Runde in 33:40 min-zweite Runde:36:24 min.) ging ich in diesem Jahr ruhiger die ersten beiden Kilometer an. Bei 4:26 und 9:02 min. erreichte ich die beiden ersten Kilometermarken.<\/p>\n<p>&nbsp;<\/p>\n<p><a href=\"http:\/\/woiczik.de\/wp-content\/uploads\/2019\/03\/Screenshot_2019-03-03-12-14-18.jpg\"><img loading=\"lazy\" decoding=\"async\" class=\"alignleft size-medium wp-image-3539\" src=\"http:\/\/woiczik.de\/wp-content\/uploads\/2019\/03\/Screenshot_2019-03-03-12-14-18-169x300.jpg\" alt=\"\" width=\"169\" height=\"300\" srcset=\"http:\/\/woiczik.de\/wp-content\/uploads\/2019\/03\/Screenshot_2019-03-03-12-14-18-169x300.jpg 169w, http:\/\/woiczik.de\/wp-content\/uploads\/2019\/03\/Screenshot_2019-03-03-12-14-18-576x1024.jpg 576w, http:\/\/woiczik.de\/wp-content\/uploads\/2019\/03\/Screenshot_2019-03-03-12-14-18.jpg 720w\" sizes=\"(max-width: 169px) 100vw, 169px\" \/><\/a>Nach den beiden heftigen Anstiegen erreichte ich die <strong>5 km Marke in 22:07 Minuten<\/strong> und lief bis zum Ziel mit der sp\u00e4teren Siegerin Michaela Kreyenfeld (SV Stahl Henningsdorf) und Ulrike Hain (SCC) zusammen. Der letzte heftige Anstieg zog mir dann die letzten Energien aus dem K\u00f6rper und dennoch konnte ich zwei Verfolger auf dem letzten Kilometer in Schacht halte und <strong>erreichte in 34:07 min.(Brutto) und 33:59 min.(Netto) sehr zufrieden als Gesamt-Achter und <em>Sieger in der M50<\/em> das Ziel.\u00a0 <\/strong>Mit <strong>109 Teilnehmern \u00fcber die 7,5 km Strecke<\/strong> und 96 \u00fcber 15 km und 30 \u00fcber 30 km gab es eine gute Teilnahme auf dieser sehr anstrengenden Laufrunde. Fast 170 Kinder liefen \u00fcber 3,5 km.<\/p>\n<p>&nbsp;<\/p>\n<p><strong>Meine 2,5 km Abschnitte<\/strong>: 11:15 Minuten, 10:52 Minuten und 11:52 Minuten.<\/p>\n<div id=\"attachment_3540\" style=\"width: 179px\" class=\"wp-caption alignleft\"><a href=\"http:\/\/woiczik.de\/wp-content\/uploads\/2019\/03\/20190303_095939.jpg\"><img loading=\"lazy\" decoding=\"async\" aria-describedby=\"caption-attachment-3540\" class=\"wp-image-3540 size-medium\" src=\"http:\/\/woiczik.de\/wp-content\/uploads\/2019\/03\/20190303_095939-e1651730398804-169x300.jpg\" alt=\"\" width=\"169\" height=\"300\" srcset=\"http:\/\/woiczik.de\/wp-content\/uploads\/2019\/03\/20190303_095939-e1651730398804-169x300.jpg 169w, http:\/\/woiczik.de\/wp-content\/uploads\/2019\/03\/20190303_095939-e1651730398804-768x1365.jpg 768w, http:\/\/woiczik.de\/wp-content\/uploads\/2019\/03\/20190303_095939-e1651730398804-576x1024.jpg 576w, http:\/\/woiczik.de\/wp-content\/uploads\/2019\/03\/20190303_095939-e1651730398804.jpg 1080w\" sizes=\"(max-width: 169px) 100vw, 169px\" \/><\/a><p id=\"caption-attachment-3540\" class=\"wp-caption-text\">Zufrieden nach dem Wettkampf<\/p><\/div>\n<p>Der 11. Frauenseelauf war f\u00fcr mich ein toller Saisoneinstieg und sorgte bereits im ersten Wettkampf des Jahres f\u00fcr ein erstklassiges Ergebnis. Das Training nach den Trainingspl\u00e4nen von Christian Schieber und den gemeinsamen L\u00e4ufen am Dienstag mit der Trainingsgruppe und am Wochenende mit Daniel zahlten sich daher bereits. Im Januar lief ich 207 km und im Februar 213 km. 4 und gelegentlich 5 Laufeinheiten in der Woche mit einem langen Lauf zwischen 90 und 100 Minuten, sowie 1-2 Tempol\u00e4ufen, sowie 2 lockeren Dauerl\u00e4ufen im 5:30er Schnitt zeigen auch den Weg f\u00fcr die n\u00e4chsten drei Wettk\u00e4mpfe in dieser Fr\u00fchjahrssaison. Der n\u00e4chste Wettkampf ist an meinem 51.Geburtstag am 17.03. in Dresden. Bis dahin hei\u00dft es weiter flei\u00dfig trainieren und gesund bleiben.<\/p>\n","protected":false},"excerpt":{"rendered":"<p>Views: 917Update: Der Frauenseelauf und sein Vorg\u00e4nger, der Senziger Heidelauf (hier lief ich zuvor 4 x und platzierte mich in den Jahren 2000-2004 \u00fcber 25 km und 9,5 km drei Mal unter den Top 5 in der Gesamtwertung) , sind &hellip; <a href=\"http:\/\/woiczik.de\/?p=3534\">Weiterlesen <span class=\"meta-nav\">&rarr;<\/span><\/a><\/p>\n","protected":false},"author":1,"featured_media":0,"comment_status":"open","ping_status":"open","sticky":false,"template":"","format":"gallery","meta":{"footnotes":""},"categories":[3],"tags":[],"class_list":["post-3534","post","type-post","status-publish","format-gallery","hentry","category-sport","post_format-post-format-gallery"],"_links":{"self":[{"href":"http:\/\/woiczik.de\/index.php?rest_route=\/wp\/v2\/posts\/3534"}],"collection":[{"href":"http:\/\/woiczik.de\/index.php?rest_route=\/wp\/v2\/posts"}],"about":[{"href":"http:\/\/woiczik.de\/index.php?rest_route=\/wp\/v2\/types\/post"}],"author":[{"embeddable":true,"href":"http:\/\/woiczik.de\/index.php?rest_route=\/wp\/v2\/users\/1"}],"replies":[{"embeddable":true,"href":"http:\/\/woiczik.de\/index.php?rest_route=%2Fwp%2Fv2%2Fcomments&post=3534"}],"version-history":[{"count":6,"href":"http:\/\/woiczik.de\/index.php?rest_route=\/wp\/v2\/posts\/3534\/revisions"}],"predecessor-version":[{"id":5570,"href":"http:\/\/woiczik.de\/index.php?rest_route=\/wp\/v2\/posts\/3534\/revisions\/5570"}],"wp:attachment":[{"href":"http:\/\/woiczik.de\/index.php?rest_route=%2Fwp%2Fv2%2Fmedia&parent=3534"}],"wp:term":[{"taxonomy":"category","embeddable":true,"href":"http:\/\/woiczik.de\/index.php?rest_route=%2Fwp%2Fv2%2Fcategories&post=3534"},{"taxonomy":"post_tag","embeddable":true,"href":"http:\/\/woiczik.de\/index.php?rest_route=%2Fwp%2Fv2%2Ftags&post=3534"}],"curies":[{"name":"wp","href":"https:\/\/api.w.org\/{rel}","templated":true}]}}