{"id":3551,"date":"2019-03-18T18:43:13","date_gmt":"2019-03-18T16:43:13","guid":{"rendered":"http:\/\/woiczik.de\/?p=3551"},"modified":"2022-05-05T07:58:06","modified_gmt":"2022-05-05T05:58:06","slug":"citylauf-dresden-2019-am-17-03-2019-flotte-zeiten-im-windigen-dresden","status":"publish","type":"post","link":"http:\/\/woiczik.de\/?p=3551","title":{"rendered":"Citylauf Dresden 2019 am 17.03.2019- Flotte Zeiten im windigen Dresden"},"content":{"rendered":"<p>Views: 829<\/p><p><a href=\"http:\/\/woiczik.de\/wp-content\/uploads\/2019\/03\/P1150446.jpg\"><img loading=\"lazy\" decoding=\"async\" class=\"alignleft size-medium wp-image-3552\" src=\"http:\/\/woiczik.de\/wp-content\/uploads\/2019\/03\/P1150446-300x225.jpg\" alt=\"\" width=\"300\" height=\"225\" srcset=\"http:\/\/woiczik.de\/wp-content\/uploads\/2019\/03\/P1150446-300x225.jpg 300w, http:\/\/woiczik.de\/wp-content\/uploads\/2019\/03\/P1150446-768x576.jpg 768w, http:\/\/woiczik.de\/wp-content\/uploads\/2019\/03\/P1150446-1024x768.jpg 1024w, http:\/\/woiczik.de\/wp-content\/uploads\/2019\/03\/P1150446-400x300.jpg 400w\" sizes=\"(max-width: 300px) 100vw, 300px\" \/><\/a>Mit dem Euro City ging es am 15.03. vom Bahnhof S\u00fcdkreuz um 15.07 Uhr Richtung Dresden. Das sch\u00f6ne Hotel Pullman Dresden Newa diente f\u00fcr zwei N\u00e4chte als Headquarter nicht nur f\u00fcr die Topathleten vom 29. Citylauf Dresden, sondern auch f\u00fcr uns. Abends gingen wir noch lecker in einem griechischen Restaurant essen.<\/p>\n<p>&nbsp;<\/p>\n<p><a href=\"http:\/\/woiczik.de\/wp-content\/uploads\/2019\/03\/P1150437.jpg\"><img loading=\"lazy\" decoding=\"async\" class=\"alignleft size-medium wp-image-3553\" src=\"http:\/\/woiczik.de\/wp-content\/uploads\/2019\/03\/P1150437-300x225.jpg\" alt=\"\" width=\"300\" height=\"225\" srcset=\"http:\/\/woiczik.de\/wp-content\/uploads\/2019\/03\/P1150437-300x225.jpg 300w, http:\/\/woiczik.de\/wp-content\/uploads\/2019\/03\/P1150437-768x576.jpg 768w, http:\/\/woiczik.de\/wp-content\/uploads\/2019\/03\/P1150437-1024x768.jpg 1024w, http:\/\/woiczik.de\/wp-content\/uploads\/2019\/03\/P1150437-400x300.jpg 400w\" sizes=\"(max-width: 300px) 100vw, 300px\" \/><\/a>Am Samstag fr\u00fch lief ich im Hotel locker 5 Kilometer im 5:00er Schnitt auf dem Laufband und absolvierte ein 15 Minuten andauerndes Dehnprogramm. Nach dem gut schmeckenden Fr\u00fchst\u00fcck ging es zur Messe &#8222;Fit &amp; Aktiv&#8220; (12 Minuten mit der Stra\u00dfenbahn 10 bis zur Messe Dresden) und bei andauerndem Regen bei 10 Grad sahen wir am Abend die bedauerliche Niederlage von Hertha gegen den BVB in einer Sportsbar.<\/p>\n<p><strong>Der Wettkampftag<\/strong><\/p>\n<p><a href=\"http:\/\/woiczik.de\/wp-content\/uploads\/2019\/03\/IMG-20190317-WA0002-1.jpg\"><img loading=\"lazy\" decoding=\"async\" class=\"alignleft size-medium wp-image-3554\" src=\"http:\/\/woiczik.de\/wp-content\/uploads\/2019\/03\/IMG-20190317-WA0002-1-169x300.jpg\" alt=\"\" width=\"169\" height=\"300\" srcset=\"http:\/\/woiczik.de\/wp-content\/uploads\/2019\/03\/IMG-20190317-WA0002-1-169x300.jpg 169w, http:\/\/woiczik.de\/wp-content\/uploads\/2019\/03\/IMG-20190317-WA0002-1-768x1365.jpg 768w, http:\/\/woiczik.de\/wp-content\/uploads\/2019\/03\/IMG-20190317-WA0002-1-576x1024.jpg 576w, http:\/\/woiczik.de\/wp-content\/uploads\/2019\/03\/IMG-20190317-WA0002-1.jpg 900w\" sizes=\"(max-width: 169px) 100vw, 169px\" \/><\/a>Zu meinem <strong>51.Geburtstag<\/strong> fr\u00fchst\u00fcckte ich erst einmal ganz lecker und freute mich \u00fcber die Geburtstag\u00fcberraschung. Eine Stunde vor dem Start fuhr uns die Stra\u00dfenbahn zum Startgel\u00e4nde am\u00a0Heinz-Steyer-Stadion. 2 Kilometer einlaufen, ein bi\u00dfchen dehnen und zum Abschluss vier Steigerungen und ab in den Startblock. Leider frischte der Wind sehr stark auf. P\u00fcnktlich um 10.00 Uhr erfolgte dann der Startschuss zum 5 Kilometer-Lauf mit knapp 1000 Teilnehmern. Mehr zu meinem windigen Lauf im Anschluss an den Bericht \u00fcber den 29. Karstadt Sports Citylauf Dresden.<\/p>\n<p>&nbsp;<\/p>\n<p>&nbsp;<\/p>\n<div id=\"attachment_3555\" style=\"width: 310px\" class=\"wp-caption alignleft\"><a href=\"http:\/\/woiczik.de\/wp-content\/uploads\/2019\/03\/P1150452.jpg\"><img loading=\"lazy\" decoding=\"async\" aria-describedby=\"caption-attachment-3555\" class=\"wp-image-3555 size-medium\" src=\"http:\/\/woiczik.de\/wp-content\/uploads\/2019\/03\/P1150452-300x225.jpg\" alt=\"\" width=\"300\" height=\"225\" srcset=\"http:\/\/woiczik.de\/wp-content\/uploads\/2019\/03\/P1150452-300x225.jpg 300w, http:\/\/woiczik.de\/wp-content\/uploads\/2019\/03\/P1150452-400x300.jpg 400w, http:\/\/woiczik.de\/wp-content\/uploads\/2019\/03\/P1150452.jpg 640w\" sizes=\"(max-width: 300px) 100vw, 300px\" \/><\/a><p id=\"caption-attachment-3555\" class=\"wp-caption-text\">Mit der Siegerin Alina Reh<\/p><\/div>\n<p><strong>Mehr als 3.800 Teilnehmer<\/strong>, und damit nur knapp unter dem Teilnehmerlimit, sorgten beim Internationalen Karstadt Sports Citylauf in Dresden, traditionell das erste gro\u00dfe Stra\u00dfenrennen des Jahres in Deutschland, f\u00fcr einen stimmungsvollen Auftakt und zugleich f\u00fcr einen neuen Rekord. So viele L\u00e4ufer wie bei der 29. Auflage an diesem Sonntag waren in den mittlerweile fast drei Jahrzehnten noch nie am Start. \u201eDas ist ein Auftakt nach Ma\u00df.<\/p>\n<p><a href=\"http:\/\/woiczik.de\/wp-content\/uploads\/2019\/03\/P1150453.jpg\"><img loading=\"lazy\" decoding=\"async\" class=\"alignleft size-medium wp-image-3563\" src=\"http:\/\/woiczik.de\/wp-content\/uploads\/2019\/03\/P1150453-300x225.jpg\" alt=\"\" width=\"300\" height=\"225\" srcset=\"http:\/\/woiczik.de\/wp-content\/uploads\/2019\/03\/P1150453-300x225.jpg 300w, http:\/\/woiczik.de\/wp-content\/uploads\/2019\/03\/P1150453-768x576.jpg 768w, http:\/\/woiczik.de\/wp-content\/uploads\/2019\/03\/P1150453-1024x768.jpg 1024w, http:\/\/woiczik.de\/wp-content\/uploads\/2019\/03\/P1150453-400x300.jpg 400w\" sizes=\"(max-width: 300px) 100vw, 300px\" \/><\/a>Herzlichen Gl\u00fcckwunsch an alle Finisher. Das ver\u00e4nderte Konzept des Citylaufs hat sich schon jetzt bew\u00e4hrt und uns allen ganz tolle, emotionale Momente beschert\u201c, sagt Reinhardt Schmidt von der Laufszene Events GmbH, die zusammen mit dem Citylauf-Verein Dresden des beliebte Rennen organisiert und in diesem Jahr mit dem Umzug des Start- und Zielareals in die Messe Dresden einmal mehr neue Wege beschritten hat.<\/p>\n<p>&nbsp;<\/p>\n<div id=\"attachment_3556\" style=\"width: 310px\" class=\"wp-caption alignleft\"><a href=\"http:\/\/woiczik.de\/wp-content\/uploads\/2019\/03\/P1150460.jpg\"><img loading=\"lazy\" decoding=\"async\" aria-describedby=\"caption-attachment-3556\" class=\"size-medium wp-image-3556\" src=\"http:\/\/woiczik.de\/wp-content\/uploads\/2019\/03\/P1150460-300x225.jpg\" alt=\"\" width=\"300\" height=\"225\" srcset=\"http:\/\/woiczik.de\/wp-content\/uploads\/2019\/03\/P1150460-300x225.jpg 300w, http:\/\/woiczik.de\/wp-content\/uploads\/2019\/03\/P1150460-768x576.jpg 768w, http:\/\/woiczik.de\/wp-content\/uploads\/2019\/03\/P1150460-1024x768.jpg 1024w, http:\/\/woiczik.de\/wp-content\/uploads\/2019\/03\/P1150460-400x300.jpg 400w\" sizes=\"(max-width: 300px) 100vw, 300px\" \/><\/a><p id=\"caption-attachment-3556\" class=\"wp-caption-text\">Kurz vor dem Start zum 5 Kilometer Lauf<\/p><\/div>\n<div id=\"attachment_3557\" style=\"width: 310px\" class=\"wp-caption alignleft\"><a href=\"http:\/\/woiczik.de\/wp-content\/uploads\/2019\/03\/54436028_2103351343088667_1124542104471601152_o.jpg\"><img loading=\"lazy\" decoding=\"async\" aria-describedby=\"caption-attachment-3557\" class=\"size-medium wp-image-3557\" src=\"http:\/\/woiczik.de\/wp-content\/uploads\/2019\/03\/54436028_2103351343088667_1124542104471601152_o-300x200.jpg\" alt=\"\" width=\"300\" height=\"200\" srcset=\"http:\/\/woiczik.de\/wp-content\/uploads\/2019\/03\/54436028_2103351343088667_1124542104471601152_o-300x200.jpg 300w, http:\/\/woiczik.de\/wp-content\/uploads\/2019\/03\/54436028_2103351343088667_1124542104471601152_o-450x300.jpg 450w, http:\/\/woiczik.de\/wp-content\/uploads\/2019\/03\/54436028_2103351343088667_1124542104471601152_o.jpg 720w\" sizes=\"(max-width: 300px) 100vw, 300px\" \/><\/a><p id=\"caption-attachment-3557\" class=\"wp-caption-text\">Start zum 5er mit kanpp 1000 Teilnehmern<\/p><\/div>\n<p>F\u00fcr die 10-Kilometer-Starter ging es zun\u00e4chst vorbei am S\u00e4chsischen Landtag und anschlie\u00dfend zum Terrassenufer mit Sicht auf die Frauenkirche. Die L\u00e4ufer umrundeten das historische Rathaus, bevor sie die Kreuzkirche und den Zwinger passierten. Die 5-Kilometer-Teilnehmer liefen vorbei am F\u00fcrstenzug, durch das Georgentor, \u00fcber den Postplatz und am Zwinger vorbei. Neu in diesem Jahr war der Zieleinlauf.<\/p>\n<p>Ein langer roter Teppich empfang alle Finisher auf ihren letzten Metern zur Ziellinie vor der Dresdner Messehalle 1.<\/p>\n<p>&nbsp;<\/p>\n<p>&nbsp;<\/p>\n<p>&nbsp;<\/p>\n<p>&nbsp;<\/p>\n<p><strong>Hier findet man meinen Zieleinlauf:<\/strong><\/p>\n<p><a href=\"https:\/\/baer-service.de\/ergebnisse\/CDD\/2019\/50221\/\">https:\/\/baer-service.de\/ergebnisse\/CDD\/2019\/50221\/<\/a><\/p>\n<p>&nbsp;<\/p>\n<p><a href=\"http:\/\/woiczik.de\/wp-content\/uploads\/2019\/03\/P1150447.jpg\"><img loading=\"lazy\" decoding=\"async\" class=\"alignleft size-medium wp-image-3562\" src=\"http:\/\/woiczik.de\/wp-content\/uploads\/2019\/03\/P1150447-300x225.jpg\" alt=\"\" width=\"300\" height=\"225\" srcset=\"http:\/\/woiczik.de\/wp-content\/uploads\/2019\/03\/P1150447-300x225.jpg 300w, http:\/\/woiczik.de\/wp-content\/uploads\/2019\/03\/P1150447-768x576.jpg 768w, http:\/\/woiczik.de\/wp-content\/uploads\/2019\/03\/P1150447-1024x768.jpg 1024w, http:\/\/woiczik.de\/wp-content\/uploads\/2019\/03\/P1150447-400x300.jpg 400w\" sizes=\"(max-width: 300px) 100vw, 300px\" \/><\/a>25 Jahre hatte der Streckenrekord der ehemaligen Weltklasse-L\u00e4uferin Claudia Dreher beim Dresdner Citylauf Bestand. Dann kam Alina Reh und war auf der 10-Kilometer-Strecke 34 Sekunden schneller. Die 21-J\u00e4hrige vom SSV Ulm 1846 holte sich am Sonntag in der Elbe-Stadt in 32:06 Minuten mit gro\u00dfem Vorsprung den Sieg. Erst zweimal hatte sie selbst noch bessere Zeiten erzielt, zuletzt im Herbst in 31:23 Minuten bei ihrem deutschen U23-Rekord.<\/p>\n<p>\u00c4hnlich hoch ist die Leistung von Dresden einzusch\u00e4tzen, wenn man wei\u00df, dass Alina Reh auf den letzten vier, f\u00fcnf Kilometern ohne Tempomacher alleine gegen den Wind rennen musste. &#8222;Die Bedingungen waren sehr, sehr schwierig&#8220;, berichtet ihr Trainer J\u00fcrgen Austin-Kerl, &#8222;der Wind war brutal! Daher sind wir mit der Leistung sehr zufrieden. Nat\u00fcrlich w\u00e4re Alina gerne wieder unter 32 Minuten gelaufen, aber sie kann die Zeit unter diesen Bedingungen selbst gut einsch\u00e4tzen.&#8220;<\/p>\n<h2>Auch Sch\u00f6neborn-Zwillinge schnell unterwegs<\/h2>\n<p>Trainer und Athletin hatten sich kurzfristig f\u00fcr das Rennen entschieden, um die gute Form aus der Hallensaison noch einmal auf der Stra\u00dfe zu zeigen. Denn im Herbst k\u00f6nnte es daf\u00fcr aufgrund der sp\u00e4ten WM keine Gelegenheit mehr geben. Nun sind zehn Tage Regeneration mit lockerem, unspezifischen Training sowie in der kommenden Woche eine Leistungsdiagonistik angesagt, bevor im April mit einem Trainingslager im Allg\u00e4u die Vorbereitung auf den WM-Sommer beginnt.<\/p>\n<p>Auf Platz zwei lieferte unter diesen Bedingungen auch Deborah Sch\u00f6neborn (LG Nord Berlin; 33:52 min) eine gute Leistung ab. Ihren Hausrekord von 33:39 Minuten, der im Vorjahr Rang sieben in Deutschland bedeutet hatte, verpasste sie nur knapp. Platz drei und vier gingen an die geb\u00fcrtige Kenianerin Brendah Kebeya (LG Bamberg; 34:00 min) und Rabea Sch\u00f6neborn (LG Nord Berlin), die in 34:43 Minuten Bestzeit lief.<\/p>\n<p>Der erste L\u00e4ufer, der am Sonntagmittag \u00fcber den roten Teppich der Dresdner Messehalle lief, war Philipp Reinhardt. Der vielseitige Athlet vom LC Jena, der von den 1.500 Metern \u00fcber die Hindernisse bis hin zu den 10 Kilometern auf der Stra\u00dfe alle Strecken beherrscht, holte sich den Sieg in der M\u00e4nner-Konkurrenz. In 30:23 Minuten kam jedoch auch er bei den Witterungsverh\u00e4ltnissen nicht in die Regionen seine Bestmarke (29:27 min). Im Rahmen vom Citylauf wurden auch die Stra\u00dfenlauf- Landesmeisterschaften ausgetragen.<\/p>\n<p><strong>Sophie Kretschmer l\u00e4sst das \u00fcbrige Feld alt aussehen<\/strong><\/p>\n<p>Sophie Kretschmer kam nach 18:51 Minuten als erste Frau beim 5-Kilometer-Rennen ins Ziel. Mit mehr als eineinhalb Minuten Abstand folgten Celine Noack (20:34 Minuten) und Corinna Rose (20:47 Minuten). Bei den <span class=\"vm-hook-outer vm-hook-default vm-hook-inview\"><span class=\"vm-hook\">M\u00e4nnern <\/span><\/span>feierte Eyob Solomun nach 15:38 Minuten den 5-Kilometer-Sieg. David Kucera erreichte nur sechs Sekunden sp\u00e4ter (15:44 Minuten) das Ziel. Julian Gering wurde in 15:53 Minuten Dritter.<\/p>\n<p><strong>Mein Rennen:<\/strong><\/p>\n<p><a href=\"http:\/\/woiczik.de\/wp-content\/uploads\/2019\/03\/P1150464.jpg\"><img loading=\"lazy\" decoding=\"async\" class=\"alignleft size-medium wp-image-3564\" src=\"http:\/\/woiczik.de\/wp-content\/uploads\/2019\/03\/P1150464-300x225.jpg\" alt=\"\" width=\"300\" height=\"225\" srcset=\"http:\/\/woiczik.de\/wp-content\/uploads\/2019\/03\/P1150464-300x225.jpg 300w, http:\/\/woiczik.de\/wp-content\/uploads\/2019\/03\/P1150464-400x300.jpg 400w, http:\/\/woiczik.de\/wp-content\/uploads\/2019\/03\/P1150464.jpg 640w\" sizes=\"(max-width: 300px) 100vw, 300px\" \/><\/a>Von 926 angemeldeten Teilnehmer fanden sich letztendlich <strong>805 Teilnehmer<\/strong> zum Start zum 5 Kilometer ein. Mit einem f\u00fcr mich tollen <strong>45.Gesamtplatz<\/strong> und mit dem <strong>Bronzeplatz in der Altersklasse M50<\/strong> erzielte ich eines meiner besten Ergebnisse bei meinen bisherigen Teilnahmen beim Citylauf in Dresden.<\/p>\n<p>&nbsp;<\/p>\n<p><a href=\"http:\/\/woiczik.de\/wp-content\/uploads\/2019\/03\/P1150463.jpg\"><img loading=\"lazy\" decoding=\"async\" class=\"alignleft size-medium wp-image-3565\" src=\"http:\/\/woiczik.de\/wp-content\/uploads\/2019\/03\/P1150463-300x225.jpg\" alt=\"\" width=\"300\" height=\"225\" srcset=\"http:\/\/woiczik.de\/wp-content\/uploads\/2019\/03\/P1150463-300x225.jpg 300w, http:\/\/woiczik.de\/wp-content\/uploads\/2019\/03\/P1150463-768x576.jpg 768w, http:\/\/woiczik.de\/wp-content\/uploads\/2019\/03\/P1150463-1024x768.jpg 1024w, http:\/\/woiczik.de\/wp-content\/uploads\/2019\/03\/P1150463-400x300.jpg 400w\" sizes=\"(max-width: 300px) 100vw, 300px\" \/><\/a>Nach 4:04 Minuten, folgte eine Kilometerzeit von 4:06 Minuten und bis der heftige b\u00f6ige Wind eine weitaus schnellere Zielzeit verhinderte, lag ich zur H\u00e4lfte des Rennens bei 2,5 Kilometer mit einer Zeit von 10:12 Minuten auf Gesamtplatz 42.<\/p>\n<p>&nbsp;<\/p>\n<p>&nbsp;<\/p>\n<p><strong>Ich sage &#8222;Danke&#8220;<\/strong><\/p>\n<p><strong>An dieser Stelle sage ich Allen ein gro\u00dfes Dankesch\u00f6n, welche mir zu meinem 51.Geburtstag per SMS, Whatsapp, Anruf, Videobotschaft oder pers\u00f6nlich in Dresden gratuliert haben.<\/strong><\/p>\n","protected":false},"excerpt":{"rendered":"<p>Views: 829Mit dem Euro City ging es am 15.03. vom Bahnhof S\u00fcdkreuz um 15.07 Uhr Richtung Dresden. Das sch\u00f6ne Hotel Pullman Dresden Newa diente f\u00fcr zwei N\u00e4chte als Headquarter nicht nur f\u00fcr die Topathleten vom 29. Citylauf Dresden, sondern auch &hellip; <a href=\"http:\/\/woiczik.de\/?p=3551\">Weiterlesen <span class=\"meta-nav\">&rarr;<\/span><\/a><\/p>\n","protected":false},"author":1,"featured_media":0,"comment_status":"open","ping_status":"open","sticky":false,"template":"","format":"gallery","meta":{"footnotes":""},"categories":[3],"tags":[],"class_list":["post-3551","post","type-post","status-publish","format-gallery","hentry","category-sport","post_format-post-format-gallery"],"_links":{"self":[{"href":"http:\/\/woiczik.de\/index.php?rest_route=\/wp\/v2\/posts\/3551"}],"collection":[{"href":"http:\/\/woiczik.de\/index.php?rest_route=\/wp\/v2\/posts"}],"about":[{"href":"http:\/\/woiczik.de\/index.php?rest_route=\/wp\/v2\/types\/post"}],"author":[{"embeddable":true,"href":"http:\/\/woiczik.de\/index.php?rest_route=\/wp\/v2\/users\/1"}],"replies":[{"embeddable":true,"href":"http:\/\/woiczik.de\/index.php?rest_route=%2Fwp%2Fv2%2Fcomments&post=3551"}],"version-history":[{"count":6,"href":"http:\/\/woiczik.de\/index.php?rest_route=\/wp\/v2\/posts\/3551\/revisions"}],"predecessor-version":[{"id":4086,"href":"http:\/\/woiczik.de\/index.php?rest_route=\/wp\/v2\/posts\/3551\/revisions\/4086"}],"wp:attachment":[{"href":"http:\/\/woiczik.de\/index.php?rest_route=%2Fwp%2Fv2%2Fmedia&parent=3551"}],"wp:term":[{"taxonomy":"category","embeddable":true,"href":"http:\/\/woiczik.de\/index.php?rest_route=%2Fwp%2Fv2%2Fcategories&post=3551"},{"taxonomy":"post_tag","embeddable":true,"href":"http:\/\/woiczik.de\/index.php?rest_route=%2Fwp%2Fv2%2Ftags&post=3551"}],"curies":[{"name":"wp","href":"https:\/\/api.w.org\/{rel}","templated":true}]}}