{"id":4144,"date":"2020-04-20T14:34:28","date_gmt":"2020-04-20T12:34:28","guid":{"rendered":"http:\/\/woiczik.de\/?p=4144"},"modified":"2023-07-20T14:07:12","modified_gmt":"2023-07-20T12:07:12","slug":"laufen-in-der-corona-krise","status":"publish","type":"post","link":"http:\/\/woiczik.de\/?p=4144","title":{"rendered":"Laufen in der Corona Krise- der 1. &#8222;Woiczik Drittelmarathon&#8220; am 20.04.2020"},"content":{"rendered":"<p>Views: 1549<\/p><div id=\"attachment_4157\" style=\"width: 235px\" class=\"wp-caption alignleft\"><a href=\"http:\/\/woiczik.de\/wp-content\/uploads\/2020\/04\/IMG_20200421_102857539_PORTRAIT.jpg\"><img loading=\"lazy\" decoding=\"async\" aria-describedby=\"caption-attachment-4157\" class=\"size-medium wp-image-4157\" src=\"http:\/\/woiczik.de\/wp-content\/uploads\/2020\/04\/IMG_20200421_102857539_PORTRAIT-225x300.jpg\" alt=\"\" width=\"225\" height=\"300\" srcset=\"http:\/\/woiczik.de\/wp-content\/uploads\/2020\/04\/IMG_20200421_102857539_PORTRAIT-225x300.jpg 225w, http:\/\/woiczik.de\/wp-content\/uploads\/2020\/04\/IMG_20200421_102857539_PORTRAIT-768x1024.jpg 768w, http:\/\/woiczik.de\/wp-content\/uploads\/2020\/04\/IMG_20200421_102857539_PORTRAIT.jpg 810w\" sizes=\"(max-width: 225px) 100vw, 225px\" \/><\/a><p id=\"caption-attachment-4157\" class=\"wp-caption-text\">Kurz vor dem Start<\/p><\/div>\n<p>W\u00e4hrend die Coronavirus-Krise weltweit die Laufveranstaltungen stoppt, sieht man zugleich in vielen St\u00e4dten so viele L\u00e4ufer auf den Stra\u00dfen wie vielleicht nie zuvor.\u00a0Keiner kann aktuell prognostizieren, wie sich der weitere Verlauf entwickeln wird und ab wann wir wieder bei Laufveranstaltungen am Start stehen k\u00f6nnen.\u00a0Bislang war mein letzter Wettkampf im Oktober der Halbmarathon 2019 in Dresden, danach fielen vier geplante Wettk\u00e4mpfe und eine Leistungsdiagnostik dem Corona-Virus zum Opfer. Der Senftenberger Seen Lauf Mitte Juni 2020 wird wohl auch abgesagt werden m\u00fcssen. Auf jeden Fall will ich bis dahin meinen sportlichen Schwung beibehalten.<\/p>\n<p>&nbsp;<\/p>\n<div id=\"attachment_4158\" style=\"width: 235px\" class=\"wp-caption alignleft\"><a href=\"http:\/\/woiczik.de\/wp-content\/uploads\/2020\/04\/IMG_20200421_110359133_PORTRAIT.jpg\"><img loading=\"lazy\" decoding=\"async\" aria-describedby=\"caption-attachment-4158\" class=\"size-medium wp-image-4158\" src=\"http:\/\/woiczik.de\/wp-content\/uploads\/2020\/04\/IMG_20200421_110359133_PORTRAIT-225x300.jpg\" alt=\"\" width=\"225\" height=\"300\" srcset=\"http:\/\/woiczik.de\/wp-content\/uploads\/2020\/04\/IMG_20200421_110359133_PORTRAIT-225x300.jpg 225w, http:\/\/woiczik.de\/wp-content\/uploads\/2020\/04\/IMG_20200421_110359133_PORTRAIT-768x1024.jpg 768w, http:\/\/woiczik.de\/wp-content\/uploads\/2020\/04\/IMG_20200421_110359133_PORTRAIT.jpg 810w\" sizes=\"(max-width: 225px) 100vw, 225px\" \/><\/a><p id=\"caption-attachment-4158\" class=\"wp-caption-text\">Gleich ist die H\u00e4lfte geschafft<\/p><\/div>\n<p>Daher entschloss ich mich am 20.04.2020 den <strong>&#8222;1. Woiczik Drittelmarathon&#8220;<\/strong> zu veranstalten und durchzuf\u00fchren. Mit mir als einzigen Teilnehmer aufgrund der beh\u00f6rdlichen Kontaktsperren. Ich suchte mir eine sehr abwechslungsreiche 14,2 km lange Strecke aus. Start und Ziel waren der S-Bahnhof Wannsee. Von da f\u00fchrte die Strecke auf die wellige K\u00f6nigsstr. Von da ging es aufw\u00e4rts zum Sch\u00e4ferberg.\u00a0 Dieser auch <strong>Kilometerberg<\/strong> genannt, ist eine nat\u00fcrliche Erhebung im D\u00fcppeler Forst auf der Insel Wannsee im Berliner Ortsteil Wannsee, Bezirk Steglitz-Zehlendorf. Mit 103,2 m \u00fc. NHN ist er die vierth\u00f6chste Erhebung in Berlin.<\/p>\n<p>&nbsp;<\/p>\n<div id=\"attachment_4159\" style=\"width: 235px\" class=\"wp-caption alignleft\"><a href=\"http:\/\/woiczik.de\/wp-content\/uploads\/2020\/04\/IMG_20200421_110341165_PORTRAIT.jpg\"><img loading=\"lazy\" decoding=\"async\" aria-describedby=\"caption-attachment-4159\" class=\"size-medium wp-image-4159\" src=\"http:\/\/woiczik.de\/wp-content\/uploads\/2020\/04\/IMG_20200421_110341165_PORTRAIT-225x300.jpg\" alt=\"\" width=\"225\" height=\"300\" srcset=\"http:\/\/woiczik.de\/wp-content\/uploads\/2020\/04\/IMG_20200421_110341165_PORTRAIT-225x300.jpg 225w, http:\/\/woiczik.de\/wp-content\/uploads\/2020\/04\/IMG_20200421_110341165_PORTRAIT-768x1024.jpg 768w, http:\/\/woiczik.de\/wp-content\/uploads\/2020\/04\/IMG_20200421_110341165_PORTRAIT.jpg 810w\" sizes=\"(max-width: 225px) 100vw, 225px\" \/><\/a><p id=\"caption-attachment-4159\" class=\"wp-caption-text\">Zur\u00fcck nach Wannsee<\/p><\/div>\n<p>Wegen der Bundesstra\u00dfe 1, dort K\u00f6nigstra\u00dfe genannt, die auf 1,97 Kilometer L\u00e4nge etwa 40 Meter H\u00f6henunterschied \u00fcberwindet, hei\u00dft die Erhebung auch Kilometerberg. Weiter f\u00fchrte der Kurs zur weltber\u00fchmten Glienicker Br\u00fccke und 400 Meter in die Landeshauptstadt von Brandenburg, n\u00e4mlich nach Potsdam. Dann ging es zur\u00fcck zum Ziel.<strong> Um 10.00 Uhr erfolgte dann der Start bei sehr b\u00f6igem Wind, heiterem Himmel und 12 Grad .<\/strong> Die ersten 5 km ging ich recht ruhig in 25:11 Minuten an, erreichte nach 35:06 Minuten die Wende in Potsdam und k\u00e4mpfte gegen den starken b\u00f6igen Wind. Die 10 Kilometer Marke passierte ich in 49:42 Minuten.<\/p>\n<p>&nbsp;<\/p>\n<div id=\"attachment_4160\" style=\"width: 235px\" class=\"wp-caption alignleft\"><a href=\"http:\/\/woiczik.de\/wp-content\/uploads\/2020\/04\/IMG_20200421_110716345_PORTRAIT.jpg\"><img loading=\"lazy\" decoding=\"async\" aria-describedby=\"caption-attachment-4160\" class=\"size-medium wp-image-4160\" src=\"http:\/\/woiczik.de\/wp-content\/uploads\/2020\/04\/IMG_20200421_110716345_PORTRAIT-225x300.jpg\" alt=\"\" width=\"225\" height=\"300\" srcset=\"http:\/\/woiczik.de\/wp-content\/uploads\/2020\/04\/IMG_20200421_110716345_PORTRAIT-225x300.jpg 225w, http:\/\/woiczik.de\/wp-content\/uploads\/2020\/04\/IMG_20200421_110716345_PORTRAIT-768x1024.jpg 768w, http:\/\/woiczik.de\/wp-content\/uploads\/2020\/04\/IMG_20200421_110716345_PORTRAIT.jpg 810w\" sizes=\"(max-width: 225px) 100vw, 225px\" \/><\/a><p id=\"caption-attachment-4160\" class=\"wp-caption-text\">Happy im Ziel<\/p><\/div>\n<p>Die n\u00e4chsten Kilometer lief ich in 4:53, 4:51,4:39 Minuten und steigerte mich zum Schluss mit voller Power auf <strong>8:51 Minuten f\u00fcr die 2,2 km<\/strong>. Sehr zufrieden und happy erreichte ich das Ziel am S-Bahnhof Wannsee nach <strong>1:08:03 h f\u00fcr die 14,2 km<\/strong>. Meine Pulswerte lagen im Durchschnitt bei 143 und in der Spitze bei 164. 1,5 km bin ich des Weiteren je Ein-und Ausgelaufen. <strong>Laufen ist ein Fixpunkt<\/strong> in meiner Woche und im Leben, baut Stress ab, sorgt f\u00fcr meinen Seelenfrieden (der aber leider seit einigen Wochen in Unruhe geraten ist) und tr\u00e4gt somit im Normalfall wunderbar zu meiner geistigen und k\u00f6rperlichen Gesundheit bei. Es tut einfach gut, st\u00e4rkt mein Immunsystem, macht mich leistungsf\u00e4hig (altersbedingt f\u00fcr einen 52 j\u00e4hrigen, Zipperlein geplagten Lebensl\u00e4ufer) und resilient.<\/p>\n<p>&nbsp;<\/p>\n<p><a href=\"http:\/\/woiczik.de\/wp-content\/uploads\/2020\/04\/Screenshot_20200421-144715.jpg\"><img loading=\"lazy\" decoding=\"async\" class=\"alignleft size-medium wp-image-4161\" src=\"http:\/\/woiczik.de\/wp-content\/uploads\/2020\/04\/Screenshot_20200421-144715-129x300.jpg\" alt=\"\" width=\"129\" height=\"300\" srcset=\"http:\/\/woiczik.de\/wp-content\/uploads\/2020\/04\/Screenshot_20200421-144715-129x300.jpg 129w, http:\/\/woiczik.de\/wp-content\/uploads\/2020\/04\/Screenshot_20200421-144715-768x1792.jpg 768w, http:\/\/woiczik.de\/wp-content\/uploads\/2020\/04\/Screenshot_20200421-144715-439x1024.jpg 439w, http:\/\/woiczik.de\/wp-content\/uploads\/2020\/04\/Screenshot_20200421-144715.jpg 1080w\" sizes=\"(max-width: 129px) 100vw, 129px\" \/><\/a>Und gerade letzteres braucht man in der Krise ganz besonders. Bereits vor einigen Wochen habe ich dazu einige Zeilen geschrieben (Stell dir vor, es ist Wettkampf und keiner darf hin!).\u00a0 Derzeit laufe ich 4-5 x (Umfang zwischen 38 und 60 km), fahre nach Jahren wieder mit meinem fast 30 Jahren alten Mountainbike 2 bis 3 Mal zwischen 30 und 50 km in der Woche. Dazu 2-3 x ein Power Work inkl. Atem\u00fcbungen und Dehnprogramm. Sehr viel Bewegung, soviel wie seit Jahren nicht mehr. Das Zwerchfell meckert zwar weiter (wohl stressbedingt), aber ich bin da in guten H\u00e4nden bei der Behandlung dieser Beschwerden. Des Weiteren habe ich mir bei einer Tempoeinheit vor Tagen eine Rippe gezerrt, was Recht schmerzhaft ist. Daher bin ich total happy \u00fcber die heutige Laufeinheit.<\/p>\n<p><strong>Gerade wurde \u00fcbrigens die Absage vom diesj\u00e4hrigen Berlin Marathon bekannt gegeben.<\/strong><\/p>\n<p><strong>14.58 Uhr: Berlin-Marathon im September kann nicht stattfinden<\/strong><br \/>\nDer f\u00fcr den 27. September geplante Berlin-Marathon wird in diesem Jahr wegen der Corona-Krise abgesagt. Der Senat beschloss am Dienstag nach Informationen der Deutschen Presse-Agentur ein Verbot von Gro\u00dfveranstaltungen mit mehr als 5000 Teilnehmern bis zum 24. Oktober.<\/p>\n","protected":false},"excerpt":{"rendered":"<p>Views: 1549W\u00e4hrend die Coronavirus-Krise weltweit die Laufveranstaltungen stoppt, sieht man zugleich in vielen St\u00e4dten so viele L\u00e4ufer auf den Stra\u00dfen wie vielleicht nie zuvor.\u00a0Keiner kann aktuell prognostizieren, wie sich der weitere Verlauf entwickeln wird und ab wann wir wieder bei &hellip; <a href=\"http:\/\/woiczik.de\/?p=4144\">Weiterlesen <span class=\"meta-nav\">&rarr;<\/span><\/a><\/p>\n","protected":false},"author":1,"featured_media":0,"comment_status":"open","ping_status":"open","sticky":false,"template":"","format":"gallery","meta":{"footnotes":""},"categories":[3],"tags":[],"class_list":["post-4144","post","type-post","status-publish","format-gallery","hentry","category-sport","post_format-post-format-gallery"],"_links":{"self":[{"href":"http:\/\/woiczik.de\/index.php?rest_route=\/wp\/v2\/posts\/4144"}],"collection":[{"href":"http:\/\/woiczik.de\/index.php?rest_route=\/wp\/v2\/posts"}],"about":[{"href":"http:\/\/woiczik.de\/index.php?rest_route=\/wp\/v2\/types\/post"}],"author":[{"embeddable":true,"href":"http:\/\/woiczik.de\/index.php?rest_route=\/wp\/v2\/users\/1"}],"replies":[{"embeddable":true,"href":"http:\/\/woiczik.de\/index.php?rest_route=%2Fwp%2Fv2%2Fcomments&post=4144"}],"version-history":[{"count":9,"href":"http:\/\/woiczik.de\/index.php?rest_route=\/wp\/v2\/posts\/4144\/revisions"}],"predecessor-version":[{"id":6672,"href":"http:\/\/woiczik.de\/index.php?rest_route=\/wp\/v2\/posts\/4144\/revisions\/6672"}],"wp:attachment":[{"href":"http:\/\/woiczik.de\/index.php?rest_route=%2Fwp%2Fv2%2Fmedia&parent=4144"}],"wp:term":[{"taxonomy":"category","embeddable":true,"href":"http:\/\/woiczik.de\/index.php?rest_route=%2Fwp%2Fv2%2Fcategories&post=4144"},{"taxonomy":"post_tag","embeddable":true,"href":"http:\/\/woiczik.de\/index.php?rest_route=%2Fwp%2Fv2%2Ftags&post=4144"}],"curies":[{"name":"wp","href":"https:\/\/api.w.org\/{rel}","templated":true}]}}