{"id":4347,"date":"2020-08-24T08:50:12","date_gmt":"2020-08-24T06:50:12","guid":{"rendered":"http:\/\/woiczik.de\/?p=4347"},"modified":"2020-08-24T09:20:25","modified_gmt":"2020-08-24T07:20:25","slug":"restart-run-nr-2-in-dresden-am-23-08-2020","status":"publish","type":"post","link":"http:\/\/woiczik.de\/?p=4347","title":{"rendered":"RESTART RUN Nr. 2 in Dresden am 23.08.2020"},"content":{"rendered":"<p>Views: 753<\/p><div id=\"attachment_4348\" style=\"width: 310px\" class=\"wp-caption alignleft\"><a href=\"http:\/\/woiczik.de\/wp-content\/uploads\/2020\/08\/Ufer2.jpg\"><img loading=\"lazy\" decoding=\"async\" aria-describedby=\"caption-attachment-4348\" class=\"size-medium wp-image-4348\" src=\"http:\/\/woiczik.de\/wp-content\/uploads\/2020\/08\/Ufer2-300x169.jpg\" alt=\"\" width=\"300\" height=\"169\" srcset=\"http:\/\/woiczik.de\/wp-content\/uploads\/2020\/08\/Ufer2-300x169.jpg 300w, http:\/\/woiczik.de\/wp-content\/uploads\/2020\/08\/Ufer2-768x433.jpg 768w, http:\/\/woiczik.de\/wp-content\/uploads\/2020\/08\/Ufer2-1024x577.jpg 1024w, http:\/\/woiczik.de\/wp-content\/uploads\/2020\/08\/Ufer2-500x282.jpg 500w\" sizes=\"(max-width: 300px) 100vw, 300px\" \/><\/a><p id=\"caption-attachment-4348\" class=\"wp-caption-text\">Blick auf die Skyline in Dresden kurz vor km 4<\/p><\/div>\n<p>2 Tage nach dem der Dresden Marathon f\u00fcr den 18.10.2020 leider abgesagt worden ist, fand der zweite RESTART RUN\u00a0 (FCK Corona) am 23.08.2020 im sch\u00f6nen Dresden statt. Winfried Schumann (TUS Neuk\u00f6lln), J\u00f6rg Beinlich (TSV Rudow) und ich trafen uns um 7.45 Uhr und fuhren dank dem lieben Winfried zusammen nach Dresden.<\/p>\n<div id=\"attachment_4349\" style=\"width: 139px\" class=\"wp-caption alignleft\"><a href=\"http:\/\/woiczik.de\/wp-content\/uploads\/2020\/08\/Screenshot_20200823-160338.png\"><img loading=\"lazy\" decoding=\"async\" aria-describedby=\"caption-attachment-4349\" class=\"size-medium wp-image-4349\" src=\"http:\/\/woiczik.de\/wp-content\/uploads\/2020\/08\/Screenshot_20200823-160338-129x300.png\" alt=\"\" width=\"129\" height=\"300\" srcset=\"http:\/\/woiczik.de\/wp-content\/uploads\/2020\/08\/Screenshot_20200823-160338-129x300.png 129w, http:\/\/woiczik.de\/wp-content\/uploads\/2020\/08\/Screenshot_20200823-160338-768x1792.png 768w, http:\/\/woiczik.de\/wp-content\/uploads\/2020\/08\/Screenshot_20200823-160338-439x1024.png 439w, http:\/\/woiczik.de\/wp-content\/uploads\/2020\/08\/Screenshot_20200823-160338.png 1080w\" sizes=\"(max-width: 129px) 100vw, 129px\" \/><\/a><p id=\"caption-attachment-4349\" class=\"wp-caption-text\">Die Strecke in Dresden<\/p><\/div>\n<p>90 Minuten sp\u00e4ter trafen wir in Dresden am Startbereich ein und besorgten uns die Startunterlagen. Danach fuhren wir zu einem Parkplatz nahe dem Zielbereich am\u00a0Heinz-Steyer-Stadion, machten uns &#8222;Startklar&#8220; und liefen die 3,5 km zum Startbereich ruhig ein. Um 10.30 Uhr waren bereits die gut 250 L\u00e4ufer(innen) der &#8222;dritten Welle&#8220; dort eingetroffen und fieberten dem anspruchsvollen Lauf bei viel Sonne, 23 Grad (unangenehme Laufbedingungen) und zahlreichen Br\u00fccken\u00fcberquerungen mit zum Teil heftigen Anstiegen zu.\u00a0Die Strecke f\u00fchrte \u00fcber 7,2 oder 10 Kilometer bis ins Heinz-Steyer-Stadion, der Start erfolgte am Ballhaus Watzke. Auf dieser Elbseite ist noch nie ein Lauf gestartet, was ganz sicher auf dem Elberadweg bis zum \u00dcberqueren der Albertbr\u00fccke ganz neue Blicke auf die Dresdner Altstadt uns bescherte. Auf der anderen Elbseite ging es dann \u00fcber das Terrassenufer bis ins Stadion.<\/p>\n<p>&nbsp;<\/p>\n<p>&nbsp;<\/p>\n<p>&nbsp;<\/p>\n<p>&nbsp;<\/p>\n<p><a href=\"http:\/\/woiczik.de\/wp-content\/uploads\/2020\/08\/P1160305.jpg\"><img loading=\"lazy\" decoding=\"async\" class=\"alignleft size-medium wp-image-4350\" src=\"http:\/\/woiczik.de\/wp-content\/uploads\/2020\/08\/P1160305-300x225.jpg\" alt=\"\" width=\"300\" height=\"225\" srcset=\"http:\/\/woiczik.de\/wp-content\/uploads\/2020\/08\/P1160305-300x225.jpg 300w, http:\/\/woiczik.de\/wp-content\/uploads\/2020\/08\/P1160305-400x300.jpg 400w, http:\/\/woiczik.de\/wp-content\/uploads\/2020\/08\/P1160305.jpg 640w\" sizes=\"(max-width: 300px) 100vw, 300px\" \/><\/a><\/p>\n<p><em><strong>Es ging wieder los, die Pause ist endg\u00fcltig vorbei. Es gibt wieder echte L\u00e4ufe, damit neue Motivation und f\u00fcr den Lauf in Dresden auch ein konkretes Ziel: der RESTART RUN 2.<\/strong><\/em><strong>\u201eDer Name sagt alles. RESTART RUN steht f\u00fcr Neubeginn: Gelaufen wurde nat\u00fcrlich auch w\u00e4hrend des Corona-Lockdowns, vermutlich sogar so viel wie noch nie.<\/strong><\/p>\n<div id=\"attachment_4351\" style=\"width: 310px\" class=\"wp-caption alignleft\"><a href=\"http:\/\/woiczik.de\/wp-content\/uploads\/2020\/08\/118238834_3185756168181507_3849979795319213213_o.jpg\"><img loading=\"lazy\" decoding=\"async\" aria-describedby=\"caption-attachment-4351\" class=\"wp-image-4351 size-medium\" src=\"http:\/\/woiczik.de\/wp-content\/uploads\/2020\/08\/118238834_3185756168181507_3849979795319213213_o-300x200.jpg\" alt=\"\" width=\"300\" height=\"200\" srcset=\"http:\/\/woiczik.de\/wp-content\/uploads\/2020\/08\/118238834_3185756168181507_3849979795319213213_o-300x200.jpg 300w, http:\/\/woiczik.de\/wp-content\/uploads\/2020\/08\/118238834_3185756168181507_3849979795319213213_o-768x512.jpg 768w, http:\/\/woiczik.de\/wp-content\/uploads\/2020\/08\/118238834_3185756168181507_3849979795319213213_o-1024x683.jpg 1024w, http:\/\/woiczik.de\/wp-content\/uploads\/2020\/08\/118238834_3185756168181507_3849979795319213213_o-450x300.jpg 450w, http:\/\/woiczik.de\/wp-content\/uploads\/2020\/08\/118238834_3185756168181507_3849979795319213213_o.jpg 1500w\" sizes=\"(max-width: 300px) 100vw, 300px\" \/><\/a><p id=\"caption-attachment-4351\" class=\"wp-caption-text\">Kurz vor Kilometer 4 (Foto: Laufszene Sachsen)<\/p><\/div>\n<p>Umso sch\u00f6ner ist es, dass wir nun alle wieder zusammen loslegen konnten, zumal die Nachfragen seit einigen Wochen auch immer mehr werden\u201c, sagt Andr\u00e9 Egger von der Laufszene Events GmbH, die mit dem RESTART RUN 1 am 21. Juni bereits f\u00fcr einen ersten Aha-Effekt gesorgt hat.L\u00e4uft wieder! Rund 500 L\u00e4ufer waren Ende Juni auf Anhieb dabei. Bei der heutigen Ausgabe gingen gut 500 L\u00e4ufer(innen) an den Start.<\/p>\n<div id=\"attachment_4352\" style=\"width: 310px\" class=\"wp-caption alignleft\"><a href=\"http:\/\/woiczik.de\/wp-content\/uploads\/2020\/08\/118276577_3185758598181264_5864719366059194666_o.jpg\"><img loading=\"lazy\" decoding=\"async\" aria-describedby=\"caption-attachment-4352\" class=\"size-medium wp-image-4352\" src=\"http:\/\/woiczik.de\/wp-content\/uploads\/2020\/08\/118276577_3185758598181264_5864719366059194666_o-300x200.jpg\" alt=\"\" width=\"300\" height=\"200\" srcset=\"http:\/\/woiczik.de\/wp-content\/uploads\/2020\/08\/118276577_3185758598181264_5864719366059194666_o-300x200.jpg 300w, http:\/\/woiczik.de\/wp-content\/uploads\/2020\/08\/118276577_3185758598181264_5864719366059194666_o-768x512.jpg 768w, http:\/\/woiczik.de\/wp-content\/uploads\/2020\/08\/118276577_3185758598181264_5864719366059194666_o-1024x683.jpg 1024w, http:\/\/woiczik.de\/wp-content\/uploads\/2020\/08\/118276577_3185758598181264_5864719366059194666_o-450x300.jpg 450w, http:\/\/woiczik.de\/wp-content\/uploads\/2020\/08\/118276577_3185758598181264_5864719366059194666_o.jpg 1500w\" sizes=\"(max-width: 300px) 100vw, 300px\" \/><\/a><p id=\"caption-attachment-4352\" class=\"wp-caption-text\">J\u00f6rg in Aktion<\/p><\/div>\n<p><strong>\u201eWir haben uns wirklich gefreut, in so viele gl\u00fcckliche, zufriedene und am Ende auch abgek\u00e4mpfte<\/strong>\u00a0Gesichter sehen zu k\u00f6nnen\u201c, erkl\u00e4rt Egger, und er verweist auf ein Novum. Die Strecke f\u00fchrte wieder \u00fcber 7,2 und 10 Kilometer bis ins Heinz-Steyer-Stadion, doch der Start erfolgte diesmal am Ballhaus Watzke. \u201eAuf dieser Elbseite ist noch nie ein Lauf gestartet, was den L\u00e4ufern auf dem Elberadweg bis zum \u00dcberqueren der Albertbr\u00fccke ganz neue Blicke auf die Dresdner Altstadt bescherte\u201c, sagt Andr\u00e9 Egger.<\/p>\n<div id=\"attachment_4353\" style=\"width: 310px\" class=\"wp-caption alignleft\"><a href=\"http:\/\/woiczik.de\/wp-content\/uploads\/2020\/08\/118214081_3185765451513912_4718724819755634718_o.jpg\"><img loading=\"lazy\" decoding=\"async\" aria-describedby=\"caption-attachment-4353\" class=\"size-medium wp-image-4353\" src=\"http:\/\/woiczik.de\/wp-content\/uploads\/2020\/08\/118214081_3185765451513912_4718724819755634718_o-300x200.jpg\" alt=\"\" width=\"300\" height=\"200\" srcset=\"http:\/\/woiczik.de\/wp-content\/uploads\/2020\/08\/118214081_3185765451513912_4718724819755634718_o-300x200.jpg 300w, http:\/\/woiczik.de\/wp-content\/uploads\/2020\/08\/118214081_3185765451513912_4718724819755634718_o-768x512.jpg 768w, http:\/\/woiczik.de\/wp-content\/uploads\/2020\/08\/118214081_3185765451513912_4718724819755634718_o-1024x683.jpg 1024w, http:\/\/woiczik.de\/wp-content\/uploads\/2020\/08\/118214081_3185765451513912_4718724819755634718_o-450x300.jpg 450w, http:\/\/woiczik.de\/wp-content\/uploads\/2020\/08\/118214081_3185765451513912_4718724819755634718_o.jpg 1500w\" sizes=\"(max-width: 300px) 100vw, 300px\" \/><\/a><p id=\"caption-attachment-4353\" class=\"wp-caption-text\">Kurz nach dem Start<\/p><\/div>\n<p><strong>Auch dem RESTART RUN 2 lag ein umfangreiches Hygienekonzept zugrunde<\/strong>. Der Start erfolgte nicht in einer engen Startgasse, sondern ungezwungen auf einem gro\u00dfen Areal. Zudem verteilten sich die Teilnehmer auf vier Startwellen. Im Startareal trugen alle einen Mund-Nase-Schutz.<\/p>\n<p>&nbsp;<\/p>\n<div id=\"attachment_4354\" style=\"width: 235px\" class=\"wp-caption alignleft\"><a href=\"http:\/\/woiczik.de\/wp-content\/uploads\/2020\/08\/IMG-20200823-WA0001.jpg\"><img loading=\"lazy\" decoding=\"async\" aria-describedby=\"caption-attachment-4354\" class=\"wp-image-4354 size-medium\" src=\"http:\/\/woiczik.de\/wp-content\/uploads\/2020\/08\/IMG-20200823-WA0001-225x300.jpg\" alt=\"\" width=\"225\" height=\"300\" srcset=\"http:\/\/woiczik.de\/wp-content\/uploads\/2020\/08\/IMG-20200823-WA0001-225x300.jpg 225w, http:\/\/woiczik.de\/wp-content\/uploads\/2020\/08\/IMG-20200823-WA0001-768x1024.jpg 768w, http:\/\/woiczik.de\/wp-content\/uploads\/2020\/08\/IMG-20200823-WA0001.jpg 1200w\" sizes=\"(max-width: 225px) 100vw, 225px\" \/><\/a><p id=\"caption-attachment-4354\" class=\"wp-caption-text\">Im Stadion (Foto: J\u00f6rg)<\/p><\/div>\n<p>Au\u00dferdem wurde ausschlie\u00dflich die individuell gelaufene Nettozeit, also vom Start bis zur Ziellinie im Heinz-Steyer-Stadion, gewertet. Das hei\u00dft, auch in der letzten Startwelle war es theoretisch m\u00f6glich, zu gewinnen. Den Sieg sicherte sich dabei \u00fcber die 10 Kilometer in 35:13 Minuten Pierre Ro\u00dfbach aus Dresden. Bei den Frauen gewann Michelle K\u00f6lbel von der LG Vogtland in 39:24 Minuten. Die Schnellsten \u00fcber 7,2 Kilometer: Florian Otto (Skiklub Dresden-Niedersedlitz) in 27:45 Minuten sowie Lydia Schneider (PSV Schwarzenberg) in 30:53.<\/p>\n<p>&nbsp;<\/p>\n<p>&nbsp;<\/p>\n<p><strong>Unser Rennen:<\/strong><\/p>\n<div id=\"attachment_4355\" style=\"width: 235px\" class=\"wp-caption alignleft\"><a href=\"http:\/\/woiczik.de\/wp-content\/uploads\/2020\/08\/IMG-20200823-WA0000-1.jpg\"><img loading=\"lazy\" decoding=\"async\" aria-describedby=\"caption-attachment-4355\" class=\"size-medium wp-image-4355\" src=\"http:\/\/woiczik.de\/wp-content\/uploads\/2020\/08\/IMG-20200823-WA0000-1-225x300.jpg\" alt=\"\" width=\"225\" height=\"300\" srcset=\"http:\/\/woiczik.de\/wp-content\/uploads\/2020\/08\/IMG-20200823-WA0000-1-225x300.jpg 225w, http:\/\/woiczik.de\/wp-content\/uploads\/2020\/08\/IMG-20200823-WA0000-1-768x1024.jpg 768w, http:\/\/woiczik.de\/wp-content\/uploads\/2020\/08\/IMG-20200823-WA0000-1.jpg 1200w\" sizes=\"(max-width: 225px) 100vw, 225px\" \/><\/a><p id=\"caption-attachment-4355\" class=\"wp-caption-text\">Foto: J\u00f6rg<\/p><\/div>\n<p>W\u00e4hrend Winfried sehr flott den ersten Kilometer in 3:40 Minuten anging, lie\u00df ich es mit 4:21 Minuten ruhiger angehen. J\u00f6rg erreichte den ersten Kilometer in 4:45 Minuten. Bereits kurz nach dem Start merkten wir, dass es heute aufgrund der Witterungsbedingungen ein sehr anstrengender 10er Lauf wird. Die Sonne brannte unerbittlich, nur gelegentlich sp\u00fcrte man auf der Strecke einen Windhauch. Mein Knie hielt und dennoch merkte ich nach dem ersten l\u00e4ngeren Anstieg bei Kilometer ca. 4,2 meine Oberschenkel. Sie brannten schon. 13:33 Minuten zeigte meine Laufuhr bei Kilometer 3 (eine Zeit um 45:00 Minuten war da noch drin), selbst bei Kilometer 4 (18:07 Minuten) &#8222;w\u00e4re&#8220; eine 45er Zeit locker drin gewesen.<\/p>\n<p><strong>Doch dann\u00a0\u00a0<\/strong><\/p>\n<div id=\"attachment_4356\" style=\"width: 211px\" class=\"wp-caption alignleft\"><a href=\"http:\/\/woiczik.de\/wp-content\/uploads\/2020\/08\/img042.jpg\"><img loading=\"lazy\" decoding=\"async\" aria-describedby=\"caption-attachment-4356\" class=\"size-medium wp-image-4356\" src=\"http:\/\/woiczik.de\/wp-content\/uploads\/2020\/08\/img042-201x300.jpg\" alt=\"\" width=\"201\" height=\"300\" srcset=\"http:\/\/woiczik.de\/wp-content\/uploads\/2020\/08\/img042-201x300.jpg 201w, http:\/\/woiczik.de\/wp-content\/uploads\/2020\/08\/img042-768x1144.jpg 768w, http:\/\/woiczik.de\/wp-content\/uploads\/2020\/08\/img042-688x1024.jpg 688w, http:\/\/woiczik.de\/wp-content\/uploads\/2020\/08\/img042.jpg 1188w\" sizes=\"(max-width: 201px) 100vw, 201px\" \/><\/a><p id=\"caption-attachment-4356\" class=\"wp-caption-text\">Ko im Ziel<\/p><\/div>\n<p>Winfried \u00fcberquerte die <strong>5 Kilometer Marke<\/strong> nach dem heftigen und langen Br\u00fcckenanstieg in 20:15 Minuten, ich war schon da angeknockt und sollte fortan immer langsamer werden. 23:07 Minuten f\u00fcr mich und eine 26er Zeit f\u00fcr J\u00f6rg. Obwohl mich nur wenige L\u00e4ufer(innen) \u00fcberholten qu\u00e4lte ich mich von Kilometer zu Kilometer. Einfach dennoch Spa\u00df haben, die Kulisse (mit zahlreichen Zuschauern) genie\u00dfen und sicher ins Ziel kommen lautete meine Maxime. 25:40 Minuten ben\u00f6tigte ich f\u00fcr die zweite H\u00e4lfte, da laufe ich normal im Training schneller. Meine Oberschenkel gaben den Geist und den Wunsch auf ein schnelleres Tempo auf. Es war dennoch sehr sch\u00f6n wieder einen 10er Wettkampf bestreiten zu k\u00f6nnen.<\/p>\n<p><a href=\"http:\/\/woiczik.de\/wp-content\/uploads\/2020\/08\/118189829_3185766284847162_2447815134113071748_o.jpg\"><img loading=\"lazy\" decoding=\"async\" class=\"alignleft size-medium wp-image-4357\" src=\"http:\/\/woiczik.de\/wp-content\/uploads\/2020\/08\/118189829_3185766284847162_2447815134113071748_o-300x200.jpg\" alt=\"\" width=\"300\" height=\"200\" srcset=\"http:\/\/woiczik.de\/wp-content\/uploads\/2020\/08\/118189829_3185766284847162_2447815134113071748_o-300x200.jpg 300w, http:\/\/woiczik.de\/wp-content\/uploads\/2020\/08\/118189829_3185766284847162_2447815134113071748_o-768x512.jpg 768w, http:\/\/woiczik.de\/wp-content\/uploads\/2020\/08\/118189829_3185766284847162_2447815134113071748_o-1024x683.jpg 1024w, http:\/\/woiczik.de\/wp-content\/uploads\/2020\/08\/118189829_3185766284847162_2447815134113071748_o-450x300.jpg 450w, http:\/\/woiczik.de\/wp-content\/uploads\/2020\/08\/118189829_3185766284847162_2447815134113071748_o.jpg 1500w\" sizes=\"(max-width: 300px) 100vw, 300px\" \/><\/a><strong>Winfried<\/strong> wurde in 41:38 Minuten toller Gesamt 21 und sogar Dritter in der M50. <strong>Herzlichen Gl\u00fcckwunsch lieber Winfried zu dieser tollen Leistung<\/strong>. Ich schleppte mich in 48:47 Minuten als Gesamt 99 und Platz 13 in der M50 ins Ziel und <strong>J\u00f6rg<\/strong>\u00a0erreichte in 53:26 Minuten als Gesamt 144 und ebenso 13ter aber in der M55 das Ziel.<\/p>\n<p><strong>Wie war die Veranstaltung?<\/strong><\/p>\n<p><a href=\"http:\/\/woiczik.de\/wp-content\/uploads\/2020\/08\/Elbe.jpg\"><img loading=\"lazy\" decoding=\"async\" class=\"alignleft size-medium wp-image-4358\" src=\"http:\/\/woiczik.de\/wp-content\/uploads\/2020\/08\/Elbe-300x169.jpg\" alt=\"\" width=\"300\" height=\"169\" srcset=\"http:\/\/woiczik.de\/wp-content\/uploads\/2020\/08\/Elbe-300x169.jpg 300w, http:\/\/woiczik.de\/wp-content\/uploads\/2020\/08\/Elbe-768x433.jpg 768w, http:\/\/woiczik.de\/wp-content\/uploads\/2020\/08\/Elbe-1024x577.jpg 1024w, http:\/\/woiczik.de\/wp-content\/uploads\/2020\/08\/Elbe-500x282.jpg 500w\" sizes=\"(max-width: 300px) 100vw, 300px\" \/><\/a><\/p>\n<p>Uns drei Berlinern hat diese Laufveranstaltung in der Corona Pandemie sehr gut gefallen. Toll organisiert, anspruchsvolle, aber sehenswerte Laufstrecke, erlebnisreicher Einlauf im Stadion und klatsch freudige Zuschauer an der Strecke.<\/p>\n<div id=\"attachment_4359\" style=\"width: 310px\" class=\"wp-caption alignleft\"><a href=\"http:\/\/woiczik.de\/wp-content\/uploads\/2020\/08\/PICT0743.jpg\"><img loading=\"lazy\" decoding=\"async\" aria-describedby=\"caption-attachment-4359\" class=\"size-medium wp-image-4359\" src=\"http:\/\/woiczik.de\/wp-content\/uploads\/2020\/08\/PICT0743-300x225.jpg\" alt=\"\" width=\"300\" height=\"225\" srcset=\"http:\/\/woiczik.de\/wp-content\/uploads\/2020\/08\/PICT0743-300x225.jpg 300w, http:\/\/woiczik.de\/wp-content\/uploads\/2020\/08\/PICT0743-768x576.jpg 768w, http:\/\/woiczik.de\/wp-content\/uploads\/2020\/08\/PICT0743-1024x768.jpg 1024w, http:\/\/woiczik.de\/wp-content\/uploads\/2020\/08\/PICT0743-400x300.jpg 400w, http:\/\/woiczik.de\/wp-content\/uploads\/2020\/08\/PICT0743.jpg 1600w\" sizes=\"(max-width: 300px) 100vw, 300px\" \/><\/a><p id=\"caption-attachment-4359\" class=\"wp-caption-text\">DCF 1.0<\/p><\/div>\n<p>Der mir vom Citylauf Dresden schon bekannte Veranstalter zeigte, dass er einer der wenigen Laufveranstalter in Deutschland ist, der trotz der Coronazeit solch eine erstklassige Veranstaltung auf die Beine stellt und auch genehmigt bekommt. Danke f\u00fcr solch ein tolles Event. <strong>Ein gro\u00dfer Dank aber auch an Winfried und J\u00f6rg<\/strong> f\u00fcr eine tolle Zeit in Dresden und f\u00fcr die &#8222;Automitnahme&#8220; zum Wettkampf.<\/p>\n<p>&nbsp;<\/p>\n<p><strong>Mein Zieleinlauf:<\/strong><\/p>\n<p><a href=\"https:\/\/baer-service.de\/ergebnisse\/RR2\/2020\/63\/\">https:\/\/baer-service.de\/ergebnisse\/RR2\/2020\/63\/<\/a><\/p>\n<p><strong>Wie geht es bei mir weiter?<\/strong><\/p>\n<p>Winfried und ich haben uns f\u00fcr kommenden Mittwoch f\u00fcr einen 1500 Meter Lauf bei der LG S\u00fcd angemeldet und mein Ziel war eine Zeit um 5:50 Minuten. Aber erst die Waden und dann die Knieprobleme lie\u00dfen kein leistungsorientiertes Seniorenlauftraining zu. Nunmehr sind beide Oberschenkel total dicht und morgen nach der Behandlung bei Emilia werde ich sehen, ob ich am Mittwoch tats\u00e4chlich starte?<\/p>\n<p>&nbsp;<\/p>\n","protected":false},"excerpt":{"rendered":"<p>Views: 7532 Tage nach dem der Dresden Marathon f\u00fcr den 18.10.2020 leider abgesagt worden ist, fand der zweite RESTART RUN\u00a0 (FCK Corona) am 23.08.2020 im sch\u00f6nen Dresden statt. Winfried Schumann (TUS Neuk\u00f6lln), J\u00f6rg Beinlich (TSV Rudow) und ich trafen uns &hellip; <a href=\"http:\/\/woiczik.de\/?p=4347\">Weiterlesen <span class=\"meta-nav\">&rarr;<\/span><\/a><\/p>\n","protected":false},"author":1,"featured_media":0,"comment_status":"open","ping_status":"open","sticky":false,"template":"","format":"gallery","meta":{"footnotes":""},"categories":[3],"tags":[],"class_list":["post-4347","post","type-post","status-publish","format-gallery","hentry","category-sport","post_format-post-format-gallery"],"_links":{"self":[{"href":"http:\/\/woiczik.de\/index.php?rest_route=\/wp\/v2\/posts\/4347"}],"collection":[{"href":"http:\/\/woiczik.de\/index.php?rest_route=\/wp\/v2\/posts"}],"about":[{"href":"http:\/\/woiczik.de\/index.php?rest_route=\/wp\/v2\/types\/post"}],"author":[{"embeddable":true,"href":"http:\/\/woiczik.de\/index.php?rest_route=\/wp\/v2\/users\/1"}],"replies":[{"embeddable":true,"href":"http:\/\/woiczik.de\/index.php?rest_route=%2Fwp%2Fv2%2Fcomments&post=4347"}],"version-history":[{"count":6,"href":"http:\/\/woiczik.de\/index.php?rest_route=\/wp\/v2\/posts\/4347\/revisions"}],"predecessor-version":[{"id":4365,"href":"http:\/\/woiczik.de\/index.php?rest_route=\/wp\/v2\/posts\/4347\/revisions\/4365"}],"wp:attachment":[{"href":"http:\/\/woiczik.de\/index.php?rest_route=%2Fwp%2Fv2%2Fmedia&parent=4347"}],"wp:term":[{"taxonomy":"category","embeddable":true,"href":"http:\/\/woiczik.de\/index.php?rest_route=%2Fwp%2Fv2%2Fcategories&post=4347"},{"taxonomy":"post_tag","embeddable":true,"href":"http:\/\/woiczik.de\/index.php?rest_route=%2Fwp%2Fv2%2Ftags&post=4347"}],"curies":[{"name":"wp","href":"https:\/\/api.w.org\/{rel}","templated":true}]}}