{"id":4450,"date":"2020-10-16T14:36:16","date_gmt":"2020-10-16T12:36:16","guid":{"rendered":"http:\/\/woiczik.de\/?p=4450"},"modified":"2020-10-16T15:08:04","modified_gmt":"2020-10-16T13:08:04","slug":"impressionen-aus-oesterreich-september-2020","status":"publish","type":"post","link":"http:\/\/woiczik.de\/?p=4450","title":{"rendered":"Sp\u00e4tsommerliche Impressionen aus \u00d6sterreich (Von Rust nach Salzburg)"},"content":{"rendered":"<p>Views: 895<\/p><p><a href=\"http:\/\/woiczik.de\/wp-content\/uploads\/2020\/10\/IMG_3574.jpg\"><img loading=\"lazy\" decoding=\"async\" class=\"alignleft size-medium wp-image-4455\" src=\"http:\/\/woiczik.de\/wp-content\/uploads\/2020\/10\/IMG_3574-300x200.jpg\" alt=\"\" width=\"300\" height=\"200\" srcset=\"http:\/\/woiczik.de\/wp-content\/uploads\/2020\/10\/IMG_3574-300x200.jpg 300w, http:\/\/woiczik.de\/wp-content\/uploads\/2020\/10\/IMG_3574-768x512.jpg 768w, http:\/\/woiczik.de\/wp-content\/uploads\/2020\/10\/IMG_3574-1024x683.jpg 1024w, http:\/\/woiczik.de\/wp-content\/uploads\/2020\/10\/IMG_3574-450x300.jpg 450w\" sizes=\"(max-width: 300px) 100vw, 300px\" \/><\/a><\/p>\n<p>Die Stadt\u00a0<b>Rust<\/b>\u00a0, ehemals eine\u00a0K\u00f6nigliche Freistadt\u00a0im K\u00f6nigreich Ungarn, ist seit 1921 eine Stadt im\u00a0Burgenland\u00a0in\u00a0\u00d6sterreich. Mit dem ICE (1.Klasse), einen Regionalzug und dem Taxi ben\u00f6tigten wir 9 1\/2 Stunden f\u00fcr die Anreise nach Rust.<\/p>\n<p>&nbsp;<\/p>\n<p>&nbsp;<\/p>\n<div id=\"attachment_4473\" style=\"width: 310px\" class=\"wp-caption alignleft\"><a href=\"http:\/\/woiczik.de\/wp-content\/uploads\/2020\/10\/IMG_3573.jpg\"><img loading=\"lazy\" decoding=\"async\" aria-describedby=\"caption-attachment-4473\" class=\"wp-image-4473 size-medium\" src=\"http:\/\/woiczik.de\/wp-content\/uploads\/2020\/10\/IMG_3573-300x200.jpg\" alt=\"\" width=\"300\" height=\"200\" srcset=\"http:\/\/woiczik.de\/wp-content\/uploads\/2020\/10\/IMG_3573-300x200.jpg 300w, http:\/\/woiczik.de\/wp-content\/uploads\/2020\/10\/IMG_3573-768x512.jpg 768w, http:\/\/woiczik.de\/wp-content\/uploads\/2020\/10\/IMG_3573-1024x683.jpg 1024w, http:\/\/woiczik.de\/wp-content\/uploads\/2020\/10\/IMG_3573-450x300.jpg 450w\" sizes=\"(max-width: 300px) 100vw, 300px\" \/><\/a><p id=\"caption-attachment-4473\" class=\"wp-caption-text\">Unser Hotel in Rust<\/p><\/div>\n<p>Rust ist mit nur 1980 Einwohnern (Stand 1.\u00a0J\u00e4nner 2020) der kleinste Verwaltungsbezirk und auch die kleinste Statutarstadt \u00d6sterreichs. F\u00fcr 5 Tage waren wir hier zu Gast. Uns hat Rust hervorragend gefallen. Eine unglaubliche Erholung in dieser Corona Pandemie. Alles &#8222;Safe&#8220; und dazu noch 5 Tage Sonne pur bei Temperaturen von 22-28 Grad.<\/p>\n<p>&nbsp;<\/p>\n<p><a href=\"http:\/\/woiczik.de\/wp-content\/uploads\/2020\/10\/IMG_3608.jpg\"><img loading=\"lazy\" decoding=\"async\" class=\"alignleft size-medium wp-image-4456\" src=\"http:\/\/woiczik.de\/wp-content\/uploads\/2020\/10\/IMG_3608-300x200.jpg\" alt=\"\" width=\"300\" height=\"200\" srcset=\"http:\/\/woiczik.de\/wp-content\/uploads\/2020\/10\/IMG_3608-300x200.jpg 300w, http:\/\/woiczik.de\/wp-content\/uploads\/2020\/10\/IMG_3608-768x512.jpg 768w, http:\/\/woiczik.de\/wp-content\/uploads\/2020\/10\/IMG_3608-1024x683.jpg 1024w, http:\/\/woiczik.de\/wp-content\/uploads\/2020\/10\/IMG_3608-450x300.jpg 450w\" sizes=\"(max-width: 300px) 100vw, 300px\" \/><\/a><\/p>\n<p>Bekannt ist Rust vor allem als Stadt der\u00a0St\u00f6rche\u00a0und als Weinbaugemeinde. Rust geh\u00f6rt seit 1921 zum \u00f6sterreichischen\u00a0Burgenland\u00a0und besitzt das\u00a0Stadtrecht\u00a0seit 1681, als es zur k\u00f6niglich ungarischen\u00a0Freistadt\u00a0erhoben wurde.<\/p>\n<p>&nbsp;<\/p>\n<p><a href=\"http:\/\/woiczik.de\/wp-content\/uploads\/2020\/10\/IMG_3646.jpg\"><img loading=\"lazy\" decoding=\"async\" class=\"alignleft size-medium wp-image-4457\" src=\"http:\/\/woiczik.de\/wp-content\/uploads\/2020\/10\/IMG_3646-300x200.jpg\" alt=\"\" width=\"300\" height=\"200\" srcset=\"http:\/\/woiczik.de\/wp-content\/uploads\/2020\/10\/IMG_3646-300x200.jpg 300w, http:\/\/woiczik.de\/wp-content\/uploads\/2020\/10\/IMG_3646-768x512.jpg 768w, http:\/\/woiczik.de\/wp-content\/uploads\/2020\/10\/IMG_3646-1024x683.jpg 1024w, http:\/\/woiczik.de\/wp-content\/uploads\/2020\/10\/IMG_3646-450x300.jpg 450w\" sizes=\"(max-width: 300px) 100vw, 300px\" \/><\/a><\/p>\n<p>Die\u00a0Freistadt\u00a0<b>Eisenstadt<\/b>\u00a0ist die\u00a0Landeshauptstadt vom Burgenland. Einen Tagesausflug machten wir von Rust aus in diese sch\u00f6ne Stadt.<\/p>\n<p>&nbsp;<\/p>\n<p>&nbsp;<\/p>\n<p>&nbsp;<\/p>\n<p><a href=\"http:\/\/woiczik.de\/wp-content\/uploads\/2020\/10\/IMG_3655.jpg\"><img loading=\"lazy\" decoding=\"async\" class=\"alignleft size-medium wp-image-4458\" src=\"http:\/\/woiczik.de\/wp-content\/uploads\/2020\/10\/IMG_3655-300x200.jpg\" alt=\"\" width=\"300\" height=\"200\" srcset=\"http:\/\/woiczik.de\/wp-content\/uploads\/2020\/10\/IMG_3655-300x200.jpg 300w, http:\/\/woiczik.de\/wp-content\/uploads\/2020\/10\/IMG_3655-768x512.jpg 768w, http:\/\/woiczik.de\/wp-content\/uploads\/2020\/10\/IMG_3655-1024x683.jpg 1024w, http:\/\/woiczik.de\/wp-content\/uploads\/2020\/10\/IMG_3655-450x300.jpg 450w\" sizes=\"(max-width: 300px) 100vw, 300px\" \/><\/a><\/p>\n<p>Die Stadt liegt am Fu\u00dfe des\u00a0Leithagebirges\u00a0und ist mit ihren 14.816 (Stand 1.\u00a0J\u00e4nner 2020) Einwohnern die kleinste Landeshauptstadt in \u00d6sterreich.\u00a0Das\u00a0<b>Schloss Esterh\u00e1zy<\/b>\u00a0ist als einstige F\u00fcrstenresidenz ein Wahrzeichen der\u00a0burgenl\u00e4ndischen\u00a0Landeshauptstadt\u00a0Eisenstadt.<\/p>\n<p>&nbsp;<\/p>\n<p><a href=\"http:\/\/woiczik.de\/wp-content\/uploads\/2020\/10\/IMG_3846.jpg\"><img loading=\"lazy\" decoding=\"async\" class=\"alignleft size-medium wp-image-4459\" src=\"http:\/\/woiczik.de\/wp-content\/uploads\/2020\/10\/IMG_3846-300x200.jpg\" alt=\"\" width=\"300\" height=\"200\" srcset=\"http:\/\/woiczik.de\/wp-content\/uploads\/2020\/10\/IMG_3846-300x200.jpg 300w, http:\/\/woiczik.de\/wp-content\/uploads\/2020\/10\/IMG_3846-768x512.jpg 768w, http:\/\/woiczik.de\/wp-content\/uploads\/2020\/10\/IMG_3846-1024x683.jpg 1024w, http:\/\/woiczik.de\/wp-content\/uploads\/2020\/10\/IMG_3846-450x300.jpg 450w\" sizes=\"(max-width: 300px) 100vw, 300px\" \/><\/a><\/p>\n<p>Der\u00a0<b>Familypark<\/b>\u00a0in\u00a0Sankt Margarethen im Burgenland\u00a0ist mit rund 145.000\u00a0m\u00b2 Fl\u00e4che und mit 716.500 Besuchern (2018) \u00d6sterreichs gr\u00f6\u00dfter Freizeit- und\u00a0Familienpark. Er entstand 1968 als Familienbetrieb mit dem Namen \u201e<b>M\u00e4rchenwald<\/b>\u201c.<\/p>\n<p>&nbsp;<\/p>\n<p>&nbsp;<\/p>\n<p><a href=\"http:\/\/woiczik.de\/wp-content\/uploads\/2020\/10\/IMG_4246.jpg\"><img loading=\"lazy\" decoding=\"async\" class=\"alignleft size-medium wp-image-4460\" src=\"http:\/\/woiczik.de\/wp-content\/uploads\/2020\/10\/IMG_4246-300x200.jpg\" alt=\"\" width=\"300\" height=\"200\" srcset=\"http:\/\/woiczik.de\/wp-content\/uploads\/2020\/10\/IMG_4246-300x200.jpg 300w, http:\/\/woiczik.de\/wp-content\/uploads\/2020\/10\/IMG_4246-768x512.jpg 768w, http:\/\/woiczik.de\/wp-content\/uploads\/2020\/10\/IMG_4246-1024x683.jpg 1024w, http:\/\/woiczik.de\/wp-content\/uploads\/2020\/10\/IMG_4246-450x300.jpg 450w\" sizes=\"(max-width: 300px) 100vw, 300px\" \/><\/a><\/p>\n<p>Mit einem sehr modernen Schnellzug (1.Klasse) ging es via Wien von Rust in einer Fahrzeit von 2 1\/2 Stunden in eine der sch\u00f6nsten St\u00e4dte in Europa, n\u00e4mlich in die <strong>Mozartstadt Salzburg<\/strong>. Hier waren wir 6 Tage zu Gast, bevor es via M\u00fcnchen zur\u00fcck nach Berlin ging.<\/p>\n<p>&nbsp;<\/p>\n<p>&nbsp;<\/p>\n<p><a href=\"http:\/\/woiczik.de\/wp-content\/uploads\/2020\/10\/IMG_4084.jpg\"><img loading=\"lazy\" decoding=\"async\" class=\"alignleft size-medium wp-image-4478\" src=\"http:\/\/woiczik.de\/wp-content\/uploads\/2020\/10\/IMG_4084-300x200.jpg\" alt=\"\" width=\"300\" height=\"200\" srcset=\"http:\/\/woiczik.de\/wp-content\/uploads\/2020\/10\/IMG_4084-300x200.jpg 300w, http:\/\/woiczik.de\/wp-content\/uploads\/2020\/10\/IMG_4084-768x512.jpg 768w, http:\/\/woiczik.de\/wp-content\/uploads\/2020\/10\/IMG_4084-1024x683.jpg 1024w, http:\/\/woiczik.de\/wp-content\/uploads\/2020\/10\/IMG_4084-450x300.jpg 450w\" sizes=\"(max-width: 300px) 100vw, 300px\" \/><\/a><\/p>\n<p><b>Salzburg<\/b>\u00a0 hat\u00a0 155.021 Einwohnern und ist die viertgr\u00f6\u00dfte Stadt in \u00d6sterreich. Viel Regen, Temperaturen von 3-25 Grad und viele Highlights begleiten uns an den 6 Tagen in Salzburg und Salzburger Land.<\/p>\n<p>&nbsp;<\/p>\n<p>&nbsp;<\/p>\n<p>&nbsp;<\/p>\n<p><a href=\"http:\/\/woiczik.de\/wp-content\/uploads\/2020\/10\/IMG_4435.jpg\"><img loading=\"lazy\" decoding=\"async\" class=\"alignleft size-medium wp-image-4461\" src=\"http:\/\/woiczik.de\/wp-content\/uploads\/2020\/10\/IMG_4435-300x200.jpg\" alt=\"\" width=\"300\" height=\"200\" srcset=\"http:\/\/woiczik.de\/wp-content\/uploads\/2020\/10\/IMG_4435-300x200.jpg 300w, http:\/\/woiczik.de\/wp-content\/uploads\/2020\/10\/IMG_4435-768x512.jpg 768w, http:\/\/woiczik.de\/wp-content\/uploads\/2020\/10\/IMG_4435-1024x683.jpg 1024w, http:\/\/woiczik.de\/wp-content\/uploads\/2020\/10\/IMG_4435-450x300.jpg 450w\" sizes=\"(max-width: 300px) 100vw, 300px\" \/><\/a><\/p>\n<p>Pr\u00e4gend f\u00fcr die Stadt sind die Stadtberge, die durch das Stadtgebiet flie\u00dfende\u00a0Salzach\u00a0und die von weitem sichtbare\u00a0Festung Hohensalzburg.<\/p>\n<p>&nbsp;<\/p>\n<p>&nbsp;<\/p>\n<p><a href=\"http:\/\/woiczik.de\/wp-content\/uploads\/2020\/10\/IMG_4256.jpg\"><img loading=\"lazy\" decoding=\"async\" class=\"alignleft size-medium wp-image-4462\" src=\"http:\/\/woiczik.de\/wp-content\/uploads\/2020\/10\/IMG_4256-300x200.jpg\" alt=\"\" width=\"300\" height=\"200\" srcset=\"http:\/\/woiczik.de\/wp-content\/uploads\/2020\/10\/IMG_4256-300x200.jpg 300w, http:\/\/woiczik.de\/wp-content\/uploads\/2020\/10\/IMG_4256-768x512.jpg 768w, http:\/\/woiczik.de\/wp-content\/uploads\/2020\/10\/IMG_4256-1024x683.jpg 1024w, http:\/\/woiczik.de\/wp-content\/uploads\/2020\/10\/IMG_4256-450x300.jpg 450w\" sizes=\"(max-width: 300px) 100vw, 300px\" \/><\/a><\/p>\n<p>Im Jahr 488 begann am selben Ort der Niedergang der r\u00f6mischen Stadt\u00a0Iuvavum. Salzburg wurde 696 als Bischofssitz neu gegr\u00fcndet und 798 zum Sitz des\u00a0Erzbischofs. Die Haupteinnahmequellen Salzburgs bildeten Salzgewinnung und -handel sowie zeitweise der Goldbergbau.<\/p>\n<p>&nbsp;<\/p>\n<p>&nbsp;<\/p>\n<p>&nbsp;<\/p>\n<p><a href=\"http:\/\/woiczik.de\/wp-content\/uploads\/2020\/10\/IMG_4291.jpg\"><img loading=\"lazy\" decoding=\"async\" class=\"alignleft size-medium wp-image-4464\" src=\"http:\/\/woiczik.de\/wp-content\/uploads\/2020\/10\/IMG_4291-300x200.jpg\" alt=\"\" width=\"300\" height=\"200\" srcset=\"http:\/\/woiczik.de\/wp-content\/uploads\/2020\/10\/IMG_4291-300x200.jpg 300w, http:\/\/woiczik.de\/wp-content\/uploads\/2020\/10\/IMG_4291-768x512.jpg 768w, http:\/\/woiczik.de\/wp-content\/uploads\/2020\/10\/IMG_4291-1024x683.jpg 1024w, http:\/\/woiczik.de\/wp-content\/uploads\/2020\/10\/IMG_4291-450x300.jpg 450w\" sizes=\"(max-width: 300px) 100vw, 300px\" \/><\/a><\/p>\n<p>&nbsp;<\/p>\n<p>Die\u00a0Festung Hohensalzburg\u00a0stammt im Kern aus dem 11.\u00a0Jahrhundert. Sie ist eine der gr\u00f6\u00dften mittelalterlichen Burganlagen in Europa und ein Wahrzeichen der Stadt. Ab dem 17.\u00a0Jahrhundert wurde die Stadt von Erzbischof\u00a0Wolf Dietrich\u00a0und dessen Nachfolgern als\u00a0Residenzstadt\u00a0prunkvoll ausgestattet. Zu dieser Zeit wurde im S\u00fcden der Stadt auch das\u00a0Schloss Hellbrunn\u00a0samt Schlosspark, Wasserspielen und Alleen errichtet.<\/p>\n<p>&nbsp;<\/p>\n<p>&nbsp;<\/p>\n<p>&nbsp;<\/p>\n<p>&nbsp;<\/p>\n<p><a href=\"http:\/\/woiczik.de\/wp-content\/uploads\/2020\/10\/IMG_4091.jpg\"><img loading=\"lazy\" decoding=\"async\" class=\"alignleft size-medium wp-image-4465\" src=\"http:\/\/woiczik.de\/wp-content\/uploads\/2020\/10\/IMG_4091-300x200.jpg\" alt=\"\" width=\"300\" height=\"200\" srcset=\"http:\/\/woiczik.de\/wp-content\/uploads\/2020\/10\/IMG_4091-300x200.jpg 300w, http:\/\/woiczik.de\/wp-content\/uploads\/2020\/10\/IMG_4091-768x512.jpg 768w, http:\/\/woiczik.de\/wp-content\/uploads\/2020\/10\/IMG_4091-1024x683.jpg 1024w, http:\/\/woiczik.de\/wp-content\/uploads\/2020\/10\/IMG_4091-450x300.jpg 450w\" sizes=\"(max-width: 300px) 100vw, 300px\" \/><\/a><\/p>\n<p>Als bekanntester Salzburger gilt der 1756 hier geborene Komponist\u00a0<strong>Wolfgang Amadeus Mozart,<\/strong> weshalb die Stadt den Beinamen \u201eMozartstadt\u201c und der\u00a0Flughafen\u00a0den Namen \u201eSalzburg Airport W.\u00a0A. Mozart\u201c tr\u00e4gt. Das\u00a0historische Zentrum der Stadt\u00a0steht seit 1996 auf der Liste des\u00a0Weltkulturerbes\u00a0der\u00a0UNESCO.<\/p>\n<p><a href=\"http:\/\/woiczik.de\/wp-content\/uploads\/2020\/10\/DSCF7919_C-1.jpg\"><img loading=\"lazy\" decoding=\"async\" class=\"alignleft size-medium wp-image-4454\" src=\"http:\/\/woiczik.de\/wp-content\/uploads\/2020\/10\/DSCF7919_C-1-300x214.jpg\" alt=\"\" width=\"300\" height=\"214\" srcset=\"http:\/\/woiczik.de\/wp-content\/uploads\/2020\/10\/DSCF7919_C-1-300x214.jpg 300w, http:\/\/woiczik.de\/wp-content\/uploads\/2020\/10\/DSCF7919_C-1-768x548.jpg 768w, http:\/\/woiczik.de\/wp-content\/uploads\/2020\/10\/DSCF7919_C-1-1024x731.jpg 1024w, http:\/\/woiczik.de\/wp-content\/uploads\/2020\/10\/DSCF7919_C-1-420x300.jpg 420w\" sizes=\"(max-width: 300px) 100vw, 300px\" \/><\/a><\/p>\n<p>Heute ist Salzburg ein bedeutender Messe- und Kongressstandort mit vielen Handels- und Dienstleistungsbetrieben sowie einem leistungsf\u00e4higen Tourismusbereich. Daneben ist die Stadt durch die\u00a0Salzburger Festspiele\u00a0international bedeutsam, was ihr den weiteren Beinamen \u201eFestspielstadt\u201c einbrachte.<\/p>\n<p>&nbsp;<\/p>\n<p><a href=\"http:\/\/woiczik.de\/wp-content\/uploads\/2020\/10\/IMG_4347.jpg\"><img loading=\"lazy\" decoding=\"async\" class=\"alignleft size-medium wp-image-4466\" src=\"http:\/\/woiczik.de\/wp-content\/uploads\/2020\/10\/IMG_4347-300x200.jpg\" alt=\"\" width=\"300\" height=\"200\" srcset=\"http:\/\/woiczik.de\/wp-content\/uploads\/2020\/10\/IMG_4347-300x200.jpg 300w, http:\/\/woiczik.de\/wp-content\/uploads\/2020\/10\/IMG_4347-768x512.jpg 768w, http:\/\/woiczik.de\/wp-content\/uploads\/2020\/10\/IMG_4347-1024x683.jpg 1024w, http:\/\/woiczik.de\/wp-content\/uploads\/2020\/10\/IMG_4347-450x300.jpg 450w\" sizes=\"(max-width: 300px) 100vw, 300px\" \/><\/a><\/p>\n<p>Den\u00a0<b>Untersberg<\/b>\u00a0 erreichten wir aus dem Salzburger Stadtzentrum innerhalb von 30 Minuten mit dem Bus. In der Nacht schneite es sehr viel und so erlebten wir einen tollen Aufenthalt im Schnee.<\/p>\n<p>&nbsp;<\/p>\n<p>&nbsp;<\/p>\n<p><a href=\"http:\/\/woiczik.de\/wp-content\/uploads\/2020\/10\/IMG_4440.jpg\"><img loading=\"lazy\" decoding=\"async\" class=\"alignleft size-medium wp-image-4467\" src=\"http:\/\/woiczik.de\/wp-content\/uploads\/2020\/10\/IMG_4440-300x200.jpg\" alt=\"\" width=\"300\" height=\"200\" srcset=\"http:\/\/woiczik.de\/wp-content\/uploads\/2020\/10\/IMG_4440-300x200.jpg 300w, http:\/\/woiczik.de\/wp-content\/uploads\/2020\/10\/IMG_4440-768x512.jpg 768w, http:\/\/woiczik.de\/wp-content\/uploads\/2020\/10\/IMG_4440-1024x683.jpg 1024w, http:\/\/woiczik.de\/wp-content\/uploads\/2020\/10\/IMG_4440-450x300.jpg 450w\" sizes=\"(max-width: 300px) 100vw, 300px\" \/><\/a><\/p>\n<p>&nbsp;<\/p>\n<p>Bei einem sonst ausgepr\u00e4gten Gipfelplateau verf\u00fcgt das etwa 70\u00a0km\u00b2 gro\u00dfe Massiv \u00fcber die Hauptgipfel\u00a0Berchtesgadener Hochthron\u00a0(1972\u00a0<abbr title=\"Meter \u00fcber Normalh\u00f6hennull\">m\u00a0\u00fc.\u00a0NHN<\/abbr>) und\u00a0Salzburger Hochthron\u00a0(1853\u00a0m\u00a0\u00fc.\u00a0A.).<\/p>\n<p>&nbsp;<\/p>\n<p>&nbsp;<\/p>\n<p><a href=\"http:\/\/woiczik.de\/wp-content\/uploads\/2020\/10\/IMG_4439.jpg\"><img loading=\"lazy\" decoding=\"async\" class=\"alignleft size-medium wp-image-4468\" src=\"http:\/\/woiczik.de\/wp-content\/uploads\/2020\/10\/IMG_4439-300x200.jpg\" alt=\"\" width=\"300\" height=\"200\" srcset=\"http:\/\/woiczik.de\/wp-content\/uploads\/2020\/10\/IMG_4439-300x200.jpg 300w, http:\/\/woiczik.de\/wp-content\/uploads\/2020\/10\/IMG_4439-768x512.jpg 768w, http:\/\/woiczik.de\/wp-content\/uploads\/2020\/10\/IMG_4439-1024x683.jpg 1024w, http:\/\/woiczik.de\/wp-content\/uploads\/2020\/10\/IMG_4439-450x300.jpg 450w\" sizes=\"(max-width: 300px) 100vw, 300px\" \/><\/a><\/p>\n<p>Innerhalb des Massivs befinden sich zahlreiche H\u00f6hlen, darunter die als Schauh\u00f6hle erschlossene\u00a0Schellenberger Eish\u00f6hle\u00a0und die\u00a0Riesending-Schachth\u00f6hle, die mit mindestens 20,3\u00a0km die l\u00e4ngste und mit \u00fcber 1149\u00a0m die tiefste H\u00f6hle in Deutschland ist.<\/p>\n<p>&nbsp;<\/p>\n<p><a href=\"http:\/\/woiczik.de\/wp-content\/uploads\/2020\/10\/IMG_4540.jpg\"><img loading=\"lazy\" decoding=\"async\" class=\"alignleft size-medium wp-image-4469\" src=\"http:\/\/woiczik.de\/wp-content\/uploads\/2020\/10\/IMG_4540-300x200.jpg\" alt=\"\" width=\"300\" height=\"200\" srcset=\"http:\/\/woiczik.de\/wp-content\/uploads\/2020\/10\/IMG_4540-300x200.jpg 300w, http:\/\/woiczik.de\/wp-content\/uploads\/2020\/10\/IMG_4540-768x512.jpg 768w, http:\/\/woiczik.de\/wp-content\/uploads\/2020\/10\/IMG_4540-1024x683.jpg 1024w, http:\/\/woiczik.de\/wp-content\/uploads\/2020\/10\/IMG_4540-450x300.jpg 450w\" sizes=\"(max-width: 300px) 100vw, 300px\" \/><\/a><\/p>\n<p>Der\u00a0<b>Erlebnispark Strasswalchen<\/b>\u00a0wurde im Mai\u00a01996\u00a0von Erich Wagner und Karl Heinz Grabler in\u00a0Stra\u00dfwalchen\u00a0gegr\u00fcndet und ist ein rein privates Unternehmen. Der Erlebnispark Strasswalchen erstreckt sich \u00fcber eine Fl\u00e4che von mehr als 80\u00a0000 Quadratmeter.<\/p>\n<p>&nbsp;<\/p>\n<p><a href=\"http:\/\/woiczik.de\/wp-content\/uploads\/2020\/10\/IMG_4622.jpg\"><img loading=\"lazy\" decoding=\"async\" class=\"alignleft size-medium wp-image-4470\" src=\"http:\/\/woiczik.de\/wp-content\/uploads\/2020\/10\/IMG_4622-300x200.jpg\" alt=\"\" width=\"300\" height=\"200\" srcset=\"http:\/\/woiczik.de\/wp-content\/uploads\/2020\/10\/IMG_4622-300x200.jpg 300w, http:\/\/woiczik.de\/wp-content\/uploads\/2020\/10\/IMG_4622-768x512.jpg 768w, http:\/\/woiczik.de\/wp-content\/uploads\/2020\/10\/IMG_4622-1024x683.jpg 1024w, http:\/\/woiczik.de\/wp-content\/uploads\/2020\/10\/IMG_4622-450x300.jpg 450w\" sizes=\"(max-width: 300px) 100vw, 300px\" \/><\/a><\/p>\n<p>Der Erlebnispark entwickelte sich in den letzten Jahren durch laufende Erweiterungen zu einem der gr\u00f6\u00dften Themenparks in \u00d6sterreich. Bei unserem Besuch regnete es in Str\u00f6men. Uns hat dieser Freizeitpark sehr gut gefallen. Gro\u00dfe Bericht zu beiden Freizeitparks von mir findet Ihr unter\u00a0<a href=\"https:\/\/www.freizeitpark-welt.de\/\">https:\/\/www.freizeitpark-welt.de\/<\/a><\/p>\n<p>Erholt und gesund kamen wir Ende September wieder in Berlin an. Uns hat diese Reise nach \u00d6sterreich sehr gut gefallen.<\/p>\n<p>&nbsp;<\/p>\n","protected":false},"excerpt":{"rendered":"<p>Views: 895 Die Stadt\u00a0Rust\u00a0, ehemals eine\u00a0K\u00f6nigliche Freistadt\u00a0im K\u00f6nigreich Ungarn, ist seit 1921 eine Stadt im\u00a0Burgenland\u00a0in\u00a0\u00d6sterreich. Mit dem ICE (1.Klasse), einen Regionalzug und dem Taxi ben\u00f6tigten wir 9 1\/2 Stunden f\u00fcr die Anreise nach Rust. &nbsp; &nbsp; Rust ist mit nur &hellip; <a href=\"http:\/\/woiczik.de\/?p=4450\">Weiterlesen <span class=\"meta-nav\">&rarr;<\/span><\/a><\/p>\n","protected":false},"author":1,"featured_media":0,"comment_status":"open","ping_status":"open","sticky":false,"template":"","format":"gallery","meta":{"footnotes":""},"categories":[1,5],"tags":[],"class_list":["post-4450","post","type-post","status-publish","format-gallery","hentry","category-allgemein","category-reisen","post_format-post-format-gallery"],"_links":{"self":[{"href":"http:\/\/woiczik.de\/index.php?rest_route=\/wp\/v2\/posts\/4450"}],"collection":[{"href":"http:\/\/woiczik.de\/index.php?rest_route=\/wp\/v2\/posts"}],"about":[{"href":"http:\/\/woiczik.de\/index.php?rest_route=\/wp\/v2\/types\/post"}],"author":[{"embeddable":true,"href":"http:\/\/woiczik.de\/index.php?rest_route=\/wp\/v2\/users\/1"}],"replies":[{"embeddable":true,"href":"http:\/\/woiczik.de\/index.php?rest_route=%2Fwp%2Fv2%2Fcomments&post=4450"}],"version-history":[{"count":14,"href":"http:\/\/woiczik.de\/index.php?rest_route=\/wp\/v2\/posts\/4450\/revisions"}],"predecessor-version":[{"id":4486,"href":"http:\/\/woiczik.de\/index.php?rest_route=\/wp\/v2\/posts\/4450\/revisions\/4486"}],"wp:attachment":[{"href":"http:\/\/woiczik.de\/index.php?rest_route=%2Fwp%2Fv2%2Fmedia&parent=4450"}],"wp:term":[{"taxonomy":"category","embeddable":true,"href":"http:\/\/woiczik.de\/index.php?rest_route=%2Fwp%2Fv2%2Fcategories&post=4450"},{"taxonomy":"post_tag","embeddable":true,"href":"http:\/\/woiczik.de\/index.php?rest_route=%2Fwp%2Fv2%2Ftags&post=4450"}],"curies":[{"name":"wp","href":"https:\/\/api.w.org\/{rel}","templated":true}]}}