{"id":4577,"date":"2021-02-08T16:43:29","date_gmt":"2021-02-08T14:43:29","guid":{"rendered":"http:\/\/woiczik.de\/?p=4577"},"modified":"2021-03-08T12:46:18","modified_gmt":"2021-03-08T10:46:18","slug":"winterblues-in-der-corona-pandemie-da-hilft-nur-laufen","status":"publish","type":"post","link":"http:\/\/woiczik.de\/?p=4577","title":{"rendered":"Winterblues in der Corona Pandemie- da hilft nur Laufen"},"content":{"rendered":"<p>Views: 614<\/p><p><a href=\"http:\/\/woiczik.de\/wp-content\/uploads\/2021\/02\/IMG_20210130_084714250_HDR.jpg\"><img loading=\"lazy\" decoding=\"async\" class=\"alignleft size-medium wp-image-4578\" src=\"http:\/\/woiczik.de\/wp-content\/uploads\/2021\/02\/IMG_20210130_084714250_HDR-300x225.jpg\" alt=\"\" width=\"300\" height=\"225\" srcset=\"http:\/\/woiczik.de\/wp-content\/uploads\/2021\/02\/IMG_20210130_084714250_HDR-300x225.jpg 300w, http:\/\/woiczik.de\/wp-content\/uploads\/2021\/02\/IMG_20210130_084714250_HDR-768x576.jpg 768w, http:\/\/woiczik.de\/wp-content\/uploads\/2021\/02\/IMG_20210130_084714250_HDR-1024x768.jpg 1024w, http:\/\/woiczik.de\/wp-content\/uploads\/2021\/02\/IMG_20210130_084714250_HDR-400x300.jpg 400w\" sizes=\"(max-width: 300px) 100vw, 300px\" \/><\/a><\/p>\n<p>Winterblues \u2013 wer bekommt ihn nicht, wenn es drau\u00dfen \u00fcberwiegend dunkel ist und der Fr\u00fchling noch weit? Tr\u00fcbe Wintertage schlagen bei vielen Menschen aufs Gem\u00fct. Man schleppt sich lustlos durch den Tag und hat an nichts wirklich Spa\u00df. Dazu noch die seit einem Jahr andauernde Corona-Pandemie.<\/p>\n<p>&nbsp;<\/p>\n<p><strong>Da hilft nur sich \u00fcberwinden und drau\u00dfen Sport treiben<\/strong><\/p>\n<p class=\"selectionShareable\">Winter \u2013 das bedeutet, es wird fr\u00fch dunkel und fr\u00fch hell und dazwischen ist es grau und kalt. Und jedes Mal lauerte der Winterblues, laut Wissenschaftlern ein \u00dcberbleibsel des Winterschlafs. So war es bisher.\u00a0Denn die gedr\u00fcckte Stimmung, die uns im Winter oft \u00fcberf\u00e4llt, hat Ihre Ursache im fehlenden Tageslicht. Dunkelheit l\u00e4sst den K\u00f6rper Melatonin produzieren, ein Hormon, das m\u00fcde macht. Im Winter, wenn wir morgens im Dunkeln ins B\u00fcro fahren und abends im Dunkeln erst wieder rauskommen, kann es passieren, dass auch tags\u00fcber das Schlafhormon ausgesch\u00fcttet wird \u2013 wir sind schlapp.<\/p>\n<div id=\"attachment_4579\" style=\"width: 310px\" class=\"wp-caption alignleft\"><a href=\"http:\/\/woiczik.de\/wp-content\/uploads\/2021\/02\/IMG_20210130_085418590.jpg\"><img loading=\"lazy\" decoding=\"async\" aria-describedby=\"caption-attachment-4579\" class=\"size-medium wp-image-4579\" src=\"http:\/\/woiczik.de\/wp-content\/uploads\/2021\/02\/IMG_20210130_085418590-300x225.jpg\" alt=\"\" width=\"300\" height=\"225\" srcset=\"http:\/\/woiczik.de\/wp-content\/uploads\/2021\/02\/IMG_20210130_085418590-300x225.jpg 300w, http:\/\/woiczik.de\/wp-content\/uploads\/2021\/02\/IMG_20210130_085418590-768x576.jpg 768w, http:\/\/woiczik.de\/wp-content\/uploads\/2021\/02\/IMG_20210130_085418590-1024x768.jpg 1024w, http:\/\/woiczik.de\/wp-content\/uploads\/2021\/02\/IMG_20210130_085418590-400x300.jpg 400w\" sizes=\"(max-width: 300px) 100vw, 300px\" \/><\/a><p id=\"caption-attachment-4579\" class=\"wp-caption-text\">Auf zum Laufen<\/p><\/div>\n<p class=\"selectionShareable\">Das Ganze funktioniert aber auch umgekehrt: Setzten wir unseren K\u00f6rper Licht aus, werden unsere Lebensgeister wieder geweckt! Das beste Mittel gegen tr\u00fcbe Winter- und Coronagedanken sei. Das funktioniert perfekt bei Sonnenschein, aber selbst das Licht an einem tr\u00fcberen Tag reicht mit rund 7000 Lux, damit der K\u00f6rper die Melatonin-Produktion stoppt. Nutzt man jetzt die hellen Stunden <strong>zum Laufen<\/strong>, hat man auch noch ein paar Kalorien verbrannt \u2013 und der Winterdepression gleich zwei Schnippchen geschlagen.<\/p>\n<p>&nbsp;<\/p>\n<p>&nbsp;<\/p>\n<p><a href=\"http:\/\/woiczik.de\/wp-content\/uploads\/2021\/02\/P1150207.jpg\"><img loading=\"lazy\" decoding=\"async\" class=\"alignleft size-medium wp-image-4581\" src=\"http:\/\/woiczik.de\/wp-content\/uploads\/2021\/02\/P1150207-300x225.jpg\" alt=\"\" width=\"300\" height=\"225\" srcset=\"http:\/\/woiczik.de\/wp-content\/uploads\/2021\/02\/P1150207-300x225.jpg 300w, http:\/\/woiczik.de\/wp-content\/uploads\/2021\/02\/P1150207-768x576.jpg 768w, http:\/\/woiczik.de\/wp-content\/uploads\/2021\/02\/P1150207-1024x768.jpg 1024w, http:\/\/woiczik.de\/wp-content\/uploads\/2021\/02\/P1150207-400x300.jpg 400w\" sizes=\"(max-width: 300px) 100vw, 300px\" \/><\/a><\/p>\n<p>In den letzten drei Monaten (November: 201 Laufkilometer, Dezember: 225 km und Januar 209 km) lief ich soviel wie seit 2017\/2018 nicht mehr (zu diesem Zeitpunkt).\u00a0 Dazu noch im Januar \u00fcber 110 km auf dem Heimtrainer und 1-2 x pro Woche Krafttraining. Jetzt hei\u00dft es das derzeitige Gewicht von 80,7 kg langsam auf unter 77 km zu bringen.<\/p>\n<p>&nbsp;<\/p>\n<div id=\"attachment_4582\" style=\"width: 235px\" class=\"wp-caption alignleft\"><a href=\"http:\/\/woiczik.de\/wp-content\/uploads\/2021\/02\/IMG-20210205-WA0000.jpg\"><img loading=\"lazy\" decoding=\"async\" aria-describedby=\"caption-attachment-4582\" class=\"size-medium wp-image-4582\" src=\"http:\/\/woiczik.de\/wp-content\/uploads\/2021\/02\/IMG-20210205-WA0000-225x300.jpg\" alt=\"\" width=\"225\" height=\"300\" srcset=\"http:\/\/woiczik.de\/wp-content\/uploads\/2021\/02\/IMG-20210205-WA0000-225x300.jpg 225w, http:\/\/woiczik.de\/wp-content\/uploads\/2021\/02\/IMG-20210205-WA0000-768x1024.jpg 768w, http:\/\/woiczik.de\/wp-content\/uploads\/2021\/02\/IMG-20210205-WA0000.jpg 1200w\" sizes=\"(max-width: 225px) 100vw, 225px\" \/><\/a><p id=\"caption-attachment-4582\" class=\"wp-caption-text\">Ern\u00e4hrungsumstellung begann nunmehr<\/p><\/div>\n<p>Seit Beginn des nasskalten Wetters plage ich mich leider wieder, wie <strong>seit \u00fcber 20 Jahren<\/strong>, mit <strong>Muskelverspannungen im HWS, R\u00fccken-und Zwerchfellbereich<\/strong> verst\u00e4rkt herum und die Folgeerscheinungen verursachen auch keine Luftspr\u00fcnge bei mir. <strong>Bei der derzeitigen Wetterlage (viel Schnee und Temperaturen bis zu minus 20 Grad)<\/strong> trainiere ich seit letztem Freitag stark eingeschr\u00e4nkt. Wie es derzeit aussieht werden sicher <strong>vor Juni keine Laufwettk\u00e4mpfe in der Corona Pandemie ausgetragen werden<\/strong>, so dass ich nur eine grobe Wettkampfplanung habe.<\/p>\n<p>&nbsp;<\/p>\n<p>&nbsp;<\/p>\n","protected":false},"excerpt":{"rendered":"<p>Views: 614 Winterblues \u2013 wer bekommt ihn nicht, wenn es drau\u00dfen \u00fcberwiegend dunkel ist und der Fr\u00fchling noch weit? Tr\u00fcbe Wintertage schlagen bei vielen Menschen aufs Gem\u00fct. Man schleppt sich lustlos durch den Tag und hat an nichts wirklich Spa\u00df. &hellip; <a href=\"http:\/\/woiczik.de\/?p=4577\">Weiterlesen <span class=\"meta-nav\">&rarr;<\/span><\/a><\/p>\n","protected":false},"author":1,"featured_media":0,"comment_status":"open","ping_status":"open","sticky":false,"template":"","format":"gallery","meta":{"footnotes":""},"categories":[3],"tags":[],"class_list":["post-4577","post","type-post","status-publish","format-gallery","hentry","category-sport","post_format-post-format-gallery"],"_links":{"self":[{"href":"http:\/\/woiczik.de\/index.php?rest_route=\/wp\/v2\/posts\/4577"}],"collection":[{"href":"http:\/\/woiczik.de\/index.php?rest_route=\/wp\/v2\/posts"}],"about":[{"href":"http:\/\/woiczik.de\/index.php?rest_route=\/wp\/v2\/types\/post"}],"author":[{"embeddable":true,"href":"http:\/\/woiczik.de\/index.php?rest_route=\/wp\/v2\/users\/1"}],"replies":[{"embeddable":true,"href":"http:\/\/woiczik.de\/index.php?rest_route=%2Fwp%2Fv2%2Fcomments&post=4577"}],"version-history":[{"count":4,"href":"http:\/\/woiczik.de\/index.php?rest_route=\/wp\/v2\/posts\/4577\/revisions"}],"predecessor-version":[{"id":4605,"href":"http:\/\/woiczik.de\/index.php?rest_route=\/wp\/v2\/posts\/4577\/revisions\/4605"}],"wp:attachment":[{"href":"http:\/\/woiczik.de\/index.php?rest_route=%2Fwp%2Fv2%2Fmedia&parent=4577"}],"wp:term":[{"taxonomy":"category","embeddable":true,"href":"http:\/\/woiczik.de\/index.php?rest_route=%2Fwp%2Fv2%2Fcategories&post=4577"},{"taxonomy":"post_tag","embeddable":true,"href":"http:\/\/woiczik.de\/index.php?rest_route=%2Fwp%2Fv2%2Ftags&post=4577"}],"curies":[{"name":"wp","href":"https:\/\/api.w.org\/{rel}","templated":true}]}}