{"id":4691,"date":"2021-06-28T06:39:34","date_gmt":"2021-06-28T04:39:34","guid":{"rendered":"http:\/\/woiczik.de\/?p=4691"},"modified":"2021-06-30T07:16:36","modified_gmt":"2021-06-30T05:16:36","slug":"2-aok-see-marathon-falkensee-am-26-06-2021-nur-virtuell","status":"publish","type":"post","link":"http:\/\/woiczik.de\/?p=4691","title":{"rendered":"2. AOK See-Marathon Falkensee am 26.06.2021 (nur virtuell)"},"content":{"rendered":"<p>Views: 518<\/p><div id=\"attachment_4630\" style=\"width: 310px\" class=\"wp-caption alignleft\"><a href=\"http:\/\/woiczik.de\/wp-content\/uploads\/2021\/03\/IMG_20210326_154638240-1.jpg\"><img loading=\"lazy\" decoding=\"async\" aria-describedby=\"caption-attachment-4630\" class=\"size-medium wp-image-4630\" src=\"http:\/\/woiczik.de\/wp-content\/uploads\/2021\/03\/IMG_20210326_154638240-1-300x225.jpg\" alt=\"\" width=\"300\" height=\"225\" srcset=\"http:\/\/woiczik.de\/wp-content\/uploads\/2021\/03\/IMG_20210326_154638240-1-300x225.jpg 300w, http:\/\/woiczik.de\/wp-content\/uploads\/2021\/03\/IMG_20210326_154638240-1-768x576.jpg 768w, http:\/\/woiczik.de\/wp-content\/uploads\/2021\/03\/IMG_20210326_154638240-1-1024x768.jpg 1024w, http:\/\/woiczik.de\/wp-content\/uploads\/2021\/03\/IMG_20210326_154638240-1-400x300.jpg 400w\" sizes=\"(max-width: 300px) 100vw, 300px\" \/><\/a><p id=\"caption-attachment-4630\" class=\"wp-caption-text\">Mit Daniel kurz vor dem Lauf im M\u00e4rz 2021<\/p><\/div>\n<p><strong>Eigentlich<\/strong> war geplant am 26.06.2021 in Falkensee mit meinem Laufpartner Daniel endlich zusammen einen Halbmarathon zu Laufen, in dem ich ihn zu einer pers\u00f6nlichen neuen Bestzeit f\u00fchre\u201c. <strong>Eigentlich<\/strong> waren wir beide bis Mitte Mai 2021 sehr gut im Training, Corona bedingt fielen zuvor bereits drei geplante Wettk\u00e4mpfe (2 x Spreewaldmarathon und der 25er von Berlin l\u00e4uft) aus, nun war die Gelegenheit in Falkensee sehr gut endlich zusammen einen \u201eHalben\u201c zu laufen. Die beiden Testl\u00e4ufe (u.a. 10,5 km in einer 52er Zeit) deuteten auf die Verbesserung seiner Bestzeit hin.<\/p>\n<p>&nbsp;<\/p>\n<p>&nbsp;<\/p>\n<div id=\"attachment_4692\" style=\"width: 179px\" class=\"wp-caption alignleft\"><a href=\"http:\/\/woiczik.de\/wp-content\/uploads\/2021\/06\/P1120774-e1624854214848.jpg\"><img loading=\"lazy\" decoding=\"async\" aria-describedby=\"caption-attachment-4692\" class=\"size-medium wp-image-4692\" src=\"http:\/\/woiczik.de\/wp-content\/uploads\/2021\/06\/P1120774-e1624854214848-169x300.jpg\" alt=\"\" width=\"169\" height=\"300\" srcset=\"http:\/\/woiczik.de\/wp-content\/uploads\/2021\/06\/P1120774-e1624854214848-169x300.jpg 169w, http:\/\/woiczik.de\/wp-content\/uploads\/2021\/06\/P1120774-e1624854214848-768x1365.jpg 768w, http:\/\/woiczik.de\/wp-content\/uploads\/2021\/06\/P1120774-e1624854214848-576x1024.jpg 576w\" sizes=\"(max-width: 169px) 100vw, 169px\" \/><\/a><p id=\"caption-attachment-4692\" class=\"wp-caption-text\">Auf zum virtuellen Run<\/p><\/div>\n<p><strong>Eigentlich<\/strong> w\u00e4re alles so sch\u00f6n gewesen, die Ausschreibung von der Lauforganisatorin in Falkensee Elke Weisener las sich vielversprechend, die Inzidenzen gingen selbst Mitte Mai auf unter 10 pro 100.000 Einwohner in Brandenburg zur\u00fcck, alles schien zu passen. Eigentlich m\u00fcsste doch auch in Brandenburg der Lauf Boom in der Corona Zeit, vor allem, wenn die AOK der Titelsponsor ist, die Teilnehmerzahlen in die \u201eHunderte\u201c treiben. Doch gerade einmal 12 (in Worten zw\u00f6lf) Anmeldungen lagen bis Mitte Mai vor. Mir schwante schon \u201eschlimmes\u201c. Und so kam es auch. Ende Mai waren auf einmal die wenigen Teilnehmer aus der Startliste verschwunden, es wurde urpl\u00f6tzlich daf\u00fcr ein \u201eVirtuell-Run\u201c vom Veranstalter angeboten.<\/p>\n<p>&nbsp;<\/p>\n<p>&nbsp;<\/p>\n<p>Ein Wort was ich nicht mehr h\u00f6ren und sehen kann. Ich finde pers\u00f6nlich nichts schlimmer als diese Art des Laufens. Die Ideen des Veranstalters in der Ausschreibung aufgef\u00fchrt mit einem jeweiligen Startintervall von 2 L\u00e4ufern zeitgleich zu starten, in der Zeit von 9.00-16.00 Uhr, die Veranstaltung durchzuf\u00fchren war perfekt und in einigen von mir in der Coronazeit absolvierten Wettk\u00e4mpfen in \u00e4hnlicher Form auch schon erfolgreich durchgef\u00fchrt und nun \u201edieses\u201c.<\/p>\n<p>&nbsp;<\/p>\n<p><a href=\"http:\/\/woiczik.de\/wp-content\/uploads\/2021\/06\/thumbnail-10.jpg\"><img loading=\"lazy\" decoding=\"async\" class=\"alignleft size-medium wp-image-4693\" src=\"http:\/\/woiczik.de\/wp-content\/uploads\/2021\/06\/thumbnail-10-129x300.jpg\" alt=\"\" width=\"129\" height=\"300\" srcset=\"http:\/\/woiczik.de\/wp-content\/uploads\/2021\/06\/thumbnail-10-129x300.jpg 129w, http:\/\/woiczik.de\/wp-content\/uploads\/2021\/06\/thumbnail-10-768x1792.jpg 768w, http:\/\/woiczik.de\/wp-content\/uploads\/2021\/06\/thumbnail-10-439x1024.jpg 439w, http:\/\/woiczik.de\/wp-content\/uploads\/2021\/06\/thumbnail-10.jpg 1080w\" sizes=\"(max-width: 129px) 100vw, 129px\" \/><\/a><\/p>\n<p><strong>Eigentlich<\/strong> wollte ich zusammen mit Clarissa (aus meinem Verein Polizei SV und eine L\u00e4uferin mit PB: 1:27 h) und Daniel ja dort laufen, aber nun wieder \u201eein Virtuell-Run\u201c. Ich w\u00e4re auch selbst am 26.06.2021 bei diesem \u201eVirtuell-Run\u201c alleine in Falkensee, wie vom Veranstalter angeboten, vor Ort gelaufen, aber ohne offizielle Zeitmessung in Falkensee und ohne Chance mit jemanden im 1:40 h Bereich (Halbmarathon) dort zu laufen und nach R\u00fccksprache mit den beiden Anderen, verzichtete ich auf dem Start in Falkensee und meldete \u201evirtuell\u201c auf die Viertelmarathon-Distanz um, damit der Veranstalter wenigstens so einige Euro einnehmen konnte. Clarissa lief dann bei \u00fcber 30 Grad am Start eine Woche eher in L\u00fcbben und Daniel trainierte dann lieber flei\u00dfig f\u00fcr den \u00d6ztaler Radmarathon Ende August.<\/p>\n<p>&nbsp;<\/p>\n<p><a href=\"http:\/\/woiczik.de\/wp-content\/uploads\/2021\/06\/P1000718.jpg\"><img loading=\"lazy\" decoding=\"async\" class=\"alignleft size-medium wp-image-4710\" src=\"http:\/\/woiczik.de\/wp-content\/uploads\/2021\/06\/P1000718-300x225.jpg\" alt=\"\" width=\"300\" height=\"225\" srcset=\"http:\/\/woiczik.de\/wp-content\/uploads\/2021\/06\/P1000718-300x225.jpg 300w, http:\/\/woiczik.de\/wp-content\/uploads\/2021\/06\/P1000718-768x577.jpg 768w, http:\/\/woiczik.de\/wp-content\/uploads\/2021\/06\/P1000718-1024x769.jpg 1024w, http:\/\/woiczik.de\/wp-content\/uploads\/2021\/06\/P1000718-400x300.jpg 400w\" sizes=\"(max-width: 300px) 100vw, 300px\" \/><\/a><\/p>\n<p><strong>In Senftenberg<\/strong> lief ich das Wochenende zuvor neben einer Tempoeinheit (6 x 400 Meter in 1:34-36\/je 1 x 250 Meter 53 sec. und 100 Meter in 17 sec.) und in der Doppelbelastung dann noch in einer Gruppe (da ist auch der Senftenberger Seenlauf bei Inzidenz 2 und nur 11 angemeldeten Teilnehmern 4 Wochen zuvor schon abgesagt worden, Hotel war aber schon f\u00fcr das Wochenende gebucht)<\/p>\n<p>&nbsp;<\/p>\n<p>&nbsp;<\/p>\n<p><a href=\"http:\/\/woiczik.de\/wp-content\/uploads\/2021\/06\/IMG_4908.jpg\"><img loading=\"lazy\" decoding=\"async\" class=\"alignleft size-medium wp-image-4712\" src=\"http:\/\/woiczik.de\/wp-content\/uploads\/2021\/06\/IMG_4908-300x200.jpg\" alt=\"\" width=\"300\" height=\"200\" srcset=\"http:\/\/woiczik.de\/wp-content\/uploads\/2021\/06\/IMG_4908-300x200.jpg 300w, http:\/\/woiczik.de\/wp-content\/uploads\/2021\/06\/IMG_4908-768x512.jpg 768w, http:\/\/woiczik.de\/wp-content\/uploads\/2021\/06\/IMG_4908-1024x683.jpg 1024w, http:\/\/woiczik.de\/wp-content\/uploads\/2021\/06\/IMG_4908-450x300.jpg 450w\" sizes=\"(max-width: 300px) 100vw, 300px\" \/><\/a><\/p>\n<p>10 km in 45:53 Minuten. Montag Kraft-und Dehnprogramm, Dienstag erstmalig seit Ende September wieder mit der PSV-Laufgruppe trainiert (3-5-3-5-3 Minuten im Tempobereich 3:50-4:10\/pro km) und dann am Mittwoch zur wohlverdienten einst\u00fcndigen Massage. Die l\u00e4dierten Sehnen und Muskeln hat dieses gefreut. Donnerstag generelle Sportpause und Freitag nur ganz ruhig 40 Minuten joggen.<\/p>\n<p>&nbsp;<\/p>\n<p>&nbsp;<\/p>\n<p>&nbsp;<\/p>\n<p>&nbsp;<\/p>\n<p><strong>Der virtuelle Lauf:<\/strong><\/p>\n<p><a href=\"http:\/\/woiczik.de\/wp-content\/uploads\/2021\/06\/thumbnail-9.jpg\"><img loading=\"lazy\" decoding=\"async\" class=\"alignleft size-medium wp-image-4696\" src=\"http:\/\/woiczik.de\/wp-content\/uploads\/2021\/06\/thumbnail-9-129x300.jpg\" alt=\"\" width=\"129\" height=\"300\" srcset=\"http:\/\/woiczik.de\/wp-content\/uploads\/2021\/06\/thumbnail-9-129x300.jpg 129w, http:\/\/woiczik.de\/wp-content\/uploads\/2021\/06\/thumbnail-9-768x1792.jpg 768w, http:\/\/woiczik.de\/wp-content\/uploads\/2021\/06\/thumbnail-9-439x1024.jpg 439w, http:\/\/woiczik.de\/wp-content\/uploads\/2021\/06\/thumbnail-9.jpg 1080w\" sizes=\"(max-width: 129px) 100vw, 129px\" \/><\/a><\/p>\n<p><strong>Eigentlich<\/strong> wollte ich mich noch ausreichend f\u00fcr den 400 Meter Wettkampf vier Tage sp\u00e4ter schonen, aber ein gleichm\u00e4\u00dfiger Tempodauerlauf im 4:45er Schnitt stand auf dem Trainingsprogramm und so nahm ich dann doch an diesem \u201eVirtuellen-Lauf teil. Wie bereits bei 2 virtuellen L\u00e4ufen im letzten Jahr nutzte ich die 10,549 km lange Laufrunde um den Britzer Garten f\u00fcr diesen \u201eWettkampf\u201c. Bei 16-20 Grad und viel Sonnenschein\u00a0ging es um 6.45 Uhr f\u00fcr mich, leider alleine, los. Nach dem Einlaufen lie\u00df ich auf den ersten beiden Kilometern in 4:43 und 4:45 Minuten ruhig angehen. Langsam steigerte ich das Tempo und durchquerte die virtuelle 5 km Marke in 23:03 Minuten. Es lief heute sehr gut (auch alleine) auf der Laufrunde und das Lauftempo steigerte ich auch langsam und mit 4:29,4:25,4:20 und 4:25 Minuten auf den n\u00e4chsten Kilometern war ich f\u00fcr mich sehr gut unterwegs.<\/p>\n<p>&nbsp;<\/p>\n<p><a href=\"http:\/\/woiczik.de\/wp-content\/uploads\/2021\/06\/P1120776-2.jpg\"><img loading=\"lazy\" decoding=\"async\" class=\"alignleft size-medium wp-image-4720\" src=\"http:\/\/woiczik.de\/wp-content\/uploads\/2021\/06\/P1120776-2-169x300.jpg\" alt=\"\" width=\"169\" height=\"300\" srcset=\"http:\/\/woiczik.de\/wp-content\/uploads\/2021\/06\/P1120776-2-169x300.jpg 169w, http:\/\/woiczik.de\/wp-content\/uploads\/2021\/06\/P1120776-2-768x1365.jpg 768w, http:\/\/woiczik.de\/wp-content\/uploads\/2021\/06\/P1120776-2-576x1024.jpg 576w\" sizes=\"(max-width: 169px) 100vw, 169px\" \/><\/a><\/p>\n<p><strong>Der letzte Kilometer in 4:12 Minuten war sehr flott (10 km in 44:54 Minuten) und sehr happy erreichte ich in 47:12 Minuten das &#8222;virtuelle Ziel&#8220;.<\/strong><\/p>\n<p>&#8230; und ich schwor mir, dass war der letzte &#8222;virtuelle Lauf&#8220; , welchen ich gemacht habe. Nur in der Gemeinschaft ist es sch\u00f6n an Wettk\u00e4mpfen teil zunehmen.<\/p>\n","protected":false},"excerpt":{"rendered":"<p>Views: 518Eigentlich war geplant am 26.06.2021 in Falkensee mit meinem Laufpartner Daniel endlich zusammen einen Halbmarathon zu Laufen, in dem ich ihn zu einer pers\u00f6nlichen neuen Bestzeit f\u00fchre\u201c. Eigentlich waren wir beide bis Mitte Mai 2021 sehr gut im Training, &hellip; <a href=\"http:\/\/woiczik.de\/?p=4691\">Weiterlesen <span class=\"meta-nav\">&rarr;<\/span><\/a><\/p>\n","protected":false},"author":1,"featured_media":0,"comment_status":"open","ping_status":"open","sticky":false,"template":"","format":"gallery","meta":{"footnotes":""},"categories":[3],"tags":[],"class_list":["post-4691","post","type-post","status-publish","format-gallery","hentry","category-sport","post_format-post-format-gallery"],"_links":{"self":[{"href":"http:\/\/woiczik.de\/index.php?rest_route=\/wp\/v2\/posts\/4691"}],"collection":[{"href":"http:\/\/woiczik.de\/index.php?rest_route=\/wp\/v2\/posts"}],"about":[{"href":"http:\/\/woiczik.de\/index.php?rest_route=\/wp\/v2\/types\/post"}],"author":[{"embeddable":true,"href":"http:\/\/woiczik.de\/index.php?rest_route=\/wp\/v2\/users\/1"}],"replies":[{"embeddable":true,"href":"http:\/\/woiczik.de\/index.php?rest_route=%2Fwp%2Fv2%2Fcomments&post=4691"}],"version-history":[{"count":15,"href":"http:\/\/woiczik.de\/index.php?rest_route=\/wp\/v2\/posts\/4691\/revisions"}],"predecessor-version":[{"id":4721,"href":"http:\/\/woiczik.de\/index.php?rest_route=\/wp\/v2\/posts\/4691\/revisions\/4721"}],"wp:attachment":[{"href":"http:\/\/woiczik.de\/index.php?rest_route=%2Fwp%2Fv2%2Fmedia&parent=4691"}],"wp:term":[{"taxonomy":"category","embeddable":true,"href":"http:\/\/woiczik.de\/index.php?rest_route=%2Fwp%2Fv2%2Fcategories&post=4691"},{"taxonomy":"post_tag","embeddable":true,"href":"http:\/\/woiczik.de\/index.php?rest_route=%2Fwp%2Fv2%2Ftags&post=4691"}],"curies":[{"name":"wp","href":"https:\/\/api.w.org\/{rel}","templated":true}]}}