{"id":4762,"date":"2021-07-28T10:54:22","date_gmt":"2021-07-28T08:54:22","guid":{"rendered":"http:\/\/woiczik.de\/?p=4762"},"modified":"2021-07-28T15:02:17","modified_gmt":"2021-07-28T13:02:17","slug":"travel-ban-die-einreisesperre-fuer-reisende-aus-europa-in-die-usa","status":"publish","type":"post","link":"http:\/\/woiczik.de\/?p=4762","title":{"rendered":"Travel Ban- die Einreisesperre f\u00fcr Reisende aus Europa in die USA"},"content":{"rendered":"<p>Views: 559<\/p><p><a href=\"http:\/\/woiczik.de\/wp-content\/uploads\/2021\/07\/P1060804.jpg\"><img loading=\"lazy\" decoding=\"async\" class=\"alignleft size-medium wp-image-4763\" src=\"http:\/\/woiczik.de\/wp-content\/uploads\/2021\/07\/P1060804-300x169.jpg\" alt=\"\" width=\"300\" height=\"169\" srcset=\"http:\/\/woiczik.de\/wp-content\/uploads\/2021\/07\/P1060804-300x169.jpg 300w, http:\/\/woiczik.de\/wp-content\/uploads\/2021\/07\/P1060804-768x432.jpg 768w, http:\/\/woiczik.de\/wp-content\/uploads\/2021\/07\/P1060804-1024x576.jpg 1024w, http:\/\/woiczik.de\/wp-content\/uploads\/2021\/07\/P1060804-500x281.jpg 500w\" sizes=\"(max-width: 300px) 100vw, 300px\" \/><\/a><\/p>\n<p>Unseren Sohn in Washington w\u00e4hrend der Herbstferien Mitte Oktober treffen? Von wegen! Harry Potter und den T-Rex in den Universal Studios besuchen? Vielleicht irgendwann im Sommer 2022. Ein Roadtrip \u00fcber die einsame Route 66? Gibt\u2019s nur im Kino oder im TV.<\/p>\n<p>&nbsp;<\/p>\n<p><a href=\"http:\/\/woiczik.de\/wp-content\/uploads\/2021\/07\/P1050759.jpg\"><img loading=\"lazy\" decoding=\"async\" class=\"alignleft size-medium wp-image-4764\" src=\"http:\/\/woiczik.de\/wp-content\/uploads\/2021\/07\/P1050759-300x169.jpg\" alt=\"\" width=\"300\" height=\"169\" srcset=\"http:\/\/woiczik.de\/wp-content\/uploads\/2021\/07\/P1050759-300x169.jpg 300w, http:\/\/woiczik.de\/wp-content\/uploads\/2021\/07\/P1050759-768x432.jpg 768w, http:\/\/woiczik.de\/wp-content\/uploads\/2021\/07\/P1050759-1024x576.jpg 1024w, http:\/\/woiczik.de\/wp-content\/uploads\/2021\/07\/P1050759-500x281.jpg 500w\" sizes=\"(max-width: 300px) 100vw, 300px\" \/><\/a><\/p>\n<p><strong>Amerika ist dicht, und das soll es nach dem Willen seiner Regierung bleiben.<\/strong> Noch in der vergangenen Woche hatte US-Pr\u00e4sident Joe Biden nach dem Gespr\u00e4ch mit Kanzlerin Angela Merkel eine \u00dcberpr\u00fcfung der Einreisesperre f\u00fcr Reisende aus Europa in Aussicht gestellt.<\/p>\n<p>&nbsp;<\/p>\n<p><a href=\"http:\/\/woiczik.de\/wp-content\/uploads\/2021\/07\/P1050802.jpg\"><img loading=\"lazy\" decoding=\"async\" class=\"alignleft size-medium wp-image-4765\" src=\"http:\/\/woiczik.de\/wp-content\/uploads\/2021\/07\/P1050802-300x169.jpg\" alt=\"\" width=\"300\" height=\"169\" srcset=\"http:\/\/woiczik.de\/wp-content\/uploads\/2021\/07\/P1050802-300x169.jpg 300w, http:\/\/woiczik.de\/wp-content\/uploads\/2021\/07\/P1050802-768x432.jpg 768w, http:\/\/woiczik.de\/wp-content\/uploads\/2021\/07\/P1050802-1024x576.jpg 1024w, http:\/\/woiczik.de\/wp-content\/uploads\/2021\/07\/P1050802-500x281.jpg 500w\" sizes=\"(max-width: 300px) 100vw, 300px\" \/><\/a><\/p>\n<p><strong>Nun verk\u00fcndet das Wei\u00dfe Haus am 26.07.2021 die Antwort: Der seit mehr als 16 Monaten geltende Travel Ban bleibt bestehen. \u201eNein, nicht auf ewig\u201c<\/strong>, versichert zwar Bidens Sprecherin Jen Psaki. Aber sie stellt weder eine Befristung noch ein Datum f\u00fcr eine \u00dcberpr\u00fcfung in Aussicht.<\/p>\n<p>&nbsp;<\/p>\n<p><a href=\"http:\/\/woiczik.de\/wp-content\/uploads\/2021\/07\/P1050127.jpg\"><img loading=\"lazy\" decoding=\"async\" class=\"alignleft size-medium wp-image-4766\" src=\"http:\/\/woiczik.de\/wp-content\/uploads\/2021\/07\/P1050127-300x169.jpg\" alt=\"\" width=\"300\" height=\"169\" srcset=\"http:\/\/woiczik.de\/wp-content\/uploads\/2021\/07\/P1050127-300x169.jpg 300w, http:\/\/woiczik.de\/wp-content\/uploads\/2021\/07\/P1050127-768x432.jpg 768w, http:\/\/woiczik.de\/wp-content\/uploads\/2021\/07\/P1050127-1024x576.jpg 1024w, http:\/\/woiczik.de\/wp-content\/uploads\/2021\/07\/P1050127-500x281.jpg 500w\" sizes=\"(max-width: 300px) 100vw, 300px\" \/><\/a><\/p>\n<p>Offiziell begr\u00fcndet wird die Restriktion mit der rasanten Verbreitung der hochansteckenden Delta-Variante des Coronavirus. Und tats\u00e4chlich kann man die Frage stellen, ob angesichts der drohenden vierten Welle der Pandemie das Reisen rund um den<\/p>\n<p>&nbsp;<\/p>\n<p><a href=\"http:\/\/woiczik.de\/wp-content\/uploads\/2021\/07\/P1050363.jpg\"><img loading=\"lazy\" decoding=\"async\" class=\"alignleft size-medium wp-image-4767\" src=\"http:\/\/woiczik.de\/wp-content\/uploads\/2021\/07\/P1050363-300x169.jpg\" alt=\"\" width=\"300\" height=\"169\" srcset=\"http:\/\/woiczik.de\/wp-content\/uploads\/2021\/07\/P1050363-300x169.jpg 300w, http:\/\/woiczik.de\/wp-content\/uploads\/2021\/07\/P1050363-768x432.jpg 768w, http:\/\/woiczik.de\/wp-content\/uploads\/2021\/07\/P1050363-1024x576.jpg 1024w, http:\/\/woiczik.de\/wp-content\/uploads\/2021\/07\/P1050363-500x281.jpg 500w\" sizes=\"(max-width: 300px) 100vw, 300px\" \/><\/a><\/p>\n<p>Globus eine hohe Priorit\u00e4t besitzt und vordringlich erleichtert werden sollte. Millionen ungeimpfte Deutsche oder in Deutschland lebende Reisende bev\u00f6lkerten Spanien, Portugal und andere L\u00e4nder, Zehntausende liefen bei Demos ohne Maske &amp; Abstand<\/p>\n<p>&nbsp;<\/p>\n<p><a href=\"http:\/\/woiczik.de\/wp-content\/uploads\/2021\/07\/IMG_3285.jpg\"><img loading=\"lazy\" decoding=\"async\" class=\"alignleft size-medium wp-image-4768\" src=\"http:\/\/woiczik.de\/wp-content\/uploads\/2021\/07\/IMG_3285-300x200.jpg\" alt=\"\" width=\"300\" height=\"200\" srcset=\"http:\/\/woiczik.de\/wp-content\/uploads\/2021\/07\/IMG_3285-300x200.jpg 300w, http:\/\/woiczik.de\/wp-content\/uploads\/2021\/07\/IMG_3285-768x512.jpg 768w, http:\/\/woiczik.de\/wp-content\/uploads\/2021\/07\/IMG_3285-1024x683.jpg 1024w, http:\/\/woiczik.de\/wp-content\/uploads\/2021\/07\/IMG_3285-450x300.jpg 450w\" sizes=\"(max-width: 300px) 100vw, 300px\" \/><\/a><\/p>\n<p>durch deutsche St\u00e4dte und wilde Partys sorgten daf\u00fcr das die Inzidenzen stetig wieder steigen. <strong>Alles das war von unserem Politikern abzusehen<\/strong>. In den USA steht der Impffortschritt seit 6 Wochen still, aber die B\u00fcrger haben dort weiterhin alle Freiheiten.<\/p>\n<p>&nbsp;<\/p>\n<p><strong>Nachfolgende Zeilen stammen aus einem Artikel vom Redaktionsnetzwerk Deutschland vom 27.07.2021 (Fotos von Claudia, Steffen und Andrej Woiczik)<\/strong><\/p>\n<p><a href=\"http:\/\/woiczik.de\/wp-content\/uploads\/2021\/07\/IMG_3562.jpg\"><img loading=\"lazy\" decoding=\"async\" class=\"alignleft size-medium wp-image-4769\" src=\"http:\/\/woiczik.de\/wp-content\/uploads\/2021\/07\/IMG_3562-300x200.jpg\" alt=\"\" width=\"300\" height=\"200\" srcset=\"http:\/\/woiczik.de\/wp-content\/uploads\/2021\/07\/IMG_3562-300x200.jpg 300w, http:\/\/woiczik.de\/wp-content\/uploads\/2021\/07\/IMG_3562-768x512.jpg 768w, http:\/\/woiczik.de\/wp-content\/uploads\/2021\/07\/IMG_3562-1024x683.jpg 1024w, http:\/\/woiczik.de\/wp-content\/uploads\/2021\/07\/IMG_3562-450x300.jpg 450w\" sizes=\"(max-width: 300px) 100vw, 300px\" \/><\/a><\/p>\n<p>Man folge nur dem Rat der Wissenschaft, versichert Psaki \u2013 und das klingt zun\u00e4chst vern\u00fcnftig. Doch leider ist das nicht einmal die halbe Wahrheit. Die Infektionsraten in den USA liegen deutlich h\u00f6her als beispielweise in Deutschland. Der Impfstand ist vergleichbar.<\/p>\n<p>&nbsp;<\/p>\n<p>&nbsp;<\/p>\n<p><a href=\"http:\/\/woiczik.de\/wp-content\/uploads\/2021\/07\/IMG_4116.jpg\"><img loading=\"lazy\" decoding=\"async\" class=\"alignleft size-medium wp-image-4771\" src=\"http:\/\/woiczik.de\/wp-content\/uploads\/2021\/07\/IMG_4116-300x200.jpg\" alt=\"\" width=\"300\" height=\"200\" srcset=\"http:\/\/woiczik.de\/wp-content\/uploads\/2021\/07\/IMG_4116-300x200.jpg 300w, http:\/\/woiczik.de\/wp-content\/uploads\/2021\/07\/IMG_4116-768x512.jpg 768w, http:\/\/woiczik.de\/wp-content\/uploads\/2021\/07\/IMG_4116-1024x683.jpg 1024w, http:\/\/woiczik.de\/wp-content\/uploads\/2021\/07\/IMG_4116-450x300.jpg 450w\" sizes=\"(max-width: 300px) 100vw, 300px\" \/><\/a><\/p>\n<p>Mehr als 80 Prozent der neuen F\u00e4lle in Amerika und Deutschland gehen auf die Delta-Variante zur\u00fcck. Wie diese Entwicklung gebremst werden soll, indem man Reisende aus Europa aussperrt, die eigenen B\u00fcrgerinnen und B\u00fcrger aber bedenkenlos ins ge\u00f6ffnete Europa an die Str\u00e4nde Spaniens oder Griechenlands reisen l\u00e4sst,<\/p>\n<p>&nbsp;<\/p>\n<p><a href=\"http:\/\/woiczik.de\/wp-content\/uploads\/2021\/07\/P1130828.jpg\"><img loading=\"lazy\" decoding=\"async\" class=\"alignleft size-medium wp-image-4772\" src=\"http:\/\/woiczik.de\/wp-content\/uploads\/2021\/07\/P1130828-300x225.jpg\" alt=\"\" width=\"300\" height=\"225\" srcset=\"http:\/\/woiczik.de\/wp-content\/uploads\/2021\/07\/P1130828-300x225.jpg 300w, http:\/\/woiczik.de\/wp-content\/uploads\/2021\/07\/P1130828-768x576.jpg 768w, http:\/\/woiczik.de\/wp-content\/uploads\/2021\/07\/P1130828-1024x768.jpg 1024w, http:\/\/woiczik.de\/wp-content\/uploads\/2021\/07\/P1130828-400x300.jpg 400w\" sizes=\"(max-width: 300px) 100vw, 300px\" \/><\/a><\/p>\n<p>kann kein Wissenschaftler und keine Wissenschaftlerin begr\u00fcnden. Traumziel Cancun: Europ\u00e4er, die am Strand von Mexiko einen zweiw\u00f6chigen Zwischenstopp einlegen, k\u00f6nnen ohne Probleme in die USA einreisen. Zudem ist der Travel Ban v\u00f6llig unsystematisch.<\/p>\n<p>&nbsp;<\/p>\n<p>&nbsp;<\/p>\n<p><a href=\"http:\/\/woiczik.de\/wp-content\/uploads\/2021\/07\/P1100521.jpg\"><img loading=\"lazy\" decoding=\"async\" class=\"alignleft size-medium wp-image-4773\" src=\"http:\/\/woiczik.de\/wp-content\/uploads\/2021\/07\/P1100521-300x225.jpg\" alt=\"\" width=\"300\" height=\"225\" srcset=\"http:\/\/woiczik.de\/wp-content\/uploads\/2021\/07\/P1100521-300x225.jpg 300w, http:\/\/woiczik.de\/wp-content\/uploads\/2021\/07\/P1100521-400x300.jpg 400w, http:\/\/woiczik.de\/wp-content\/uploads\/2021\/07\/P1100521.jpg 640w\" sizes=\"(max-width: 300px) 100vw, 300px\" \/><\/a><\/p>\n<p>Er wurde im M\u00e4rz 2020 von Donald Trump verh\u00e4ngt und betrifft die europ\u00e4ischen Schengen-Staaten und Gro\u00dfbritannien genauso wie China und den Iran. Doch weder die T\u00fcrkei, noch Saudi-Arabien, Marokko oder Mexiko stehen auf der Liste.\u00a0 Was ist da die Sinnhaftigkeit?<\/p>\n<p>&nbsp;<\/p>\n<p>&nbsp;<\/p>\n<p><a href=\"http:\/\/woiczik.de\/wp-content\/uploads\/2021\/07\/Key-West.jpg\"><img loading=\"lazy\" decoding=\"async\" class=\"alignleft size-medium wp-image-4774\" src=\"http:\/\/woiczik.de\/wp-content\/uploads\/2021\/07\/Key-West-211x300.jpg\" alt=\"\" width=\"211\" height=\"300\" srcset=\"http:\/\/woiczik.de\/wp-content\/uploads\/2021\/07\/Key-West-211x300.jpg 211w, http:\/\/woiczik.de\/wp-content\/uploads\/2021\/07\/Key-West-768x1090.jpg 768w, http:\/\/woiczik.de\/wp-content\/uploads\/2021\/07\/Key-West-721x1024.jpg 721w, http:\/\/woiczik.de\/wp-content\/uploads\/2021\/07\/Key-West.jpg 1216w\" sizes=\"(max-width: 211px) 100vw, 211px\" \/><\/a><\/p>\n<p>Nicht nur k\u00f6nnen die B\u00fcrgerinnen und B\u00fcrger dieser Staaten ohne Probleme in die USA fliegen. Auch jeder Deutsche oder Franzose, der zwei Wochen Zwischenstopp in Istanbul oder am Strand von Cancun einlegt, dort flei\u00dfig Bars besucht und mit vielen potentiellen Virustr\u00e4gern in Kontakt kommt, darf ungehindert in die USA einreisen \u2013 er kommt ja nicht direkt aus Europa. Das ist reichlich widersinnig. Zum politischen und menschlichen Skandal aber wird die willk\u00fcrliche Endloseinreisesperre, weil sie nicht nur den Tourismus ausbremst.<\/p>\n<p>&nbsp;<\/p>\n<p>&nbsp;<\/p>\n<p><a href=\"http:\/\/woiczik.de\/wp-content\/uploads\/2021\/07\/MED_0007.jpg\"><img loading=\"lazy\" decoding=\"async\" class=\"alignleft size-medium wp-image-4776\" src=\"http:\/\/woiczik.de\/wp-content\/uploads\/2021\/07\/MED_0007-300x207.jpg\" alt=\"\" width=\"300\" height=\"207\" srcset=\"http:\/\/woiczik.de\/wp-content\/uploads\/2021\/07\/MED_0007-300x207.jpg 300w, http:\/\/woiczik.de\/wp-content\/uploads\/2021\/07\/MED_0007-768x529.jpg 768w, http:\/\/woiczik.de\/wp-content\/uploads\/2021\/07\/MED_0007-1024x706.jpg 1024w, http:\/\/woiczik.de\/wp-content\/uploads\/2021\/07\/MED_0007-435x300.jpg 435w, http:\/\/woiczik.de\/wp-content\/uploads\/2021\/07\/MED_0007.jpg 1737w\" sizes=\"(max-width: 300px) 100vw, 300px\" \/><\/a><\/p>\n<p>Sie betrifft genauso unz\u00e4hlige Europ\u00e4er und Europ\u00e4erinnen, die mit bestimmten Visa in Amerika leben und ihre Partner oder Familien auf der anderen Seite des Kontinents seit nunmehr anderthalb Jahren nicht sehen k\u00f6nnen.<\/p>\n<p>&nbsp;<\/p>\n<p>&nbsp;<\/p>\n<p><a href=\"http:\/\/woiczik.de\/wp-content\/uploads\/2021\/07\/P1020676_edited.jpg\"><img loading=\"lazy\" decoding=\"async\" class=\"alignleft size-medium wp-image-4777\" src=\"http:\/\/woiczik.de\/wp-content\/uploads\/2021\/07\/P1020676_edited-300x169.jpg\" alt=\"\" width=\"300\" height=\"169\" srcset=\"http:\/\/woiczik.de\/wp-content\/uploads\/2021\/07\/P1020676_edited-300x169.jpg 300w, http:\/\/woiczik.de\/wp-content\/uploads\/2021\/07\/P1020676_edited-768x432.jpg 768w, http:\/\/woiczik.de\/wp-content\/uploads\/2021\/07\/P1020676_edited-1024x576.jpg 1024w, http:\/\/woiczik.de\/wp-content\/uploads\/2021\/07\/P1020676_edited-500x281.jpg 500w\" sizes=\"(max-width: 300px) 100vw, 300px\" \/><\/a><\/p>\n<p>Und sie schadet direkt der deutschen Wirtschaft. Viele Tochterunternehmen in den USA sind auf Montage, Vertriebsunterst\u00fctzung oder Service aus der Heimat angewiesen.<\/p>\n<p>&nbsp;<\/p>\n<p>&nbsp;<\/p>\n<p><a href=\"http:\/\/woiczik.de\/wp-content\/uploads\/2021\/07\/new-york-city.jpg\"><img loading=\"lazy\" decoding=\"async\" class=\"alignleft size-medium wp-image-4778\" src=\"http:\/\/woiczik.de\/wp-content\/uploads\/2021\/07\/new-york-city-300x193.jpg\" alt=\"\" width=\"300\" height=\"193\" srcset=\"http:\/\/woiczik.de\/wp-content\/uploads\/2021\/07\/new-york-city-300x193.jpg 300w, http:\/\/woiczik.de\/wp-content\/uploads\/2021\/07\/new-york-city-466x300.jpg 466w, http:\/\/woiczik.de\/wp-content\/uploads\/2021\/07\/new-york-city.jpg 550w\" sizes=\"(max-width: 300px) 100vw, 300px\" \/><\/a><\/p>\n<p>Doch das entsprechende Personal kann derzeit nur in sehr begrenzten und nicht klar definierten Situationen eine Ausnahmegenehmigung erhalten. Viele Mittelst\u00e4ndler m\u00fcssen inzwischen um ihr Gesch\u00e4ft f\u00fcrchten.<\/p>\n<p>&nbsp;<\/p>\n<p><strong>\u201eAmerica first\u201c erinnert an Trump<\/strong><\/p>\n<p><a href=\"http:\/\/woiczik.de\/wp-content\/uploads\/2021\/07\/P1040550.jpg\"><img loading=\"lazy\" decoding=\"async\" class=\"alignleft size-medium wp-image-4779\" src=\"http:\/\/woiczik.de\/wp-content\/uploads\/2021\/07\/P1040550-300x169.jpg\" alt=\"\" width=\"300\" height=\"169\" srcset=\"http:\/\/woiczik.de\/wp-content\/uploads\/2021\/07\/P1040550-300x169.jpg 300w, http:\/\/woiczik.de\/wp-content\/uploads\/2021\/07\/P1040550-768x432.jpg 768w, http:\/\/woiczik.de\/wp-content\/uploads\/2021\/07\/P1040550-1024x576.jpg 1024w, http:\/\/woiczik.de\/wp-content\/uploads\/2021\/07\/P1040550-500x281.jpg 500w\" sizes=\"(max-width: 300px) 100vw, 300px\" \/><\/a><\/p>\n<p>Das alles k\u00f6nnte den Eindruck n\u00e4hren, Joe Biden wolle unter dem Vorwand der Corona-Pandemie die nationalistische \u201eAmerica-first\u201c-Politik seines Vorg\u00e4ngers Donald Trump mit einer Mauer im Atlantik fortsetzen.<\/p>\n<p>&nbsp;<\/p>\n<p>&nbsp;<\/p>\n<p><a href=\"http:\/\/woiczik.de\/wp-content\/uploads\/2021\/07\/img0121.jpg\"><img loading=\"lazy\" decoding=\"async\" class=\"alignleft size-medium wp-image-4780\" src=\"http:\/\/woiczik.de\/wp-content\/uploads\/2021\/07\/img0121-241x300.jpg\" alt=\"\" width=\"241\" height=\"300\" srcset=\"http:\/\/woiczik.de\/wp-content\/uploads\/2021\/07\/img0121-241x300.jpg 241w, http:\/\/woiczik.de\/wp-content\/uploads\/2021\/07\/img0121-768x957.jpg 768w, http:\/\/woiczik.de\/wp-content\/uploads\/2021\/07\/img0121-821x1024.jpg 821w, http:\/\/woiczik.de\/wp-content\/uploads\/2021\/07\/img0121.jpg 1800w\" sizes=\"(max-width: 241px) 100vw, 241px\" \/><\/a><\/p>\n<p>Doch dieser Vorwurf blendet die innenpolitischen Zw\u00e4nge des neuen Pr\u00e4sidenten aus. Tats\u00e4chlich tobt in Amerika wie in Deutschland ein irrationaler Kulturkampf \u00fcber angebliche Freiheitsverluste durch staatliche Impfvorschriften. Die amerikanischen Sorgen vor den Infektionsgefahren durch Besucherinnen und Besucher von \u00dcbersee w\u00e4ren leicht zu entkr\u00e4ften, wenn das Land (wie umgekehrt Europa) nur vollst\u00e4ndig geimpfte Reisende einreisen lie\u00dfe.<\/p>\n<p>&nbsp;<\/p>\n<p>&nbsp;<\/p>\n<p><a href=\"http:\/\/woiczik.de\/wp-content\/uploads\/2021\/07\/P1040697.jpg\"><img loading=\"lazy\" decoding=\"async\" class=\"alignleft size-medium wp-image-4781\" src=\"http:\/\/woiczik.de\/wp-content\/uploads\/2021\/07\/P1040697-300x169.jpg\" alt=\"\" width=\"300\" height=\"169\" srcset=\"http:\/\/woiczik.de\/wp-content\/uploads\/2021\/07\/P1040697-300x169.jpg 300w, http:\/\/woiczik.de\/wp-content\/uploads\/2021\/07\/P1040697-768x432.jpg 768w, http:\/\/woiczik.de\/wp-content\/uploads\/2021\/07\/P1040697-1024x576.jpg 1024w, http:\/\/woiczik.de\/wp-content\/uploads\/2021\/07\/P1040697-500x281.jpg 500w\" sizes=\"(max-width: 300px) 100vw, 300px\" \/><\/a><\/p>\n<p>Doch das w\u00e4re Wasser auf die M\u00fchlen jener Impfgegner in den USA, die seit Monaten phantasieren, finstere M\u00e4chte wollten ihnen in der Pandemie mit der Spritze zwangsweise irgendwelche Chips ins Hirn einpflanzen.<\/p>\n<p>&nbsp;<\/p>\n<p><a href=\"http:\/\/woiczik.de\/wp-content\/uploads\/2021\/07\/P1000352.jpg\"><img loading=\"lazy\" decoding=\"async\" class=\"alignleft size-medium wp-image-4782\" src=\"http:\/\/woiczik.de\/wp-content\/uploads\/2021\/07\/P1000352-300x169.jpg\" alt=\"\" width=\"300\" height=\"169\" srcset=\"http:\/\/woiczik.de\/wp-content\/uploads\/2021\/07\/P1000352-300x169.jpg 300w, http:\/\/woiczik.de\/wp-content\/uploads\/2021\/07\/P1000352-768x432.jpg 768w, http:\/\/woiczik.de\/wp-content\/uploads\/2021\/07\/P1000352-1024x576.jpg 1024w, http:\/\/woiczik.de\/wp-content\/uploads\/2021\/07\/P1000352-500x281.jpg 500w\" sizes=\"(max-width: 300px) 100vw, 300px\" \/><\/a><\/p>\n<p>Biden hat genug Probleme, die bedrohlich ins Stocken geratene Impfkampagne im eigenen Land am Laufen zu halten. F\u00fcr eine weitere Schlacht mit den rechten Anti-Vaxxern f\u00fchlt er sich offenbar nicht stark genug.<\/p>\n<p>&nbsp;<\/p>\n<p><a href=\"http:\/\/woiczik.de\/wp-content\/uploads\/2021\/07\/P1130822.jpg\"><img loading=\"lazy\" decoding=\"async\" class=\"alignleft size-medium wp-image-4783\" src=\"http:\/\/woiczik.de\/wp-content\/uploads\/2021\/07\/P1130822-300x225.jpg\" alt=\"\" width=\"300\" height=\"225\" srcset=\"http:\/\/woiczik.de\/wp-content\/uploads\/2021\/07\/P1130822-300x225.jpg 300w, http:\/\/woiczik.de\/wp-content\/uploads\/2021\/07\/P1130822-768x576.jpg 768w, http:\/\/woiczik.de\/wp-content\/uploads\/2021\/07\/P1130822-1024x768.jpg 1024w, http:\/\/woiczik.de\/wp-content\/uploads\/2021\/07\/P1130822-400x300.jpg 400w\" sizes=\"(max-width: 300px) 100vw, 300px\" \/><\/a><\/p>\n<p>Das mag man sehr bedauern. Doch letztlich geht es dem Pr\u00e4sidenten nicht anders als vielen deutschen Politikerinnen und Politikern, die im Wahlkampf das heikle Thema der Impfgebote lieber totschweigen, obwohl diese endlich den Geimpften ihre Freiheitsrechte zur\u00fcckgeben w\u00fcrden.<\/p>\n<p>&nbsp;<\/p>\n<p><a href=\"http:\/\/woiczik.de\/wp-content\/uploads\/2021\/07\/P1050813.jpg\"><img loading=\"lazy\" decoding=\"async\" class=\"alignleft size-medium wp-image-4784\" src=\"http:\/\/woiczik.de\/wp-content\/uploads\/2021\/07\/P1050813-300x169.jpg\" alt=\"\" width=\"300\" height=\"169\" srcset=\"http:\/\/woiczik.de\/wp-content\/uploads\/2021\/07\/P1050813-300x169.jpg 300w, http:\/\/woiczik.de\/wp-content\/uploads\/2021\/07\/P1050813-768x432.jpg 768w, http:\/\/woiczik.de\/wp-content\/uploads\/2021\/07\/P1050813-1024x576.jpg 1024w, http:\/\/woiczik.de\/wp-content\/uploads\/2021\/07\/P1050813-500x281.jpg 500w\" sizes=\"(max-width: 300px) 100vw, 300px\" \/><\/a><\/p>\n<p>Wer sich aber im eigenen Land nicht traut, f\u00fcr unbequeme Wahrheiten zu k\u00e4mpfen, der sollte den Zeigefinger in Richtung Washington besser gleich steckenlassen.<\/p>\n<p>&nbsp;<\/p>\n<p>&nbsp;<\/p>\n<p><strong>\u201eWoiczik bleibt doch mal mit deinem Arsch zu Hause\u201c<\/strong><\/p>\n<p><a href=\"http:\/\/woiczik.de\/wp-content\/uploads\/2021\/07\/P1060416.jpg\"><img loading=\"lazy\" decoding=\"async\" class=\"alignleft size-medium wp-image-4785\" src=\"http:\/\/woiczik.de\/wp-content\/uploads\/2021\/07\/P1060416-300x169.jpg\" alt=\"\" width=\"300\" height=\"169\" srcset=\"http:\/\/woiczik.de\/wp-content\/uploads\/2021\/07\/P1060416-300x169.jpg 300w, http:\/\/woiczik.de\/wp-content\/uploads\/2021\/07\/P1060416-768x432.jpg 768w, http:\/\/woiczik.de\/wp-content\/uploads\/2021\/07\/P1060416-1024x576.jpg 1024w, http:\/\/woiczik.de\/wp-content\/uploads\/2021\/07\/P1060416-500x281.jpg 500w\" sizes=\"(max-width: 300px) 100vw, 300px\" \/><\/a><\/p>\n<p><strong>Wie oft h\u00f6rte ich dieses bereits in \u201eVor Coronazeiten\u201c im Bekannten- und Freundeskreis.<\/strong> \u201eDu bist doch schon so oft in den USA gewesen, da kannst du doch noch ein oder zwei Jahre warten\u201c. Eigentlich kann man dagegen nichts sagen,<\/p>\n<p>&nbsp;<\/p>\n<p>&nbsp;<\/p>\n<p><a href=\"http:\/\/woiczik.de\/wp-content\/uploads\/2021\/07\/P1100385.jpg\"><img loading=\"lazy\" decoding=\"async\" class=\"alignleft size-medium wp-image-4786\" src=\"http:\/\/woiczik.de\/wp-content\/uploads\/2021\/07\/P1100385-225x300.jpg\" alt=\"\" width=\"225\" height=\"300\" srcset=\"http:\/\/woiczik.de\/wp-content\/uploads\/2021\/07\/P1100385-225x300.jpg 225w, http:\/\/woiczik.de\/wp-content\/uploads\/2021\/07\/P1100385-768x1024.jpg 768w\" sizes=\"(max-width: 225px) 100vw, 225px\" \/><\/a><strong>aber<\/strong> wenn man sein in den USA arbeitendes Kind nicht sehen kann, ist dieses schon sehr traurig. W\u00e4hrend Steffen in seiner Freizeit bzw. Urlaub New York, Chicago, Atlanta, Buffalo, Boston, Miami, Niagara F\u00e4lle und zahlreiche Freizeit-und Wasserparks usw. besuchen konnte, war ich coronabedingt nur in Deutschland und \u00d6sterreich unterwegs.<\/p>\n<p>&nbsp;<\/p>\n<p>&nbsp;<\/p>\n<p>&nbsp;<\/p>\n<p><strong>Was nun?<\/strong><\/p>\n<p><a href=\"http:\/\/woiczik.de\/wp-content\/uploads\/2021\/07\/P1010181.jpg\"><img loading=\"lazy\" decoding=\"async\" class=\"alignleft size-medium wp-image-4787\" src=\"http:\/\/woiczik.de\/wp-content\/uploads\/2021\/07\/P1010181-300x225.jpg\" alt=\"\" width=\"300\" height=\"225\" srcset=\"http:\/\/woiczik.de\/wp-content\/uploads\/2021\/07\/P1010181-300x225.jpg 300w, http:\/\/woiczik.de\/wp-content\/uploads\/2021\/07\/P1010181-768x576.jpg 768w, http:\/\/woiczik.de\/wp-content\/uploads\/2021\/07\/P1010181-1024x768.jpg 1024w, http:\/\/woiczik.de\/wp-content\/uploads\/2021\/07\/P1010181-400x300.jpg 400w\" sizes=\"(max-width: 300px) 100vw, 300px\" \/><\/a><\/p>\n<p>Abwarten &amp; Tee bzw. Kaffee trinken. Es kann sein, dass der \u201eTravel ban\u201c Ende September 2021 oder erst im Sommer 2022 endet. Mehr als kurzfristig zu buchen, mit Deadline Anfang Oktober ist leider nicht drin. Kanada ist ein tolles Land, der Trip nach Kanada im Sommer 2013 war atemberaubend,<\/p>\n<p>&nbsp;<\/p>\n<p><a href=\"http:\/\/woiczik.de\/wp-content\/uploads\/2021\/07\/P1090073.jpg\"><img loading=\"lazy\" decoding=\"async\" class=\"alignleft size-medium wp-image-4788\" src=\"http:\/\/woiczik.de\/wp-content\/uploads\/2021\/07\/P1090073-300x225.jpg\" alt=\"\" width=\"300\" height=\"225\" srcset=\"http:\/\/woiczik.de\/wp-content\/uploads\/2021\/07\/P1090073-300x225.jpg 300w, http:\/\/woiczik.de\/wp-content\/uploads\/2021\/07\/P1090073-768x576.jpg 768w, http:\/\/woiczik.de\/wp-content\/uploads\/2021\/07\/P1090073-1024x768.jpg 1024w, http:\/\/woiczik.de\/wp-content\/uploads\/2021\/07\/P1090073-400x300.jpg 400w, http:\/\/woiczik.de\/wp-content\/uploads\/2021\/07\/P1090073.jpg 2048w\" sizes=\"(max-width: 300px) 100vw, 300px\" \/><\/a><\/p>\n<p>aber Kanada ab Mitte Oktober als Alternative zu den USA ist zu kalt und zu verregnet. Im Sommer sind noch vier Kurztrips innerhalb von Deutschland und m\u00f6glicherweise mit einem Abstecher nach Belgien geplant, ansonsten m\u00fcssen wir trotz erfolgter Impfung (seit April 2021) mit unserem \u201eArsch\u201c zu Hause bleiben.<\/p>\n<p>&nbsp;<\/p>\n<p>Dazu noch ein Bericht in der Bild-Zeitung:\u00a0<a href=\"https:\/\/www.bild.de\/politik\/ausland\/politik-ausland\/bis-mindestens-september-europaeer-duerfen-immer-noch-nicht-in-die-usa-77201970.bild.html\">Bis mindestens September: Europ\u00e4er d\u00fcrfen immer noch nicht in die USA &#8211; Politik Ausland &#8211; Bild.de<\/a><\/p>\n","protected":false},"excerpt":{"rendered":"<p>Views: 559 Unseren Sohn in Washington w\u00e4hrend der Herbstferien Mitte Oktober treffen? Von wegen! Harry Potter und den T-Rex in den Universal Studios besuchen? Vielleicht irgendwann im Sommer 2022. Ein Roadtrip \u00fcber die einsame Route 66? Gibt\u2019s nur im Kino &hellip; <a href=\"http:\/\/woiczik.de\/?p=4762\">Weiterlesen <span class=\"meta-nav\">&rarr;<\/span><\/a><\/p>\n","protected":false},"author":1,"featured_media":0,"comment_status":"open","ping_status":"open","sticky":false,"template":"","format":"gallery","meta":{"footnotes":""},"categories":[5],"tags":[],"class_list":["post-4762","post","type-post","status-publish","format-gallery","hentry","category-reisen","post_format-post-format-gallery"],"_links":{"self":[{"href":"http:\/\/woiczik.de\/index.php?rest_route=\/wp\/v2\/posts\/4762"}],"collection":[{"href":"http:\/\/woiczik.de\/index.php?rest_route=\/wp\/v2\/posts"}],"about":[{"href":"http:\/\/woiczik.de\/index.php?rest_route=\/wp\/v2\/types\/post"}],"author":[{"embeddable":true,"href":"http:\/\/woiczik.de\/index.php?rest_route=\/wp\/v2\/users\/1"}],"replies":[{"embeddable":true,"href":"http:\/\/woiczik.de\/index.php?rest_route=%2Fwp%2Fv2%2Fcomments&post=4762"}],"version-history":[{"count":5,"href":"http:\/\/woiczik.de\/index.php?rest_route=\/wp\/v2\/posts\/4762\/revisions"}],"predecessor-version":[{"id":4791,"href":"http:\/\/woiczik.de\/index.php?rest_route=\/wp\/v2\/posts\/4762\/revisions\/4791"}],"wp:attachment":[{"href":"http:\/\/woiczik.de\/index.php?rest_route=%2Fwp%2Fv2%2Fmedia&parent=4762"}],"wp:term":[{"taxonomy":"category","embeddable":true,"href":"http:\/\/woiczik.de\/index.php?rest_route=%2Fwp%2Fv2%2Fcategories&post=4762"},{"taxonomy":"post_tag","embeddable":true,"href":"http:\/\/woiczik.de\/index.php?rest_route=%2Fwp%2Fv2%2Ftags&post=4762"}],"curies":[{"name":"wp","href":"https:\/\/api.w.org\/{rel}","templated":true}]}}