{"id":5120,"date":"2022-01-16T17:58:08","date_gmt":"2022-01-16T15:58:08","guid":{"rendered":"http:\/\/woiczik.de\/?p=5120"},"modified":"2022-01-16T17:58:08","modified_gmt":"2022-01-16T15:58:08","slug":"citylauf-dresden-2022-erneut-verlegt-nun-soll-am-19-6-der-start-sein-ohne-mich","status":"publish","type":"post","link":"http:\/\/woiczik.de\/?p=5120","title":{"rendered":"Citylauf Dresden 2022 erneut verlegt- nun soll am 19.6.der Start sein-ohne mich"},"content":{"rendered":"<p>Views: 392<\/p><div id=\"attachment_5121\" style=\"width: 210px\" class=\"wp-caption alignleft\"><a href=\"http:\/\/woiczik.de\/wp-content\/uploads\/2022\/01\/Dresden-2000.jpg\"><img loading=\"lazy\" decoding=\"async\" aria-describedby=\"caption-attachment-5121\" class=\"size-medium wp-image-5121\" src=\"http:\/\/woiczik.de\/wp-content\/uploads\/2022\/01\/Dresden-2000-200x300.jpg\" alt=\"\" width=\"200\" height=\"300\" srcset=\"http:\/\/woiczik.de\/wp-content\/uploads\/2022\/01\/Dresden-2000-200x300.jpg 200w, http:\/\/woiczik.de\/wp-content\/uploads\/2022\/01\/Dresden-2000-768x1152.jpg 768w, http:\/\/woiczik.de\/wp-content\/uploads\/2022\/01\/Dresden-2000-683x1024.jpg 683w, http:\/\/woiczik.de\/wp-content\/uploads\/2022\/01\/Dresden-2000.jpg 2048w\" sizes=\"(max-width: 200px) 100vw, 200px\" \/><\/a><p id=\"caption-attachment-5121\" class=\"wp-caption-text\">Citylauf 2000<\/p><\/div>\n<p>Es war ja auf Grund der letzten beiden Absagen vom Citylauf Dresden in den Jahren 2020 und 2021 abzusehen, auch der Citylauf im Jahr 2022 wird (vorerst) verlegt. Der Veranstalter informierte an diesem Wochenende die Interessierten Aktiven dar\u00fcber wie folgt:<\/p>\n<h1>Citylauf am 19.06.<\/h1>\n<h1><strong>Liebe Cityl\u00e4ufer,<\/strong><\/h1>\n<p><a href=\"http:\/\/woiczik.de\/wp-content\/uploads\/2022\/01\/CitylaufDD.jpg\"><img loading=\"lazy\" decoding=\"async\" class=\"alignleft size-medium wp-image-5122\" src=\"http:\/\/woiczik.de\/wp-content\/uploads\/2022\/01\/CitylaufDD-300x179.jpg\" alt=\"\" width=\"300\" height=\"179\" srcset=\"http:\/\/woiczik.de\/wp-content\/uploads\/2022\/01\/CitylaufDD-300x179.jpg 300w, http:\/\/woiczik.de\/wp-content\/uploads\/2022\/01\/CitylaufDD.jpg 400w\" sizes=\"(max-width: 300px) 100vw, 300px\" \/><\/a><\/p>\n<h1><strong>der NTT DATA Citylauf\u00a0 wird als &#8222;Dresdens gro\u00dfer 10er&#8220; wieder euer sportliches Highlight in 2022. Er wird in diesem Jahr jedoch am 19. Juni stattfinden und sein gro\u00dfes Start- und Zielareal wird sich mitten in der Innenstadt zwischen Kulturpalast und Altmarkt befinden. Quasi &#8222;back to the roots&#8220;, denn vor 32 Jahren feierte hier der Citylauf seine Premiere.<\/strong><\/h1>\n<div id=\"attachment_5123\" style=\"width: 310px\" class=\"wp-caption alignleft\"><a href=\"http:\/\/woiczik.de\/wp-content\/uploads\/2022\/01\/dst161.jpg\"><img loading=\"lazy\" decoding=\"async\" aria-describedby=\"caption-attachment-5123\" class=\"size-medium wp-image-5123\" src=\"http:\/\/woiczik.de\/wp-content\/uploads\/2022\/01\/dst161-300x200.jpg\" alt=\"\" width=\"300\" height=\"200\" srcset=\"http:\/\/woiczik.de\/wp-content\/uploads\/2022\/01\/dst161-300x200.jpg 300w, http:\/\/woiczik.de\/wp-content\/uploads\/2022\/01\/dst161-450x300.jpg 450w, http:\/\/woiczik.de\/wp-content\/uploads\/2022\/01\/dst161.jpg 590w\" sizes=\"(max-width: 300px) 100vw, 300px\" \/><\/a><p id=\"caption-attachment-5123\" class=\"wp-caption-text\">Citylauf 2015<\/p><\/div>\n<h1><strong>Aufgrund der aktuellen Situation weichen wir somit vom M\u00e4rz in den Fr\u00fchsommer aus \u2013 schlie\u00dflich wollen wir mit euch gemeinsam ein gro\u00dfes Lauffestival in realer Form feiern und keine Notl\u00f6sung auf die Beine stellen. Wenn Laufsport, dann wieder richtig!<\/strong><\/h1>\n<h1><\/h1>\n<div id=\"attachment_5124\" style=\"width: 310px\" class=\"wp-caption alignleft\"><a href=\"http:\/\/woiczik.de\/wp-content\/uploads\/2022\/01\/P1130867.jpg\"><img loading=\"lazy\" decoding=\"async\" aria-describedby=\"caption-attachment-5124\" class=\"size-medium wp-image-5124\" src=\"http:\/\/woiczik.de\/wp-content\/uploads\/2022\/01\/P1130867-300x225.jpg\" alt=\"\" width=\"300\" height=\"225\" srcset=\"http:\/\/woiczik.de\/wp-content\/uploads\/2022\/01\/P1130867-300x225.jpg 300w, http:\/\/woiczik.de\/wp-content\/uploads\/2022\/01\/P1130867-768x576.jpg 768w, http:\/\/woiczik.de\/wp-content\/uploads\/2022\/01\/P1130867-1024x768.jpg 1024w, http:\/\/woiczik.de\/wp-content\/uploads\/2022\/01\/P1130867-400x300.jpg 400w\" sizes=\"(max-width: 300px) 100vw, 300px\" \/><\/a><p id=\"caption-attachment-5124\" class=\"wp-caption-text\">Citylauf 2016<\/p><\/div>\n<h1>\n<p><strong>Alle bereits gebuchten Teilnehmer erhalten von uns alle weiterf\u00fchrenden Informationen per Email.<\/strong><\/h1>\n<h1><\/h1>\n<div id=\"attachment_5125\" style=\"width: 310px\" class=\"wp-caption alignleft\"><a href=\"http:\/\/woiczik.de\/wp-content\/uploads\/2022\/01\/17390531_1273479049409238_8403580452784373706_o.jpg\"><img loading=\"lazy\" decoding=\"async\" aria-describedby=\"caption-attachment-5125\" class=\"size-medium wp-image-5125\" src=\"http:\/\/woiczik.de\/wp-content\/uploads\/2022\/01\/17390531_1273479049409238_8403580452784373706_o-300x200.jpg\" alt=\"\" width=\"300\" height=\"200\" srcset=\"http:\/\/woiczik.de\/wp-content\/uploads\/2022\/01\/17390531_1273479049409238_8403580452784373706_o-300x200.jpg 300w, http:\/\/woiczik.de\/wp-content\/uploads\/2022\/01\/17390531_1273479049409238_8403580452784373706_o-768x512.jpg 768w, http:\/\/woiczik.de\/wp-content\/uploads\/2022\/01\/17390531_1273479049409238_8403580452784373706_o-1024x683.jpg 1024w, http:\/\/woiczik.de\/wp-content\/uploads\/2022\/01\/17390531_1273479049409238_8403580452784373706_o-450x300.jpg 450w, http:\/\/woiczik.de\/wp-content\/uploads\/2022\/01\/17390531_1273479049409238_8403580452784373706_o.jpg 1500w\" sizes=\"(max-width: 300px) 100vw, 300px\" \/><\/a><p id=\"caption-attachment-5125\" class=\"wp-caption-text\">Citylauf 2017<\/p><\/div>\n<h1>\n<p><strong>Mit den offiziell vermessenen 10 km und 5 km Strecken, welche beide durch das historische Zentrum Dresdens f\u00fchren, bietet der NTT DATA Citylauf Dresden sowohl bestzeitenhungrigen L\u00e4ufern, als auch Hobbysportlern, ein ideale M\u00f6glichkeit der Standortbestimmung f\u00fcr nachfolgende Vorhaben im Sp\u00e4tsommer und Herbst. Auf dem Laufprogramm stehen weiterhin der 1,2 km Kinderlauf und der 450 m Bambinilauf.<\/strong><\/h1>\n<h1><\/h1>\n<div id=\"attachment_5126\" style=\"width: 310px\" class=\"wp-caption alignleft\"><a href=\"http:\/\/woiczik.de\/wp-content\/uploads\/2022\/01\/P1150463.jpg\"><img loading=\"lazy\" decoding=\"async\" aria-describedby=\"caption-attachment-5126\" class=\"size-medium wp-image-5126\" src=\"http:\/\/woiczik.de\/wp-content\/uploads\/2022\/01\/P1150463-300x225.jpg\" alt=\"\" width=\"300\" height=\"225\" srcset=\"http:\/\/woiczik.de\/wp-content\/uploads\/2022\/01\/P1150463-300x225.jpg 300w, http:\/\/woiczik.de\/wp-content\/uploads\/2022\/01\/P1150463-768x576.jpg 768w, http:\/\/woiczik.de\/wp-content\/uploads\/2022\/01\/P1150463-1024x768.jpg 1024w, http:\/\/woiczik.de\/wp-content\/uploads\/2022\/01\/P1150463-400x300.jpg 400w\" sizes=\"(max-width: 300px) 100vw, 300px\" \/><\/a><p id=\"caption-attachment-5126\" class=\"wp-caption-text\">Citylauf 2019<\/p><\/div>\n<h1>\n<p><strong>NTT DATA Citylauf Dresden am 19. Juni 2022 &#8211; Traditionell. Mitrei\u00dfend. Schnell.<\/strong><\/p>\n<p><strong>Wir freuen uns auf euch<\/strong><br \/>\n<strong>euer Team der Laufszene<\/strong><\/h1>\n<p>&nbsp;<\/p>\n<div id=\"attachment_5127\" style=\"width: 310px\" class=\"wp-caption alignleft\"><a href=\"http:\/\/woiczik.de\/wp-content\/uploads\/2022\/01\/P1160305.jpg\"><img loading=\"lazy\" decoding=\"async\" aria-describedby=\"caption-attachment-5127\" class=\"size-medium wp-image-5127\" src=\"http:\/\/woiczik.de\/wp-content\/uploads\/2022\/01\/P1160305-300x225.jpg\" alt=\"\" width=\"300\" height=\"225\" srcset=\"http:\/\/woiczik.de\/wp-content\/uploads\/2022\/01\/P1160305-300x225.jpg 300w, http:\/\/woiczik.de\/wp-content\/uploads\/2022\/01\/P1160305-400x300.jpg 400w, http:\/\/woiczik.de\/wp-content\/uploads\/2022\/01\/P1160305.jpg 640w\" sizes=\"(max-width: 300px) 100vw, 300px\" \/><\/a><p id=\"caption-attachment-5127\" class=\"wp-caption-text\">Im Sommer 2020 bei fast 30 Grad der Citylauf Dresden<\/p><\/div>\n<p>Da zwischen dem 17-19.06 mein Sohn Steffen nach seinem 2 j\u00e4hrigen Aufenthalt in den USA an diesem &#8222;Citylauf-Wochenende&#8220;\u00a0 zur\u00fcck nach Berlin kommt, werde ich nat\u00fcrlich nicht in Dresden an den Start gehen. Daf\u00fcr werde ich am 27.3 bei den Landesmeisterschaften \u00fcber 10.000 Meter starten.<\/p>\n","protected":false},"excerpt":{"rendered":"<p>Views: 392Es war ja auf Grund der letzten beiden Absagen vom Citylauf Dresden in den Jahren 2020 und 2021 abzusehen, auch der Citylauf im Jahr 2022 wird (vorerst) verlegt. Der Veranstalter informierte an diesem Wochenende die Interessierten Aktiven dar\u00fcber wie &hellip; <a href=\"http:\/\/woiczik.de\/?p=5120\">Weiterlesen <span class=\"meta-nav\">&rarr;<\/span><\/a><\/p>\n","protected":false},"author":1,"featured_media":0,"comment_status":"open","ping_status":"open","sticky":false,"template":"","format":"gallery","meta":{"footnotes":""},"categories":[3],"tags":[],"class_list":["post-5120","post","type-post","status-publish","format-gallery","hentry","category-sport","post_format-post-format-gallery"],"_links":{"self":[{"href":"http:\/\/woiczik.de\/index.php?rest_route=\/wp\/v2\/posts\/5120"}],"collection":[{"href":"http:\/\/woiczik.de\/index.php?rest_route=\/wp\/v2\/posts"}],"about":[{"href":"http:\/\/woiczik.de\/index.php?rest_route=\/wp\/v2\/types\/post"}],"author":[{"embeddable":true,"href":"http:\/\/woiczik.de\/index.php?rest_route=\/wp\/v2\/users\/1"}],"replies":[{"embeddable":true,"href":"http:\/\/woiczik.de\/index.php?rest_route=%2Fwp%2Fv2%2Fcomments&post=5120"}],"version-history":[{"count":1,"href":"http:\/\/woiczik.de\/index.php?rest_route=\/wp\/v2\/posts\/5120\/revisions"}],"predecessor-version":[{"id":5128,"href":"http:\/\/woiczik.de\/index.php?rest_route=\/wp\/v2\/posts\/5120\/revisions\/5128"}],"wp:attachment":[{"href":"http:\/\/woiczik.de\/index.php?rest_route=%2Fwp%2Fv2%2Fmedia&parent=5120"}],"wp:term":[{"taxonomy":"category","embeddable":true,"href":"http:\/\/woiczik.de\/index.php?rest_route=%2Fwp%2Fv2%2Fcategories&post=5120"},{"taxonomy":"post_tag","embeddable":true,"href":"http:\/\/woiczik.de\/index.php?rest_route=%2Fwp%2Fv2%2Ftags&post=5120"}],"curies":[{"name":"wp","href":"https:\/\/api.w.org\/{rel}","templated":true}]}}