{"id":555,"date":"2012-10-29T10:33:26","date_gmt":"2012-10-29T08:33:26","guid":{"rendered":"http:\/\/woiczik.de\/?p=555"},"modified":"2023-07-19T13:14:52","modified_gmt":"2023-07-19T11:14:52","slug":"schaurig-schone-halloween-nights-im-heide-park","status":"publish","type":"post","link":"http:\/\/woiczik.de\/?p=555","title":{"rendered":"Schaurig-sch\u00f6ne Halloween Nights im Heide Park"},"content":{"rendered":"<p>Views: 919<\/p><p><strong>Schaurig-sch\u00f6ne Halloween Nights im Heide Park<\/strong><\/p>\n<div id=\"attachment_588\" style=\"width: 310px\" class=\"wp-caption alignleft\"><a href=\"http:\/\/woiczik.de\/wp-content\/uploads\/2012\/10\/pic0315_3651.jpg\"><img loading=\"lazy\" decoding=\"async\" aria-describedby=\"caption-attachment-588\" class=\"size-medium wp-image-588\" title=\"pic0315_3651\" src=\"http:\/\/woiczik.de\/wp-content\/uploads\/2012\/10\/pic0315_3651-300x200.jpg\" alt=\"\" width=\"300\" height=\"200\" srcset=\"http:\/\/woiczik.de\/wp-content\/uploads\/2012\/10\/pic0315_3651-300x200.jpg 300w, http:\/\/woiczik.de\/wp-content\/uploads\/2012\/10\/pic0315_3651-1024x682.jpg 1024w, http:\/\/woiczik.de\/wp-content\/uploads\/2012\/10\/pic0315_3651-450x300.jpg 450w\" sizes=\"(max-width: 300px) 100vw, 300px\" \/><\/a><p id=\"caption-attachment-588\" class=\"wp-caption-text\">Halloween im Heide Park<\/p><\/div>\n<p>Wenn die N\u00e4chte l\u00e4nger werden und sich die Dunkelheit langsam durch die B\u00e4ume schleicht, beginnt im Heide Park Resort wieder der Horror f\u00fcr alle Halloween-Fans und der Gruselspa\u00df f\u00fcr die ganze Familie. \u00a0An 5 Tagen \u00a0(19.\/20., 26.\/27. und 31. Oktober) konnte bis 22.00 Uhr gegruselt werden.<\/p>\n<p>&nbsp;<\/p>\n<p>&nbsp;<\/p>\n<p><strong>Halloween-Shows<\/strong><\/p>\n<p>Auf\u00a0die kleinen und gro\u00dfen Gruselfans warteten im herbstlich geschm\u00fcckten Heide Park Resort zwei Shows im Dunkeln, die ebenfalls zu diesem fantastischen Halloween-Abenteuer geh\u00f6rten. Wobei man ausf\u00fchren muss, dass die Abendveranstaltungen um 21.15 Uhr am 26\/27.10 auf Grund von minus Graden abgesagt worden sind, da die Unfallgefahr f\u00fcr die Artisten &amp; Schauspieler zu gro\u00df gewesen w\u00e4re.<\/p>\n<p><strong>Halloween f\u00fcr Kids<\/strong><\/p>\n<p>Familienspa\u00df f\u00fcr kleine Hexen, Monster und Vampire (4-12 Jahre) beim Spuk im Lucky Land. Schrecklich nette Kinderanimation mit K\u00fcrbisschnitzen und vielen \u00dcberraschungen.<\/p>\n<p>Neu 2012: Der Gruselwald im Heidegarten f\u00fcr die ganz mutigen und kleinen Zauberlehrlinge (4-12 Jahre).<\/p>\n<p>Der Gruselspa\u00df f\u00fcr die Kleinen fand von 17.00 bis 21.00 Uhr statt.<\/p>\n<p>Am 27.10 fanden \u00fcber 2000 Kinder den Weg nach 17.00 Uhr in den Gruselwald, was zu langen Wartezeiten f\u00fchrte.<\/p>\n<p><strong>Halloween-Horror<\/strong><\/p>\n<div id=\"attachment_590\" style=\"width: 310px\" class=\"wp-caption alignleft\"><a href=\"http:\/\/woiczik.de\/wp-content\/uploads\/2012\/10\/P1070451.jpg\"><img loading=\"lazy\" decoding=\"async\" aria-describedby=\"caption-attachment-590\" class=\"size-medium wp-image-590\" title=\"P1070451\" src=\"http:\/\/woiczik.de\/wp-content\/uploads\/2012\/10\/P1070451-300x225.jpg\" alt=\"\" width=\"300\" height=\"225\" srcset=\"http:\/\/woiczik.de\/wp-content\/uploads\/2012\/10\/P1070451-300x225.jpg 300w, http:\/\/woiczik.de\/wp-content\/uploads\/2012\/10\/P1070451-400x300.jpg 400w, http:\/\/woiczik.de\/wp-content\/uploads\/2012\/10\/P1070451.jpg 640w\" sizes=\"(max-width: 300px) 100vw, 300px\" \/><\/a><p id=\"caption-attachment-590\" class=\"wp-caption-text\">It&#8217;s Horror-Time<\/p><\/div>\n<p>Bei den Halloween Nights im Heide Park Resort\u00a0gab f\u00fcr jeden etwas zu erleben \u2013 darunter viele schaurig-sch\u00f6ne Neuheiten. Mit Asylum, Apokalypse und Inferno feierten drei neue Horrorattraktionen Premiere. Diese wurden in Zusammenarbeit mit der Boo-Crew entwickelt und gebaut (www.boo-crew.de). Der Zugang zu diesen drei neuen Attraktionen\u00a0war ausschlie\u00dflich mit Zeittickets m\u00f6glich, die\u00a0man gratis im Park erhielt. Auch das multidimensionale Horrorkabinett KRAKE lebt!\u00a0war nach seiner diesj\u00e4hrigen Er\u00f6ffnung das erste Mal bei den Halloween Nights dabei sein&#8230;und mein Sohn war erstmals mit seinen 12 Jahren bei &#8222;Krake lebt&#8220; unterwegs.Ihm hat\u00a0Krake lebt gefallen<\/p>\n<p><strong>Unser Reisebericht:<\/strong><\/p>\n<p>Mit einer befreundeten Familie ging es, bei Temperaturen um den Gefrierpunkt, am 27.10 um 5.20 Uhr auf die 381 km lange Anreise nach Soltau. Eine Woche zuvor liefen die zahlreiche Halloween- Junkies noch mit T-Shirt bei sonnigem Wetter und bis zu 22 Grad durch den sch\u00f6n geschm\u00fcckten Heide Park und nun erwarteten uns\u00a0bew\u00f6lkter Himmel mit gelegentlichem Sonnenschein\u00a0und H\u00f6chsttemperaturen von 5 Grad. Am Sonntag schien die Sonne in voller Pracht bei Temperaturen um 8 Grad.<\/p>\n<p>Rechtzeitig hatten wir bereits Monate zuvor eine \u00dcbernachtung im Resort eigenen, sch\u00f6nen Hotel Port Royal mit abendlichem B\u00fcffet gebucht, zum Gl\u00fcck, da an beiden Halloween-Weekends das Hotel ausgebucht war. Das Zimmer war sehr sch\u00f6n &#8222;Halloween-m\u00e4\u00dfig&#8220; gestylt und auch das Hotel war entsprechend nett geschm\u00fcckt.<\/p>\n<p>Wir haben uns f\u00fcr den Samstag einen &#8222;Express Butler&#8220; geleistet, was sich gleich als Gl\u00fccksgriff entpuppte. Auf Grund der Minusgrade bei Park\u00f6ffnung,\u00a0er\u00f6ffneten die meisten Fahrgesch\u00e4fte erst zwischen 11.00 und 13.00 Uhr ihren Fahrbetrieb. Bei der Krake gab es ohne den &#8222;Express Butler&#8220; Wartezeiten von bis zu 2 1\/2 Stunden trotz Vollbetrieb. Bei\u00a0\u00a0<a href=\"http:\/\/www.freizeitpark-welt.de\/freizeitparks\/heide_park\/heide_park_start.php?attractionid=c62\">Colossos<\/a>\u00a0gab es bis ca. 16.30 Uhr nur einen &#8222;Einzugbetrieb&#8220;, so dass es bis zu 3 Stunden Wartezeit &#8222;zum Befahren&#8220; dieser erstklassigen Fahrattraktion kam.<\/p>\n<p>Der Heide Park war sehr gut auf &#8222;Halloween gestylt&#8220; und die Horrorattraktionen Asylum und Inferno wurden hervorragend von der Boo-Crew umgesetzt. Stark fiel hingegen Apokalypse ab, nur laute Musik und wenig grusel, reichten\u00a0nicht f\u00fcr eine (meine)\u00a0Empfehlung aus.<\/p>\n<div id=\"attachment_591\" style=\"width: 310px\" class=\"wp-caption alignleft\"><a href=\"http:\/\/woiczik.de\/wp-content\/uploads\/2012\/10\/P1070465.jpg\"><img loading=\"lazy\" decoding=\"async\" aria-describedby=\"caption-attachment-591\" class=\"size-medium wp-image-591\" title=\"P1070465\" src=\"http:\/\/woiczik.de\/wp-content\/uploads\/2012\/10\/P1070465-300x225.jpg\" alt=\"\" width=\"300\" height=\"225\" srcset=\"http:\/\/woiczik.de\/wp-content\/uploads\/2012\/10\/P1070465-300x225.jpg 300w, http:\/\/woiczik.de\/wp-content\/uploads\/2012\/10\/P1070465-1024x768.jpg 1024w, http:\/\/woiczik.de\/wp-content\/uploads\/2012\/10\/P1070465-400x300.jpg 400w\" sizes=\"(max-width: 300px) 100vw, 300px\" \/><\/a><p id=\"caption-attachment-591\" class=\"wp-caption-text\">Gruseliges in Soltau<\/p><\/div>\n<p><strong>So voll habe ich, ganz ehrlich, den Heide Park\u00a0selten gesehen<\/strong>. Aber da\u00a0an vielen anderen Tagen\u00a0in dieser Saison 2012 ,der Heide Park weit weniger gut besucht war, <strong>gab es einen Besucherr\u00fcckgang auf ca.1,3 Mio. Besucher.\u00a0\u00a0\u00a0<\/strong>Uns haben die 2 Tage im Heide Park sehr gut gefallen.<\/p>\n<p>&nbsp;<\/p>\n<p>&nbsp;<\/p>\n<p>Um 15.10 Uhr begaben wir uns auf die R\u00fcckfahrt nach Berlin, wo wir m\u00fcde aber happy um 18.15 Uhr eintrafen.<\/p>\n<p><strong>Fazit des Jahres 2012 im Heide Park aus meiner Sicht:<\/strong><\/p>\n<p>Ein erlebnisreiches Jahr ging mit insgesamt sechs Fahrten mit 13 Tagen im sch\u00f6nen Heide Park (von Berlin aus in den Heide Park)\u00a0nunmehr zu Ende.<\/p>\n<p>Es war ein au\u00dfergew\u00f6hnliches Jahr, da\u00a0im Heide Park das erste Fantreffen von\u00a0\u00a0<a href=\"http:\/\/www.freizeitpark-welt.de\/\">http:\/\/www.freizeitpark-welt.de\/<\/a>\u00a0stattfand, mit dem Parkchef Herrn Mairinger ein sehr interessantes Interview\u00a0gef\u00fchrt worden ist \u00a0und mein Sohn erstmalig Krake &amp; Co. fahren durfte.<\/p>\n<p><strong>W\u00fcnsche f\u00fcr die Zukunft:<\/strong><\/p>\n<p>Aus meiner pers\u00f6nlichen Sichtweise sollten die entscheidenen\u00a0Funktionstr\u00e4ger vom Heide Park in Zukunft\u00a0auch im Sommer <strong>&#8222;Summernights<\/strong>&#8220; an einigen Samstagen (hiermit meine ich nicht die auf dem Heide Park Gel\u00e4nde stattfindenden Sonderevents) mit \u00d6ffnungszeiten bis 22.00 Uhr und abschlie\u00dfender Lasershow oder Feuerwerk anbieten.<\/p>\n<p>Auch w\u00e4re ein &#8222;<strong>A la Carte Bedien-Restaurant<\/strong>&#8220; im Heide Park eine Bereicherung\u00a0, sowie die Einrichtung von <strong>Servicetafeln<\/strong> an mehreren noralgischen Punkten im HP, auf den man <strong>die aktuellen Wartezeiten erfahren kann<\/strong>.<\/p>\n<p>Ob die &#8222;Parkschlie\u00dfung&#8220;\u00a0 von je vier Mon-und Freitagen im kommenden Jahr (im April) hilft, die Besucherzahlen wieder positiver zu gestalten, da habe ich pers\u00f6nlich meine Zweifel.<\/p>\n<p>Aus meiner Sicht m\u00fcsste <strong>die Qualit\u00e4t der Speisen im Gastronomiebereich stark verbessert werden<\/strong>, aus eigenen Erfahrungen\u00a0und dem Feedback zahlreicher befragter G\u00e4ste, ist nur die Qualit\u00e4t im &#8222;Panorama-Restaurant&#8220; gut bis sehr gut. In vielen &#8222;Imbissen&#8220; ist die Qualit\u00e4t der Speisen stark unter dem Durchschnitt und dieses zu nicht gerade g\u00fcnstigen Preisen.<\/p>\n<p>&nbsp;<\/p>\n<p><strong>..was erwartet uns noch 2013?<\/strong><\/p>\n<div id=\"attachment_592\" style=\"width: 310px\" class=\"wp-caption alignleft\"><a href=\"http:\/\/woiczik.de\/wp-content\/uploads\/2012\/10\/P1050655.jpg\"><img loading=\"lazy\" decoding=\"async\" aria-describedby=\"caption-attachment-592\" class=\"size-medium wp-image-592\" title=\"P1050655\" src=\"http:\/\/woiczik.de\/wp-content\/uploads\/2012\/10\/P1050655-300x225.jpg\" alt=\"\" width=\"300\" height=\"225\" srcset=\"http:\/\/woiczik.de\/wp-content\/uploads\/2012\/10\/P1050655-300x225.jpg 300w, http:\/\/woiczik.de\/wp-content\/uploads\/2012\/10\/P1050655-1024x768.jpg 1024w, http:\/\/woiczik.de\/wp-content\/uploads\/2012\/10\/P1050655-400x300.jpg 400w\" sizes=\"(max-width: 300px) 100vw, 300px\" \/><\/a><p id=\"caption-attachment-592\" class=\"wp-caption-text\">Kommt ein B&amp;M Wingcoaster 2014 in den Heide Park?<\/p><\/div>\n<p>Die Bauarbeiten am neuen &#8222;Highlight 2014&#8220; werden sichtbarer werden, die Thematisierung im &#8222;Vampir-Bereich&#8220; soll voran schreiten und sonst?<\/p>\n<p>Viel Spekulation und viele\u00a0Ger\u00fcchte, daher kann offizielles hier nicht vermeldet werden.<\/p>\n<p>&nbsp;<\/p>\n<p>&nbsp;<\/p>\n<p>&nbsp;<\/p>\n<p><strong>Update vom\u00a004.11.2012:<\/strong><\/p>\n<div>Nach nur einem Jahr &#8222;in Betrieb&#8220; schloss am gestrigen Tag &#8222;Krake lebt&#8220; f\u00fcr immer ihre Pforten. Nach \u00fcbereinstimmenden &#8222;Besuchererz\u00e4hlungen&#8220; wurde dieses gestern den Besuchern, am letzten Tag der Saison, mitgeteilt. Die &#8222;Krake lebt&#8220;-Mitarbeiter wurden dar\u00fcber informiert, dass 2013 es keine &#8222;Krake lebt&#8220; mehr geben wird.<br \/>\n\u00dcber 1 Mio. mal f\u00fcr f\u00fcr ein Jahr in den Sand gesetzt und die Attraktion massiv beworben, dieses ist ein &#8222;No go&#8220;. Eine offizielle Stellungnahme (Pressemitteilung) steht noch aus.<\/div>\n<p><strong>Impressionen aus dem Heide Park:<\/strong><\/p>\n<div id=\"attachment_593\" style=\"width: 310px\" class=\"wp-caption alignleft\"><a href=\"http:\/\/woiczik.de\/wp-content\/uploads\/2012\/10\/20121027_pic1311_5230.jpg\"><img loading=\"lazy\" decoding=\"async\" aria-describedby=\"caption-attachment-593\" class=\"size-medium wp-image-593\" title=\"20121027_pic1311_5230\" src=\"http:\/\/woiczik.de\/wp-content\/uploads\/2012\/10\/20121027_pic1311_5230-300x200.jpg\" alt=\"\" width=\"300\" height=\"200\" srcset=\"http:\/\/woiczik.de\/wp-content\/uploads\/2012\/10\/20121027_pic1311_5230-300x200.jpg 300w, http:\/\/woiczik.de\/wp-content\/uploads\/2012\/10\/20121027_pic1311_5230-1024x682.jpg 1024w, http:\/\/woiczik.de\/wp-content\/uploads\/2012\/10\/20121027_pic1311_5230-450x300.jpg 450w\" sizes=\"(max-width: 300px) 100vw, 300px\" \/><\/a><p id=\"caption-attachment-593\" class=\"wp-caption-text\">Kurz nach dem Start bei Desert Race<\/p><\/div>\n<p>&nbsp;<\/p>\n<p>&nbsp;<\/p>\n<p>&nbsp;<\/p>\n<p>&nbsp;<\/p>\n<p>&nbsp;<\/p>\n<div id=\"attachment_594\" style=\"width: 310px\" class=\"wp-caption alignleft\"><a href=\"http:\/\/woiczik.de\/wp-content\/uploads\/2012\/10\/P1070458.jpg\"><img loading=\"lazy\" decoding=\"async\" aria-describedby=\"caption-attachment-594\" class=\"size-medium wp-image-594\" title=\"P1070458\" src=\"http:\/\/woiczik.de\/wp-content\/uploads\/2012\/10\/P1070458-300x225.jpg\" alt=\"\" width=\"300\" height=\"225\" srcset=\"http:\/\/woiczik.de\/wp-content\/uploads\/2012\/10\/P1070458-300x225.jpg 300w, http:\/\/woiczik.de\/wp-content\/uploads\/2012\/10\/P1070458-1024x768.jpg 1024w, http:\/\/woiczik.de\/wp-content\/uploads\/2012\/10\/P1070458-400x300.jpg 400w\" sizes=\"(max-width: 300px) 100vw, 300px\" \/><\/a><p id=\"caption-attachment-594\" class=\"wp-caption-text\">Ein Highlight im Heide Park morgens bei minus 6 Grad<\/p><\/div>\n<p>&nbsp;<\/p>\n<p>&nbsp;<\/p>\n<p>&nbsp;<\/p>\n<p>&nbsp;<\/p>\n<p>&nbsp;<\/p>\n<p>&nbsp;<\/p>\n<div id=\"attachment_595\" style=\"width: 310px\" class=\"wp-caption alignleft\"><a href=\"http:\/\/woiczik.de\/wp-content\/uploads\/2012\/10\/P1070447.jpg\"><img loading=\"lazy\" decoding=\"async\" aria-describedby=\"caption-attachment-595\" class=\"size-medium wp-image-595\" title=\"P1070447\" src=\"http:\/\/woiczik.de\/wp-content\/uploads\/2012\/10\/P1070447-300x225.jpg\" alt=\"\" width=\"300\" height=\"225\" srcset=\"http:\/\/woiczik.de\/wp-content\/uploads\/2012\/10\/P1070447-300x225.jpg 300w, http:\/\/woiczik.de\/wp-content\/uploads\/2012\/10\/P1070447-1024x768.jpg 1024w, http:\/\/woiczik.de\/wp-content\/uploads\/2012\/10\/P1070447-400x300.jpg 400w\" sizes=\"(max-width: 300px) 100vw, 300px\" \/><\/a><p id=\"caption-attachment-595\" class=\"wp-caption-text\">erstklassige Horror-Maze von der Boo-Crew<\/p><\/div>\n","protected":false},"excerpt":{"rendered":"<p>Views: 919Schaurig-sch\u00f6ne Halloween Nights im Heide Park Wenn die N\u00e4chte l\u00e4nger werden und sich die Dunkelheit langsam durch die B\u00e4ume schleicht, beginnt im Heide Park Resort wieder der Horror f\u00fcr alle Halloween-Fans und der Gruselspa\u00df f\u00fcr die ganze Familie. \u00a0An &hellip; <a href=\"http:\/\/woiczik.de\/?p=555\">Weiterlesen <span class=\"meta-nav\">&rarr;<\/span><\/a><\/p>\n","protected":false},"author":1,"featured_media":0,"comment_status":"open","ping_status":"open","sticky":false,"template":"","format":"gallery","meta":{"footnotes":""},"categories":[4,6],"tags":[],"class_list":["post-555","post","type-post","status-publish","format-gallery","hentry","category-freizeitparks","category-freizeitparks-in-deutschland","post_format-post-format-gallery"],"_links":{"self":[{"href":"http:\/\/woiczik.de\/index.php?rest_route=\/wp\/v2\/posts\/555"}],"collection":[{"href":"http:\/\/woiczik.de\/index.php?rest_route=\/wp\/v2\/posts"}],"about":[{"href":"http:\/\/woiczik.de\/index.php?rest_route=\/wp\/v2\/types\/post"}],"author":[{"embeddable":true,"href":"http:\/\/woiczik.de\/index.php?rest_route=\/wp\/v2\/users\/1"}],"replies":[{"embeddable":true,"href":"http:\/\/woiczik.de\/index.php?rest_route=%2Fwp%2Fv2%2Fcomments&post=555"}],"version-history":[{"count":12,"href":"http:\/\/woiczik.de\/index.php?rest_route=\/wp\/v2\/posts\/555\/revisions"}],"predecessor-version":[{"id":6627,"href":"http:\/\/woiczik.de\/index.php?rest_route=\/wp\/v2\/posts\/555\/revisions\/6627"}],"wp:attachment":[{"href":"http:\/\/woiczik.de\/index.php?rest_route=%2Fwp%2Fv2%2Fmedia&parent=555"}],"wp:term":[{"taxonomy":"category","embeddable":true,"href":"http:\/\/woiczik.de\/index.php?rest_route=%2Fwp%2Fv2%2Fcategories&post=555"},{"taxonomy":"post_tag","embeddable":true,"href":"http:\/\/woiczik.de\/index.php?rest_route=%2Fwp%2Fv2%2Ftags&post=555"}],"curies":[{"name":"wp","href":"https:\/\/api.w.org\/{rel}","templated":true}]}}