{"id":6074,"date":"2022-10-17T09:59:04","date_gmt":"2022-10-17T07:59:04","guid":{"rendered":"http:\/\/woiczik.de\/?p=6074"},"modified":"2022-10-18T09:38:03","modified_gmt":"2022-10-18T07:38:03","slug":"the-great-10k-berlin-am-16-10-2022-berlin-laeuft","status":"publish","type":"post","link":"http:\/\/woiczik.de\/?p=6074","title":{"rendered":"The Great 10k Berlin am 16.10.2022 (Berlin l\u00e4uft)-Update"},"content":{"rendered":"<p>Views: 620<\/p><h1 class=\"wtrBlogDfPostHeadline\">\u201edegewo Great 10K\u201c am 16.10.2022<\/h1>\n<div id=\"attachment_6076\" style=\"width: 310px\" class=\"wp-caption alignleft\"><a href=\"http:\/\/woiczik.de\/wp-content\/uploads\/2022\/10\/Great-10-k-Berlin-2022-Laeufer-vor-Schloss-degewoGreat10K-750x500.jpg\"><img loading=\"lazy\" decoding=\"async\" aria-describedby=\"caption-attachment-6076\" class=\"size-medium wp-image-6076\" src=\"http:\/\/woiczik.de\/wp-content\/uploads\/2022\/10\/Great-10-k-Berlin-2022-Laeufer-vor-Schloss-degewoGreat10K-750x500-300x200.jpg\" alt=\"\" width=\"300\" height=\"200\" srcset=\"http:\/\/woiczik.de\/wp-content\/uploads\/2022\/10\/Great-10-k-Berlin-2022-Laeufer-vor-Schloss-degewoGreat10K-750x500-300x200.jpg 300w, http:\/\/woiczik.de\/wp-content\/uploads\/2022\/10\/Great-10-k-Berlin-2022-Laeufer-vor-Schloss-degewoGreat10K-750x500-450x300.jpg 450w, http:\/\/woiczik.de\/wp-content\/uploads\/2022\/10\/Great-10-k-Berlin-2022-Laeufer-vor-Schloss-degewoGreat10K-750x500.jpg 750w\" sizes=\"(max-width: 300px) 100vw, 300px\" \/><\/a><p id=\"caption-attachment-6076\" class=\"wp-caption-text\">Copyright<br \/>Foto: camera4<\/p><\/div>\n<p>Die 28 Jahre alte Marathon-Team-Europameisterin\u00a0<strong><em>Deborah \u201eDebbie\u201c Sch\u00f6neborn <\/em><\/strong>gewann den beliebten Lauf in 32:54 Minuten und verbesserte ihren eigenen Zehn-Kilometer-Rekord um zwei Sekunden. Ebenfalls mit pers\u00f6nlicher Bestzeit wurde Thea Heim (33:41 Minuten; LG Telis Finanz Regensburg) Zweite vor Blanka D\u00f6rfel (34:50; SCC Berlin).<\/p>\n<p>&nbsp;<\/p>\n<p>&nbsp;<\/p>\n<div id=\"attachment_6079\" style=\"width: 235px\" class=\"wp-caption alignleft\"><a href=\"http:\/\/woiczik.de\/wp-content\/uploads\/2022\/10\/9..jpg\"><img loading=\"lazy\" decoding=\"async\" aria-describedby=\"caption-attachment-6079\" class=\"size-medium wp-image-6079\" src=\"http:\/\/woiczik.de\/wp-content\/uploads\/2022\/10\/9.-225x300.jpg\" alt=\"\" width=\"225\" height=\"300\" srcset=\"http:\/\/woiczik.de\/wp-content\/uploads\/2022\/10\/9.-225x300.jpg 225w, http:\/\/woiczik.de\/wp-content\/uploads\/2022\/10\/9.-768x1024.jpg 768w, http:\/\/woiczik.de\/wp-content\/uploads\/2022\/10\/9..jpg 1200w\" sizes=\"(max-width: 225px) 100vw, 225px\" \/><\/a><p id=\"caption-attachment-6079\" class=\"wp-caption-text\">Wettkampfvorbereitung<\/p><\/div>\n<p>Bei den M\u00e4nnern triumphierte der Kenianer Micah Kiplagat Cheserek in schnellen 27:57 Minuten vor seinen Landsm\u00e4nnern Vincent Kiprotich Kibet (28:00) und Lawi Kosgei (28:56).Mit dem Sieg sicherte sich \u201eDebbie\u201c Sch\u00f6neborn auch den Berlin-Brandenburger Meistertitel, da im Rahmen des \u201edegewo Great 10K\u201c auch die<strong> Berlin-Brandenburgische Stra\u00dfenlauf-Meisterschaft \u00fcber zehn Kilometer<\/strong> ausgetragen wurde.<strong> Insgesamt gingen \u00fcber 5000 Sportbegeisterte an den Start<\/strong>, darunter 500 Kinder \u2013 so viele Nachwuchs-L\u00e4ufer*innen waren noch nie auf der 800-Meter-Strecke am Schloss Charlottenburg dabei.<\/p>\n<p>&nbsp;<\/p>\n<div id=\"attachment_6077\" style=\"width: 235px\" class=\"wp-caption alignleft\"><a href=\"http:\/\/woiczik.de\/wp-content\/uploads\/2022\/10\/8..jpg\"><img loading=\"lazy\" decoding=\"async\" aria-describedby=\"caption-attachment-6077\" class=\"size-medium wp-image-6077\" src=\"http:\/\/woiczik.de\/wp-content\/uploads\/2022\/10\/8.-225x300.jpg\" alt=\"\" width=\"225\" height=\"300\" srcset=\"http:\/\/woiczik.de\/wp-content\/uploads\/2022\/10\/8.-225x300.jpg 225w, http:\/\/woiczik.de\/wp-content\/uploads\/2022\/10\/8.-768x1024.jpg 768w, http:\/\/woiczik.de\/wp-content\/uploads\/2022\/10\/8..jpg 1200w\" sizes=\"(max-width: 225px) 100vw, 225px\" \/><\/a><p id=\"caption-attachment-6077\" class=\"wp-caption-text\">Mit Andre&#8216; bei Ankunft am Veranstaltungsgel\u00e4nde<\/p><\/div>\n<p>Bei Deutschlands schnellstem \u201eZehner\u201c ging es vom Schloss Charlottenburg durch die City West und den Berliner Zoo zur\u00fcck zum Schloss, eine kleinere Runde drehten die j\u00fcngsten Starterinnen und Starter beim Kinderlauf (800 Meter). <strong>Vom Polizei SV Berlin<\/strong> waren 8 Teilnehmer und von <strong>TUS Neuk\u00f6lln<\/strong>, wo ich passives Mitglied und im Vorstand bin, 3 Teilnehmer am Start. Mit<strong> Andre&#8216;<\/strong> traf ich mich um 10.00 Uhr und fuhr mit ihm zum Veranstaltungsgel\u00e4nde. Im Laufe der n\u00e4chsten 30 Minuten begegneten wir dort <span dir=\"ltr\" role=\"presentation\"><strong>J\u00f6rg Beinlich<\/strong> und seiner Frau (TSV Rudow), unseren L\u00e4ufern vom PSV, <strong>Winfried Schumann, <\/strong><strong>Sportdirektor Christoph Kopp <\/strong>und einigen mehr. <\/span><\/p>\n<p>&nbsp;<\/p>\n<p><strong>Der Lauf:<\/strong><\/p>\n<div id=\"attachment_6078\" style=\"width: 310px\" class=\"wp-caption alignleft\"><a href=\"http:\/\/woiczik.de\/wp-content\/uploads\/2022\/10\/7..jpg\"><img loading=\"lazy\" decoding=\"async\" aria-describedby=\"caption-attachment-6078\" class=\"size-medium wp-image-6078\" src=\"http:\/\/woiczik.de\/wp-content\/uploads\/2022\/10\/7.-300x225.jpg\" alt=\"\" width=\"300\" height=\"225\" srcset=\"http:\/\/woiczik.de\/wp-content\/uploads\/2022\/10\/7.-300x225.jpg 300w, http:\/\/woiczik.de\/wp-content\/uploads\/2022\/10\/7.-768x576.jpg 768w, http:\/\/woiczik.de\/wp-content\/uploads\/2022\/10\/7.-1024x768.jpg 1024w, http:\/\/woiczik.de\/wp-content\/uploads\/2022\/10\/7.-400x300.jpg 400w, http:\/\/woiczik.de\/wp-content\/uploads\/2022\/10\/7..jpg 1600w\" sizes=\"(max-width: 300px) 100vw, 300px\" \/><\/a><p id=\"caption-attachment-6078\" class=\"wp-caption-text\">Kurz vor dem Start mit Winfried Schumann<\/p><\/div>\n<p>P\u00fcnktlich um 12.00 Uhr erfolgte bei fast idealen Laufbedingungen im ersten Teil der Strecke (18-20 Grad, kaum Wind, leicht wolkiger Himmel) der Startschuss. Die Meisterschaftsl\u00e4ufer*Innen standen direkt hinter der Handvoll internationaler Topathleten*Innen (dank gr\u00f6\u00dferer Sponsoren waren es bis 2019 erheblich mehr internationaler Topl\u00e4ufer*Innen, welche den Weg zu dieser Veranstaltung gefunden haben).<\/p>\n<p>&nbsp;<\/p>\n<div id=\"attachment_6080\" style=\"width: 235px\" class=\"wp-caption alignleft\"><a href=\"http:\/\/woiczik.de\/wp-content\/uploads\/2022\/10\/6..jpg\"><img loading=\"lazy\" decoding=\"async\" aria-describedby=\"caption-attachment-6080\" class=\"size-medium wp-image-6080\" src=\"http:\/\/woiczik.de\/wp-content\/uploads\/2022\/10\/6.-225x300.jpg\" alt=\"\" width=\"225\" height=\"300\" srcset=\"http:\/\/woiczik.de\/wp-content\/uploads\/2022\/10\/6.-225x300.jpg 225w, http:\/\/woiczik.de\/wp-content\/uploads\/2022\/10\/6.-768x1024.jpg 768w, http:\/\/woiczik.de\/wp-content\/uploads\/2022\/10\/6..jpg 1200w\" sizes=\"(max-width: 225px) 100vw, 225px\" \/><\/a><p id=\"caption-attachment-6080\" class=\"wp-caption-text\">Drei PSVer kurz vor dem Einlaufen<\/p><\/div>\n<p><strong>Winfried<\/strong> (19:38 min.),<strong> Andre<\/strong>&#8218; (19:58), <strong>Christoph<\/strong> (19:50) und <strong>Stefan<\/strong> (20:14) gingen sehr flott die ersten 5 km an. Ihre Altersklassenbestzeiten bzw. pers\u00f6nliche Bestzeiten &#8222;waren in Gefahr&#8220;. <strong>Ich<\/strong> kam gut zwei Minuten sp\u00e4ter in 22:13 Minuten (netto) bei Halbzeit im Areal des Berliner Zoos an. Bis dato f\u00fchlte ich mich trotz der bekannten Zipperlein in der Marathonvorbereitung gut und durchlief in der schnellsten Zeit der letzten 5 Jahre bei einem 10er die 5 km Marke. Nun kam die schwierige zweite Passage des Rennens. Der Wind blies auf dem 3 km langen Teilst\u00fcck auf der Kantstr. wieder einmal als Gegenwind und lie\u00df die Laufzeiten der &#8222;vier Gladiatoren&#8220; ein wenig verlangsamen.<\/p>\n<p>&nbsp;<\/p>\n<p><strong>Pers\u00f6nliche Bestzeiten f\u00fcr Andre&#8216; und Christoph<\/strong><\/p>\n<div id=\"attachment_6081\" style=\"width: 235px\" class=\"wp-caption alignleft\"><a href=\"http:\/\/woiczik.de\/wp-content\/uploads\/2022\/10\/5..jpg\"><img loading=\"lazy\" decoding=\"async\" aria-describedby=\"caption-attachment-6081\" class=\"size-medium wp-image-6081\" src=\"http:\/\/woiczik.de\/wp-content\/uploads\/2022\/10\/5.-225x300.jpg\" alt=\"\" width=\"225\" height=\"300\" srcset=\"http:\/\/woiczik.de\/wp-content\/uploads\/2022\/10\/5.-225x300.jpg 225w, http:\/\/woiczik.de\/wp-content\/uploads\/2022\/10\/5.-768x1024.jpg 768w, http:\/\/woiczik.de\/wp-content\/uploads\/2022\/10\/5..jpg 1200w\" sizes=\"(max-width: 225px) 100vw, 225px\" \/><\/a><p id=\"caption-attachment-6081\" class=\"wp-caption-text\">Erfolgreich im Ziel (okay, dass Foto entstand 30 Minuten nach dem Zieleinlauf)<\/p><\/div>\n<p>Innerhalb von knapp 90 Sekunden kamen\u00a0 <strong>Winfried<\/strong>, <strong>Christoph,\u00a0<\/strong> <strong>Andre<\/strong>&#8218; und <strong>Stefan<\/strong> ins Ziel am Schloss Charlottenburg. <strong>Fast 130 Teilnehmer*Innen<\/strong> nahmen an den diesj\u00e4hrigen <strong>10 km Landesmeisterschaften<\/strong> teil, die<strong> Altersklassen M 50\/M55<\/strong> waren in der Quantit\u00e4t und Qualit\u00e4t sehr gut besetzt, so dass man schon eine 37 bzw. 38er Zeit f\u00fcr einen Medaillengewinn ben\u00f6tigte. <strong>Winfried <\/strong>lief eine tolle 40:09 min. Leider lagen beim Schreiben dieser Zeilen nur die Ergebnisse der ersten Drei jeder Altersklasse vor, die Meisterschaftsergebnisse ab Platz 4 werden in einem Update nachgereicht.<\/p>\n<p>&nbsp;<\/p>\n<p>&nbsp;<\/p>\n<p>&nbsp;<\/p>\n<div id=\"attachment_6083\" style=\"width: 235px\" class=\"wp-caption alignleft\"><a href=\"http:\/\/woiczik.de\/wp-content\/uploads\/2022\/10\/4..jpg\"><img loading=\"lazy\" decoding=\"async\" aria-describedby=\"caption-attachment-6083\" class=\"size-medium wp-image-6083\" src=\"http:\/\/woiczik.de\/wp-content\/uploads\/2022\/10\/4.-225x300.jpg\" alt=\"\" width=\"225\" height=\"300\" srcset=\"http:\/\/woiczik.de\/wp-content\/uploads\/2022\/10\/4.-225x300.jpg 225w, http:\/\/woiczik.de\/wp-content\/uploads\/2022\/10\/4.-768x1024.jpg 768w, http:\/\/woiczik.de\/wp-content\/uploads\/2022\/10\/4..jpg 1200w\" sizes=\"(max-width: 225px) 100vw, 225px\" \/><\/a><p id=\"caption-attachment-6083\" class=\"wp-caption-text\">Neue pers\u00f6nliche Bestzeit<\/p><\/div>\n<p>Kurz dahinter folgte <strong>Christoph<\/strong>, der in 40:42 Minuten eine tolle <strong>pers\u00f6nliche Bestzeit<\/strong> aufstellte und bei den Landesmeisterschaften<strong> Vizemeister<\/strong> wurde. Bereits seine dritte Platzierung in diesem Jahr unter den ersten Drei bei Landesmeisterschaften in der M45. Ganz tolle Leistung. Zu dem lief er noch beim Drei Zinnen Lauf in S\u00fcdtirol Mitte September (einem der gr\u00f6\u00dften Bergl\u00e4ufe in Europa) in seiner Altersklasse vorne mit. Drei neue pers\u00f6nliche Bestzeiten stellte er in diesem Jahr auf, herzlichen Gl\u00fcckwunsch dazu.<\/p>\n<p>&nbsp;<\/p>\n<p>&nbsp;<\/p>\n<p>&nbsp;<\/p>\n<div id=\"attachment_6084\" style=\"width: 235px\" class=\"wp-caption alignleft\"><a href=\"http:\/\/woiczik.de\/wp-content\/uploads\/2022\/10\/3.jpg\"><img loading=\"lazy\" decoding=\"async\" aria-describedby=\"caption-attachment-6084\" class=\"size-medium wp-image-6084\" src=\"http:\/\/woiczik.de\/wp-content\/uploads\/2022\/10\/3-225x300.jpg\" alt=\"\" width=\"225\" height=\"300\" srcset=\"http:\/\/woiczik.de\/wp-content\/uploads\/2022\/10\/3-225x300.jpg 225w, http:\/\/woiczik.de\/wp-content\/uploads\/2022\/10\/3-768x1024.jpg 768w, http:\/\/woiczik.de\/wp-content\/uploads\/2022\/10\/3.jpg 1200w\" sizes=\"(max-width: 225px) 100vw, 225px\" \/><\/a><p id=\"caption-attachment-6084\" class=\"wp-caption-text\">Neue pers\u00f6nliche Bestzeit<\/p><\/div>\n<p>Erstaunlich wie <strong>Andre&#8216; <\/strong>mit &#8222;nur&#8220; drei Mal Lauftraining in der Woche erneut nach dem Triumph in seiner Altersklasse M 40 bei den Landesmeisterschaften im Halbmarathon in pers\u00f6nlicher Bestzeit auch nunmehr \u00fcber 10 km seine pers\u00f6nliche Bestzeit verbesserte. Einige lange Einheiten bin ich in seiner Vorbereitung auf den Dresden Marathon (30.10) mit ihm gelaufen und gratuliere an dieser Stelle &#8222;dem Dresdner&#8220; erneut zu dieser tollen Leistung. Viel Spa\u00df und Erfolg in Dresden und wahrscheinlich l\u00e4uft er da auch &#8222;PB&#8220;. In Dresden sind er, Clarissa (Marathondeb\u00fct) und ich vom PSV am Start.<\/p>\n<p>&nbsp;<\/p>\n<p><strong>Stefan<\/strong> kam in sehr guten 41:32 Minuten zufrieden ins Ziel. <strong>Detlef Brauer<\/strong> wurde in der <strong>M75 Vizemeister <\/strong>und<strong> Konni Beyer <\/strong>sogar<strong> Meister in der M80.<\/strong> <strong>Herzlichen Gl\u00fcckwunsch Euch Allen zu diesen tollen Ergebnissen.<\/strong><\/p>\n<p>&nbsp;<\/p>\n<div id=\"attachment_6085\" style=\"width: 310px\" class=\"wp-caption alignleft\"><a href=\"http:\/\/woiczik.de\/wp-content\/uploads\/2022\/10\/P1130012.jpg\"><img loading=\"lazy\" decoding=\"async\" aria-describedby=\"caption-attachment-6085\" class=\"size-medium wp-image-6085\" src=\"http:\/\/woiczik.de\/wp-content\/uploads\/2022\/10\/P1130012-300x237.jpg\" alt=\"\" width=\"300\" height=\"237\" srcset=\"http:\/\/woiczik.de\/wp-content\/uploads\/2022\/10\/P1130012-300x237.jpg 300w, http:\/\/woiczik.de\/wp-content\/uploads\/2022\/10\/P1130012-768x607.jpg 768w, http:\/\/woiczik.de\/wp-content\/uploads\/2022\/10\/P1130012-1024x810.jpg 1024w, http:\/\/woiczik.de\/wp-content\/uploads\/2022\/10\/P1130012-379x300.jpg 379w, http:\/\/woiczik.de\/wp-content\/uploads\/2022\/10\/P1130012.jpg 1952w\" sizes=\"(max-width: 300px) 100vw, 300px\" \/><\/a><p id=\"caption-attachment-6085\" class=\"wp-caption-text\">M 45 Rekord 2015 in 42:16 min.<\/p><\/div>\n<p><strong>Gerne h\u00e4tte ich an dieser Stelle auch vermeldet, dass ich einen pers\u00f6nlichen Altersklassen-Rekord aufgestellt habe, leider wurde daraus nichts.<\/strong> Beim Durchlaufen vom Zoo sp\u00fcrte ich erst links dann rechts Verspannungen in den beiden Oberschenkeln, welche sich im Laufe der Zeit Intensivierten. Noch bei km 6 (26:33 min) war ich im Plan auf eine Endzeit von unter 44:20 min. Es ging dann aber nichts mehr.<\/p>\n<p>&nbsp;<\/p>\n<div id=\"attachment_6086\" style=\"width: 235px\" class=\"wp-caption alignleft\"><a href=\"http:\/\/woiczik.de\/wp-content\/uploads\/2022\/10\/2.jpg\"><img loading=\"lazy\" decoding=\"async\" aria-describedby=\"caption-attachment-6086\" class=\"size-medium wp-image-6086\" src=\"http:\/\/woiczik.de\/wp-content\/uploads\/2022\/10\/2-225x300.jpg\" alt=\"\" width=\"225\" height=\"300\" srcset=\"http:\/\/woiczik.de\/wp-content\/uploads\/2022\/10\/2-225x300.jpg 225w, http:\/\/woiczik.de\/wp-content\/uploads\/2022\/10\/2-768x1024.jpg 768w, http:\/\/woiczik.de\/wp-content\/uploads\/2022\/10\/2.jpg 1200w\" sizes=\"(max-width: 225px) 100vw, 225px\" \/><\/a><p id=\"caption-attachment-6086\" class=\"wp-caption-text\">Christoph bei der Siegerehrung<\/p><\/div>\n<p>Lag es an der leichten &#8222;Tempoversch\u00e4rfung&#8220; kurz nach km 5, an den neuen Schuhen, an der &#8222;Verk\u00fcrzung der H\u00fcftbeuger&#8220;?\u00a0 Ich qu\u00e4lte mich ins Ziel, ab km 6 war es kein Spa\u00df mehr, denen ich eigentlich haben wollte.<strong> Der erste Wettkampf in diesem Jahr, welcher f\u00fcr mich &#8222;in die Hose ging&#8220;.<\/strong><\/p>\n<p>&nbsp;<\/p>\n<p><strong>Fazit: Der Veranstalter<\/strong> hat wieder einmal eine toll organisierte Laufveranstaltung auf die Beine gestellt, die Aktiven aus meinen beiden Vereinen erzielten tolle Ergebnisse und bis kurz vor km 6 hatte auch ich Spa\u00df. <strong>\u00a0<\/strong><\/p>\n<p>&nbsp;<\/p>\n<p><strong>Hier die Ergebnisse vom Polizei SV:<\/strong><\/p>\n<table class=\"hide-phone\" width=\"100%\" cellspacing=\"0\" cellpadding=\"2\">\n<tbody class=\"ng-scope ng-isolate-scope\">\n<tr class=\"table-body is-clickable pmd-bg-li20 pmd-hover\">\n<td>243.<\/td>\n<td>219.<\/td>\n<td><\/td>\n<td>5109<\/td>\n<td>Christoph<\/td>\n<td>Sch\u00fcgerl<\/td>\n<td>17.<\/td>\n<td>M45<\/td>\n<td>Polizei SV Berlin<\/td>\n<td>\n<div class=\"relative-fix textAlign-RIGHT\">\n<p>00:40:42<\/p>\n<div class=\"forward-indicator\"><\/div>\n<\/div>\n<\/td>\n<\/tr>\n<tr class=\"table-body is-clickable pmd-bg-li10 pmd-hover\">\n<td>267.<\/td>\n<td>241.<\/td>\n<td><\/td>\n<td>5034<\/td>\n<td>Andre<\/td>\n<td>G\u00f6hler<\/td>\n<td>35.<\/td>\n<td>M40<\/td>\n<td>Polizei SV Berlin<\/td>\n<td>\n<div class=\"relative-fix textAlign-RIGHT\">\n<p>00:41:16<\/p>\n<div class=\"forward-indicator\"><\/div>\n<\/div>\n<\/td>\n<\/tr>\n<tr class=\"table-body is-clickable pmd-bg-li20 pmd-hover\">\n<td>281.<\/td>\n<td>254.<\/td>\n<td><\/td>\n<td>5000<\/td>\n<td>Stefan<\/td>\n<td>Alberti<\/td>\n<td>9.<\/td>\n<td>M55<\/td>\n<td>Polizei SV Berlin<\/td>\n<td>\n<div class=\"relative-fix textAlign-RIGHT\">\n<p>00:41:32<\/p>\n<div class=\"forward-indicator\"><\/div>\n<\/div>\n<\/td>\n<\/tr>\n<tr class=\"table-body is-clickable pmd-bg-li10 pmd-hover\">\n<td>688.<\/td>\n<td>605.<\/td>\n<td><\/td>\n<td>5132<\/td>\n<td>Andrej<\/td>\n<td>Woiczik<\/td>\n<td>46.<\/td>\n<td>M50<\/td>\n<td>Polizei SV Berlin<\/td>\n<td>\n<div class=\"relative-fix textAlign-RIGHT\">\n<p>00:47:00<\/p>\n<div class=\"forward-indicator\"><\/div>\n<\/div>\n<\/td>\n<\/tr>\n<tr class=\"table-body is-clickable pmd-bg-li20 pmd-hover\">\n<td>2013.<\/td>\n<td>1492.<\/td>\n<td><\/td>\n<td>2059<\/td>\n<td>Ralf<\/td>\n<td>Janotte<\/td>\n<td>32.<\/td>\n<td>M65<\/td>\n<td>Polizei SV Berlin<\/td>\n<td>\n<div class=\"relative-fix textAlign-RIGHT\">\n<p>00:59:14<\/p>\n<div class=\"forward-indicator\"><\/div>\n<\/div>\n<\/td>\n<\/tr>\n<tr class=\"table-body is-clickable pmd-bg-li10 pmd-hover\">\n<td>2513.<\/td>\n<td><\/td>\n<td>764.<\/td>\n<td>3380<\/td>\n<td>Gisela<\/td>\n<td>Seifert<\/td>\n<td>19.<\/td>\n<td>W60<\/td>\n<td>Polizei SV Berlin<\/td>\n<td>\n<div class=\"relative-fix textAlign-RIGHT\">\n<p>01:05:22<\/p>\n<div class=\"forward-indicator\"><\/div>\n<\/div>\n<\/td>\n<\/tr>\n<tr class=\"table-body is-clickable pmd-bg-li20 pmd-hover\">\n<td>2872.<\/td>\n<td>1911.<\/td>\n<td><\/td>\n<td>5018<\/td>\n<td>Detlef<\/td>\n<td>Brauer<\/td>\n<td>8.<\/td>\n<td>M75<\/td>\n<td>Polizei SV Berlin<\/td>\n<td>\n<div class=\"relative-fix textAlign-RIGHT\">\n<p>01:14:10<\/p>\n<div class=\"forward-indicator\"><\/div>\n<\/div>\n<\/td>\n<\/tr>\n<tr class=\"table-body is-clickable pmd-bg-li10 pmd-hover\">\n<td>2961.<\/td>\n<td>1945.<\/td>\n<td><\/td>\n<td>5490<\/td>\n<td>Christian<\/td>\n<td>Busche<\/td>\n<td>213.<\/td>\n<td>M50<\/td>\n<td>Polizei SV Berlin<\/td>\n<td>\n<div class=\"relative-fix textAlign-RIGHT\">01:18:41<\/div>\n<\/td>\n<\/tr>\n<\/tbody>\n<\/table>\n<p><strong>Hier vom TUS Neuk\u00f6lln:<\/strong><\/p>\n<table class=\"hide-phone\" width=\"100%\" cellspacing=\"0\" cellpadding=\"2\">\n<tbody class=\"ng-scope ng-isolate-scope\">\n<tr class=\"table-body is-clickable pmd-bg-li20 pmd-hover\">\n<td>104.<\/td>\n<td>96.<\/td>\n<td><\/td>\n<td>3218<\/td>\n<td>Oliver<\/td>\n<td>Schilling<\/td>\n<td>37.<\/td>\n<td>M<\/td>\n<td>TuS Neuk\u00f6lln Berlin<\/td>\n<td>\n<div class=\"relative-fix textAlign-RIGHT\">\n<p>00:37:22<\/p>\n<div class=\"forward-indicator\"><\/div>\n<\/div>\n<\/td>\n<\/tr>\n<tr class=\"table-body is-clickable pmd-bg-li10 pmd-hover\">\n<td>215.<\/td>\n<td>192.<\/td>\n<td><\/td>\n<td>5110<\/td>\n<td>Winfried<\/td>\n<td>Schumann<\/td>\n<td>8.<\/td>\n<td>M55<\/td>\n<td>TuS Neuk\u00f6lln Berlin<\/td>\n<td>\n<div class=\"relative-fix textAlign-RIGHT\">\n<p>00:40:09<\/p>\n<div class=\"forward-indicator\"><\/div>\n<\/div>\n<\/td>\n<\/tr>\n<tr class=\"table-body is-clickable pmd-bg-li20 pmd-hover\">\n<td>1716.<\/td>\n<td>1320.<\/td>\n<td><\/td>\n<td>5013<\/td>\n<td>Konrad<\/td>\n<td>Beyer<\/td>\n<td>1.<\/td>\n<td>M80<\/td>\n<td>TuS Neuk\u00f6lln Berlin<\/td>\n<td>\n<div class=\"relative-fix textAlign-RIGHT\">00:56:49<\/div>\n<\/td>\n<\/tr>\n<\/tbody>\n<\/table>\n<p><strong>Informationen zum Lauf:<\/strong><\/p>\n<p>The Great 10k Berlin (bis 2015 <em>Grand 10 Berlin<\/em>) sind ein Volks- und Stra\u00dfenlauf \u00fcber 10 km, der seit 2008 im Oktober in Berlin stattfindet. Von 2010 bis 2015 trug die von <em>Berlin l\u00e4uft!<\/em> organisierte Veranstaltung Sponsor Asics im Titel, seit 2018 Bridgestone und nunmehr erstmalig die Degewo. Zum Programm geh\u00f6ren auch eine 2-mal-5-km-Staffel sowie ein Kinderlauf.<\/p>\n<p><strong>Finisherrekord<\/strong> im Jahr 2015: 5805<\/p>\n<p>2010 lief Leonard Patrick Komon mit 27:12 min die bislang schnellste Zeit auf deutschem Boden und unterbot damit die 17 Jahre alte Marke von 27:37 min, die Tendai Chimusasa beim W\u00fcrzburger Residenzlauf aufgestellt hatte.<\/p>\n<p><strong>Teilnahmen bei diesem Wettkampf:<\/strong><\/p>\n<p>2009: 40:36 min. (km 5: 20:16 min.) &#8211; Gesamtplatz 161- AK M 40 Platz 47<\/p>\n<p>2010: 41:08 min. (km 5: 20:26 min.) -Gesamtplatz 211-AK M 40 Platz 45<\/p>\n<p>2013: 42:59 min. (km 5: 21:16 min.) -Gesamtplatz 431-AK M 45 Platz 69<\/p>\n<p>2015: 44:38 min. (km 5: 22:25 min.) -Gesamtplatz 792-AK M 45 Platz 103<\/p>\n<p>2018: 46:15 min. (km 5: 22:28 min.) -Gesamtplatz 748-AK M 50 Platz 84<\/p>\n<p>2021: 49:28 min. (km 5: 24:18 min.) -Gesamtplatz 638- AK M 50 Platz 62<\/p>\n<p>2022: 47:00 min. (km 5: 22:13 min.)- Gesamtplatz 688-AK M 50 Platz 46<\/p>\n<p><strong>Wie l\u00e4uft mein Marathontraining?<\/strong><\/p>\n<p><a href=\"http:\/\/woiczik.de\/wp-content\/uploads\/2022\/10\/10-e1665993140272.jpg\"><img loading=\"lazy\" decoding=\"async\" class=\"alignleft size-medium wp-image-6087\" src=\"http:\/\/woiczik.de\/wp-content\/uploads\/2022\/10\/10-e1665993140272-225x300.jpg\" alt=\"\" width=\"225\" height=\"300\" srcset=\"http:\/\/woiczik.de\/wp-content\/uploads\/2022\/10\/10-e1665993140272-225x300.jpg 225w, http:\/\/woiczik.de\/wp-content\/uploads\/2022\/10\/10-e1665993140272-768x1024.jpg 768w\" sizes=\"(max-width: 225px) 100vw, 225px\" \/><\/a>Seit knapp 2 Monaten laufe ich durchschnittlich 60 km in der Woche und absolvierte bislang 6 Einheiten \u00fcber 2 Stunden (eine davon sogar \u00fcber 2 1\/2 Stunden mit \u00fcber 26 km). Im Training &#8222;finishte&#8220; ich sogar einen Triathlon im Recklinghausen (1000 Meter im Hallenbad schwimmen, auf dem Heimtrainer 10 km und 9 km auf dem Laufband). Eine Herz- MRT im Deutschen Herzzentrum verlief am 07.10 f\u00fcr mich erfreulich. Kann jetzt ohne Sorgen diesbez\u00fcglich weiter trainieren.<\/p>\n<p>&nbsp;<\/p>\n<p>&nbsp;<\/p>\n<div id=\"attachment_6088\" style=\"width: 235px\" class=\"wp-caption alignleft\"><a href=\"http:\/\/woiczik.de\/wp-content\/uploads\/2022\/10\/11-e1665993236848.jpg\"><img loading=\"lazy\" decoding=\"async\" aria-describedby=\"caption-attachment-6088\" class=\"size-medium wp-image-6088\" src=\"http:\/\/woiczik.de\/wp-content\/uploads\/2022\/10\/11-e1665993236848-225x300.jpg\" alt=\"\" width=\"225\" height=\"300\" srcset=\"http:\/\/woiczik.de\/wp-content\/uploads\/2022\/10\/11-e1665993236848-225x300.jpg 225w, http:\/\/woiczik.de\/wp-content\/uploads\/2022\/10\/11-e1665993236848-768x1024.jpg 768w\" sizes=\"(max-width: 225px) 100vw, 225px\" \/><\/a><p id=\"caption-attachment-6088\" class=\"wp-caption-text\">Nach dem Schwimmtraining<\/p><\/div>\n<p>Das Training f\u00fcr den Walt Disney World Marathon in Orlando Anfang Januar 2023 ist auf eine SUB 3:40 h ausgelegt mit 4-6 Laufeinheiten in der Woche. Dazu &#8222;noch ab und zu&#8220; Schwimmtraining, Training auf dem Speed-Bike und Krafttraining inkl. Dehnprogramm. Selbst mit dem &#8222;verkrampften&#8220; gestrigen 10er Wettkampf ist eine Zeit von 3:38 h m\u00f6glich.<\/p>\n<p>Wenn ich gesund und munter Ende Oktober in Dresden den &#8222;Halben&#8220; laufen kann, versuche ich eine Laufzeit von 1:42-1:44h zu erreichen. Mal sehen, ob es klappt?<\/p>\n<p>&nbsp;<\/p>\n<p><strong>Update:<\/strong><\/p>\n<p>Bei den 10 km Landesmeisterschaften kamen 112 Teilnehmer ins Ziel, in meiner Altersklasse kamen von 10 Teilnehmern 9 ins Ziel.<\/p>\n<p>43. 34. Schumann, Winfried TuS Neuk\u00f6lln Berlin 4. M55 5110 00:40:09 00:40:12<\/p>\n<p>48. 38. Sch\u00fcgerl, Christoph Polizei SV Berlin 2. M45 5109 00:40:42 00:40:49<\/p>\n<p>54. 42. G\u00f6hler, Andre Polizei SV Berlin 4. M40 5034 00:41:16 00:41:22<br \/>\n56. 43. Alberti, Stefan Polizei SV Berlin 5. M55 5000 00:41:32 00:41:38<\/p>\n<p><strong>Knapper Kampf um Platz 5 in der M 50<\/strong><\/p>\n<p>81. 57. Hejazi, Mahdi SCC Berlin 5. M50 5077 00:46:48 00:46:56<br \/>\n82. 58. Woiczik, Andrej Polizei SV Berlin 6. M50 5132 00:47:00 00:47:07<\/p>\n<p>106. 71. Beyer, Konrad TuS Neuk\u00f6lln Berlin 1. M80 5013 00:56:49 00:56:54<\/p>\n<p>111. 76. Brauer, Detlef Polizei SV Berlin 2. M75 5018 01:14:10 01:14:12<\/p>\n<p><strong>Tolle Ergebnisse f\u00fcr unsere Aktiven<\/strong><\/p>\n<p>&nbsp;<\/p>\n","protected":false},"excerpt":{"rendered":"<p>Views: 620\u201edegewo Great 10K\u201c am 16.10.2022 Die 28 Jahre alte Marathon-Team-Europameisterin\u00a0Deborah \u201eDebbie\u201c Sch\u00f6neborn gewann den beliebten Lauf in 32:54 Minuten und verbesserte ihren eigenen Zehn-Kilometer-Rekord um zwei Sekunden. Ebenfalls mit pers\u00f6nlicher Bestzeit wurde Thea Heim (33:41 Minuten; LG Telis Finanz &hellip; <a href=\"http:\/\/woiczik.de\/?p=6074\">Weiterlesen <span class=\"meta-nav\">&rarr;<\/span><\/a><\/p>\n","protected":false},"author":1,"featured_media":0,"comment_status":"open","ping_status":"open","sticky":false,"template":"","format":"gallery","meta":{"footnotes":""},"categories":[3],"tags":[],"class_list":["post-6074","post","type-post","status-publish","format-gallery","hentry","category-sport","post_format-post-format-gallery"],"_links":{"self":[{"href":"http:\/\/woiczik.de\/index.php?rest_route=\/wp\/v2\/posts\/6074"}],"collection":[{"href":"http:\/\/woiczik.de\/index.php?rest_route=\/wp\/v2\/posts"}],"about":[{"href":"http:\/\/woiczik.de\/index.php?rest_route=\/wp\/v2\/types\/post"}],"author":[{"embeddable":true,"href":"http:\/\/woiczik.de\/index.php?rest_route=\/wp\/v2\/users\/1"}],"replies":[{"embeddable":true,"href":"http:\/\/woiczik.de\/index.php?rest_route=%2Fwp%2Fv2%2Fcomments&post=6074"}],"version-history":[{"count":4,"href":"http:\/\/woiczik.de\/index.php?rest_route=\/wp\/v2\/posts\/6074\/revisions"}],"predecessor-version":[{"id":6093,"href":"http:\/\/woiczik.de\/index.php?rest_route=\/wp\/v2\/posts\/6074\/revisions\/6093"}],"wp:attachment":[{"href":"http:\/\/woiczik.de\/index.php?rest_route=%2Fwp%2Fv2%2Fmedia&parent=6074"}],"wp:term":[{"taxonomy":"category","embeddable":true,"href":"http:\/\/woiczik.de\/index.php?rest_route=%2Fwp%2Fv2%2Fcategories&post=6074"},{"taxonomy":"post_tag","embeddable":true,"href":"http:\/\/woiczik.de\/index.php?rest_route=%2Fwp%2Fv2%2Ftags&post=6074"}],"curies":[{"name":"wp","href":"https:\/\/api.w.org\/{rel}","templated":true}]}}