{"id":6486,"date":"2023-05-14T08:01:38","date_gmt":"2023-05-14T06:01:38","guid":{"rendered":"http:\/\/woiczik.de\/?p=6486"},"modified":"2023-05-15T06:46:08","modified_gmt":"2023-05-15T04:46:08","slug":"obbm-seniorinnen-und-senioren-in-jueterbog-am-13-05-2023","status":"publish","type":"post","link":"http:\/\/woiczik.de\/?p=6486","title":{"rendered":"oBBM Seniorinnen und Senioren in J\u00fcterbog am 13.05.2023"},"content":{"rendered":"<p>Views: 1045<\/p><p>Am 13.05.2023 fanden im Stadion &#8222;Am Rohrteich&#8220;\u00a0 die\u00a0oBBM Seniorinnen und Senioren mit\u00a0354 Meldungen ( 163 Teilnehmer\/ 70 Vereine\/ 7 Bundesl\u00e4nder) statt.<\/p>\n<p><a href=\"http:\/\/woiczik.de\/wp-content\/uploads\/2023\/05\/P1090609.jpg\"><img loading=\"lazy\" decoding=\"async\" class=\"alignleft size-medium wp-image-6489\" src=\"http:\/\/woiczik.de\/wp-content\/uploads\/2023\/05\/P1090609-300x225.jpg\" alt=\"\" width=\"300\" height=\"225\" srcset=\"http:\/\/woiczik.de\/wp-content\/uploads\/2023\/05\/P1090609-300x225.jpg 300w, http:\/\/woiczik.de\/wp-content\/uploads\/2023\/05\/P1090609-768x577.jpg 768w, http:\/\/woiczik.de\/wp-content\/uploads\/2023\/05\/P1090609-1024x769.jpg 1024w, http:\/\/woiczik.de\/wp-content\/uploads\/2023\/05\/P1090609-400x300.jpg 400w\" sizes=\"(max-width: 300px) 100vw, 300px\" \/><\/a><\/p>\n<p>Das <strong>Stadion &#8222;Am Rohrteich&#8220;<\/strong>\u00a0 ist sch\u00f6n gelegen und hat eine Kapazit\u00e4t von 2.660 Pl\u00e4tzen, davon\u00a0160 Sitzschalen auf der Trib\u00fcne. Von Berlin-Lichtenrade ging um 11.00 Uhr die Autofahrt mit einer L\u00e4nge von 72 Kilometern nach J\u00fcterbog los. Kurz vor 12 Uhr waren wir vor Ort.<\/p>\n<p>&nbsp;<\/p>\n<p>&nbsp;<\/p>\n<p>Die Temperaturen lagen Mittags bei 20-23 Grad, meist sonnig und ein m\u00e4\u00dfiger Wind.<\/p>\n<p><a href=\"http:\/\/woiczik.de\/wp-content\/uploads\/2023\/05\/P1090592.jpg\"><img loading=\"lazy\" decoding=\"async\" class=\"alignleft size-medium wp-image-6490\" src=\"http:\/\/woiczik.de\/wp-content\/uploads\/2023\/05\/P1090592-300x225.jpg\" alt=\"\" width=\"300\" height=\"225\" srcset=\"http:\/\/woiczik.de\/wp-content\/uploads\/2023\/05\/P1090592-300x225.jpg 300w, http:\/\/woiczik.de\/wp-content\/uploads\/2023\/05\/P1090592-768x577.jpg 768w, http:\/\/woiczik.de\/wp-content\/uploads\/2023\/05\/P1090592-1024x769.jpg 1024w, http:\/\/woiczik.de\/wp-content\/uploads\/2023\/05\/P1090592-400x300.jpg 400w\" sizes=\"(max-width: 300px) 100vw, 300px\" \/><\/a><\/p>\n<p>Mein letzter Bahnwettkampf waren die Norddeutschen Seniorenmeisterschaften in Brandenburg (Havel) im September 2021. Nun also gleich ohne Vorbereitungswettkampf die Senioren-Landesmeisterschaften. Die Aufgabe war schwer, da ich neben den \u00fcblichen &#8222;Zipperlein&#8220; auch wieder einmal einige Kilo zu viel mit mir herum schleppte. Mein Start war um 13:50 Uhr, davor mein 30 Minuten andauerndes Aufw\u00e4rmprogramm gemacht, drei Steigerungen und ab zum Startbereich.<\/p>\n<p>&nbsp;<\/p>\n<p>&nbsp;<\/p>\n<div id=\"attachment_6492\" style=\"width: 310px\" class=\"wp-caption alignleft\"><a href=\"http:\/\/woiczik.de\/wp-content\/uploads\/2023\/05\/P1090652.jpg\"><img loading=\"lazy\" decoding=\"async\" aria-describedby=\"caption-attachment-6492\" class=\"size-medium wp-image-6492\" src=\"http:\/\/woiczik.de\/wp-content\/uploads\/2023\/05\/P1090652-300x225.jpg\" alt=\"\" width=\"300\" height=\"225\" srcset=\"http:\/\/woiczik.de\/wp-content\/uploads\/2023\/05\/P1090652-300x225.jpg 300w, http:\/\/woiczik.de\/wp-content\/uploads\/2023\/05\/P1090652-768x576.jpg 768w, http:\/\/woiczik.de\/wp-content\/uploads\/2023\/05\/P1090652-1024x768.jpg 1024w, http:\/\/woiczik.de\/wp-content\/uploads\/2023\/05\/P1090652-400x300.jpg 400w\" sizes=\"(max-width: 300px) 100vw, 300px\" \/><\/a><p id=\"caption-attachment-6492\" class=\"wp-caption-text\">Nach 250 Metern<\/p><\/div>\n<p><strong>\u00dcber 1500 Meter gingen 18 Aktive in zwei L\u00e4ufen an den Start.<\/strong> Nach einigen Schwierigkeiten bei der Starteinteilung mit meiner Startnummer konnte ich im ersten Lauf (M30-M55\/W30-W40) an den Start gehen. Mein Konkurrent <strong>Jan Kreikenbohm<\/strong> (SV Stahl Henningsdorf) wurde zuvor schon Dritter \u00fcber 400 Meter in 74,56 Sekunden und lief eine Woche zuvor eine neue 5 km Bestzeit.<\/p>\n<p>&nbsp;<\/p>\n<p><a href=\"http:\/\/woiczik.de\/wp-content\/uploads\/2023\/05\/P1090651.jpg\"><img loading=\"lazy\" decoding=\"async\" class=\"alignleft size-medium wp-image-6497\" src=\"http:\/\/woiczik.de\/wp-content\/uploads\/2023\/05\/P1090651-300x225.jpg\" alt=\"\" width=\"300\" height=\"225\" srcset=\"http:\/\/woiczik.de\/wp-content\/uploads\/2023\/05\/P1090651-300x225.jpg 300w, http:\/\/woiczik.de\/wp-content\/uploads\/2023\/05\/P1090651-768x576.jpg 768w, http:\/\/woiczik.de\/wp-content\/uploads\/2023\/05\/P1090651-1024x768.jpg 1024w, http:\/\/woiczik.de\/wp-content\/uploads\/2023\/05\/P1090651-400x300.jpg 400w\" sizes=\"(max-width: 300px) 100vw, 300px\" \/><\/a><\/p>\n<p>Es wurde in meiner Altersklasse sehr taktisch gelaufen, Jan wollte keine F\u00fchrungsarbeit leisten und an die Gruppe mit L\u00e4ufer*Innen mit 5:11-5:25 Zeiten heranlaufen.\u00a0 Ich merkte, dass Jan st\u00e4ndig direkt hinter mir blieb und eine kleine Tempoversch\u00e4rfung bei 650 Meter keinen Erfolg brachte und dann nahm ich entsprechend das Tempo komplett raus.<\/p>\n<p>&nbsp;<\/p>\n<p><strong>Titel z\u00e4hlt anstatt schnelle Laufzeit<\/strong><\/p>\n<div id=\"attachment_6496\" style=\"width: 310px\" class=\"wp-caption alignleft\"><a href=\"http:\/\/woiczik.de\/wp-content\/uploads\/2023\/05\/P1090646.jpg\"><img loading=\"lazy\" decoding=\"async\" aria-describedby=\"caption-attachment-6496\" class=\"wp-image-6496 size-medium\" src=\"http:\/\/woiczik.de\/wp-content\/uploads\/2023\/05\/P1090646-300x225.jpg\" alt=\"Ich beschleunige nun \" width=\"300\" height=\"225\" srcset=\"http:\/\/woiczik.de\/wp-content\/uploads\/2023\/05\/P1090646-300x225.jpg 300w, http:\/\/woiczik.de\/wp-content\/uploads\/2023\/05\/P1090646-768x576.jpg 768w, http:\/\/woiczik.de\/wp-content\/uploads\/2023\/05\/P1090646-1024x768.jpg 1024w, http:\/\/woiczik.de\/wp-content\/uploads\/2023\/05\/P1090646-400x300.jpg 400w\" sizes=\"(max-width: 300px) 100vw, 300px\" \/><\/a><p id=\"caption-attachment-6496\" class=\"wp-caption-text\">Ich beschleunige nun<\/p><\/div>\n<p>Es wurde jetzt wirklich ganz langsam, Jan wollte weiterhin keine F\u00fchrungsarbeit \u00fcbernehmen, nach der 3:59,81 Durchgangszeit (urspr\u00fcnglich wollte ich in 3:40 -45 bei 1000 Meter durchgehen), reichte es mir dann kurz nach der 1000 Meter Marke. Ich beschleunigte nun die n\u00e4chsten 300 Meter (59 Sekunden) und <strong>das Rennen war entschieden.<\/strong><\/p>\n<p>&nbsp;<\/p>\n<p><a href=\"http:\/\/woiczik.de\/wp-content\/uploads\/2023\/05\/P1090645.jpg\"><img loading=\"lazy\" decoding=\"async\" class=\"alignleft size-medium wp-image-6499\" src=\"http:\/\/woiczik.de\/wp-content\/uploads\/2023\/05\/P1090645-300x225.jpg\" alt=\"\" width=\"300\" height=\"225\" srcset=\"http:\/\/woiczik.de\/wp-content\/uploads\/2023\/05\/P1090645-300x225.jpg 300w, http:\/\/woiczik.de\/wp-content\/uploads\/2023\/05\/P1090645-768x576.jpg 768w, http:\/\/woiczik.de\/wp-content\/uploads\/2023\/05\/P1090645-1024x768.jpg 1024w, http:\/\/woiczik.de\/wp-content\/uploads\/2023\/05\/P1090645-400x300.jpg 400w\" sizes=\"(max-width: 300px) 100vw, 300px\" \/><\/a><\/p>\n<p>Es ging in die letzte Runde, meine Beschleunigung hatte Erfolg. (Fotos bislang alle von Claudia Woiczik)<\/p>\n<p>&nbsp;<\/p>\n<p>&nbsp;<\/p>\n<p>&nbsp;<\/p>\n<p>&nbsp;<\/p>\n<p>&nbsp;<\/p>\n<div id=\"attachment_6500\" style=\"width: 244px\" class=\"wp-caption alignleft\"><a href=\"http:\/\/woiczik.de\/wp-content\/uploads\/2023\/05\/thumbnail.jpeg\"><img loading=\"lazy\" decoding=\"async\" aria-describedby=\"caption-attachment-6500\" class=\"size-medium wp-image-6500\" src=\"http:\/\/woiczik.de\/wp-content\/uploads\/2023\/05\/thumbnail-234x300.jpeg\" alt=\"\" width=\"234\" height=\"300\" srcset=\"http:\/\/woiczik.de\/wp-content\/uploads\/2023\/05\/thumbnail-234x300.jpeg 234w, http:\/\/woiczik.de\/wp-content\/uploads\/2023\/05\/thumbnail-768x985.jpeg 768w, http:\/\/woiczik.de\/wp-content\/uploads\/2023\/05\/thumbnail-798x1024.jpeg 798w, http:\/\/woiczik.de\/wp-content\/uploads\/2023\/05\/thumbnail.jpeg 1080w\" sizes=\"(max-width: 234px) 100vw, 234px\" \/><\/a><p id=\"caption-attachment-6500\" class=\"wp-caption-text\">50 Meter vor dem Ziel nahm ich dann das Tempo heraus und genoss meinen Meistertitel- Foto: Ralf Janotte (PSV)<\/p><\/div>\n<p>200 Meter vor dem Ziel blickte ich dann hinter mich, das Rennen war entschieden. Ich musste nun nicht mehr komplett mich verausgaben, da eine urspr\u00fcnglich geplante Laufzeit von unter 5:40 nicht mehr m\u00f6glich war. Ich genoss die letzten Meter (so weit es ging) und konnte endlich einmal wieder mich \u00fcber einen Meistertitel freuen.<\/p>\n<p>&nbsp;<\/p>\n<p>&nbsp;<\/p>\n<p>&nbsp;<\/p>\n<p>&nbsp;<\/p>\n<p>&nbsp;<\/p>\n<p>&nbsp;<\/p>\n<div id=\"attachment_6501\" style=\"width: 207px\" class=\"wp-caption alignleft\"><a href=\"http:\/\/woiczik.de\/wp-content\/uploads\/2023\/05\/thumbnail-5.jpeg\"><img loading=\"lazy\" decoding=\"async\" aria-describedby=\"caption-attachment-6501\" class=\"size-medium wp-image-6501\" src=\"http:\/\/woiczik.de\/wp-content\/uploads\/2023\/05\/thumbnail-5-197x300.jpeg\" alt=\"\" width=\"197\" height=\"300\" srcset=\"http:\/\/woiczik.de\/wp-content\/uploads\/2023\/05\/thumbnail-5-197x300.jpeg 197w, http:\/\/woiczik.de\/wp-content\/uploads\/2023\/05\/thumbnail-5-768x1168.jpeg 768w, http:\/\/woiczik.de\/wp-content\/uploads\/2023\/05\/thumbnail-5-673x1024.jpeg 673w, http:\/\/woiczik.de\/wp-content\/uploads\/2023\/05\/thumbnail-5.jpeg 1080w\" sizes=\"(max-width: 197px) 100vw, 197px\" \/><\/a><p id=\"caption-attachment-6501\" class=\"wp-caption-text\">Im Ziel-Foto: Ralf Janotte<\/p><\/div>\n<p><strong>In 5:51,88 Minuten gewann ich den Meistertitel vor Jan Kreikenbohm (SV Stahl Henningsdorf), der in 5:56,83 Minuten ins Ziel kam.\u00a0\u00a0<\/strong>Von allen 1500 Meter L\u00e4ufer*Innen (18) lief ich die 11 beste Laufzeit. <strong>Schnellster L\u00e4ufer an diesem Tag wurde Marc Marquardt (LAC Ruppin), welcher in der M45 in unglaublichen 4:35,70 Minuten ins Ziel kam.\u00a0<\/strong>In der M 40 verbesserte Dr. Patryk Kusch (OSC Berlin) seine pers\u00f6nliche Bestzeit um 25 Sekunden auf 5:25,05 Minuten. Schnellste Frau wurde Natalie Schilling (SCC Berlin\/W40), welche in tollen 5:18,37 Minuten das Ziel erreichte.<\/p>\n<p>&nbsp;<\/p>\n<p>&nbsp;<\/p>\n<p>&nbsp;<\/p>\n<p><a href=\"http:\/\/woiczik.de\/wp-content\/uploads\/2023\/05\/P1090628.jpg\"><img loading=\"lazy\" decoding=\"async\" class=\"alignleft size-medium wp-image-6504\" src=\"http:\/\/woiczik.de\/wp-content\/uploads\/2023\/05\/P1090628-300x225.jpg\" alt=\"\" width=\"300\" height=\"225\" srcset=\"http:\/\/woiczik.de\/wp-content\/uploads\/2023\/05\/P1090628-300x225.jpg 300w, http:\/\/woiczik.de\/wp-content\/uploads\/2023\/05\/P1090628-768x577.jpg 768w, http:\/\/woiczik.de\/wp-content\/uploads\/2023\/05\/P1090628-1024x769.jpg 1024w, http:\/\/woiczik.de\/wp-content\/uploads\/2023\/05\/P1090628-400x300.jpg 400w\" sizes=\"(max-width: 300px) 100vw, 300px\" \/><\/a><\/p>\n<p><strong>Siegerehrung der M55-1500 Meter\u00a0<\/strong><\/p>\n<p>&nbsp;<\/p>\n<p>&nbsp;<\/p>\n<p>&nbsp;<\/p>\n<p>&nbsp;<\/p>\n<p>&nbsp;<\/p>\n<p><strong>Eine Stunde nach dem Triumph \u00fcber 1500 Meter in der M55 nahm ich noch am Kugelsto\u00dfen teil.<\/strong><\/p>\n<p><a href=\"http:\/\/woiczik.de\/wp-content\/uploads\/2023\/05\/P1090640.jpg\"><img loading=\"lazy\" decoding=\"async\" class=\"alignleft size-medium wp-image-6505\" src=\"http:\/\/woiczik.de\/wp-content\/uploads\/2023\/05\/P1090640-300x225.jpg\" alt=\"\" width=\"300\" height=\"225\" srcset=\"http:\/\/woiczik.de\/wp-content\/uploads\/2023\/05\/P1090640-300x225.jpg 300w, http:\/\/woiczik.de\/wp-content\/uploads\/2023\/05\/P1090640-768x576.jpg 768w, http:\/\/woiczik.de\/wp-content\/uploads\/2023\/05\/P1090640-1024x768.jpg 1024w, http:\/\/woiczik.de\/wp-content\/uploads\/2023\/05\/P1090640-400x300.jpg 400w\" sizes=\"(max-width: 300px) 100vw, 300px\" \/><\/a><\/p>\n<p><strong>Mit der 6 Kilo Kugel wurde ich in der M55 Vierter.<\/strong> Hauke Haensel von der LSV Pirna siegte mit 11,45 Meter. Es war mein erster Kugelsto\u00df-Wettkampf nach 41 Jahren. Meine Technik werde ich bis zum n\u00e4chsten Mal noch verbessern. Es hat aber echt Spa\u00df gemacht. Mein bester Sto\u00df der mir einen Platz auf dem Podium gebracht h\u00e4tte, den habe ich \u00fcbertreten. Schade!!<\/p>\n<p>&nbsp;<\/p>\n<p><strong>Winfried Schumann siegt \u00fcber 5000 Meter<\/strong><\/p>\n<p><a href=\"http:\/\/woiczik.de\/wp-content\/uploads\/2023\/05\/P1090632.jpg\"><img loading=\"lazy\" decoding=\"async\" class=\"alignleft size-medium wp-image-6507\" src=\"http:\/\/woiczik.de\/wp-content\/uploads\/2023\/05\/P1090632-300x225.jpg\" alt=\"\" width=\"300\" height=\"225\" srcset=\"http:\/\/woiczik.de\/wp-content\/uploads\/2023\/05\/P1090632-300x225.jpg 300w, http:\/\/woiczik.de\/wp-content\/uploads\/2023\/05\/P1090632-768x577.jpg 768w, http:\/\/woiczik.de\/wp-content\/uploads\/2023\/05\/P1090632-1024x769.jpg 1024w, http:\/\/woiczik.de\/wp-content\/uploads\/2023\/05\/P1090632-400x300.jpg 400w\" sizes=\"(max-width: 300px) 100vw, 300px\" \/><\/a><\/p>\n<p>Der Meister \u00fcber 10 km, 10.000 Meter und 5 km Winfried Schumann (TUS Neuk\u00f6lln) durfte dann um 15.50 Uhr bei 23 Grad und &#8222;sch\u00f6ner Sonne&#8220; \u00fcber 12 1\/2 Runden mit 16 anderen Aktiven an den Start gehen. Der erste Kilometer war mit 3:47,10 Minuten viel zu schnell, selbst der Zweite mit 3:50 war es.<\/p>\n<p>&nbsp;<\/p>\n<p><a href=\"http:\/\/woiczik.de\/wp-content\/uploads\/2023\/05\/P1090631.jpg\"><img loading=\"lazy\" decoding=\"async\" class=\"alignleft size-medium wp-image-6508\" src=\"http:\/\/woiczik.de\/wp-content\/uploads\/2023\/05\/P1090631-300x225.jpg\" alt=\"\" width=\"300\" height=\"225\" srcset=\"http:\/\/woiczik.de\/wp-content\/uploads\/2023\/05\/P1090631-300x225.jpg 300w, http:\/\/woiczik.de\/wp-content\/uploads\/2023\/05\/P1090631-768x577.jpg 768w, http:\/\/woiczik.de\/wp-content\/uploads\/2023\/05\/P1090631-1024x769.jpg 1024w, http:\/\/woiczik.de\/wp-content\/uploads\/2023\/05\/P1090631-400x300.jpg 400w\" sizes=\"(max-width: 300px) 100vw, 300px\" \/><\/a><\/p>\n<p>Am Ende musste er dem sehr hohen Tempo jedoch Tribut zollen, erreichte aber als Gesamt-Zweiter hinter Paul Lemaitre (OSC Berlin\/M30\/17:50,80 Minuten) in 19:43,43 Minuten und als Meister in der M55 zufrieden das Ziel.<\/p>\n<p>&nbsp;<\/p>\n<p>&nbsp;<\/p>\n<p>&nbsp;<\/p>\n<p><a href=\"http:\/\/woiczik.de\/wp-content\/uploads\/2023\/05\/thumbnail-3.jpeg\"><img loading=\"lazy\" decoding=\"async\" class=\"alignleft size-medium wp-image-6509\" src=\"http:\/\/woiczik.de\/wp-content\/uploads\/2023\/05\/thumbnail-3-225x300.jpeg\" alt=\"\" width=\"225\" height=\"300\" srcset=\"http:\/\/woiczik.de\/wp-content\/uploads\/2023\/05\/thumbnail-3-225x300.jpeg 225w, http:\/\/woiczik.de\/wp-content\/uploads\/2023\/05\/thumbnail-3-768x1024.jpeg 768w, http:\/\/woiczik.de\/wp-content\/uploads\/2023\/05\/thumbnail-3.jpeg 810w\" sizes=\"(max-width: 225px) 100vw, 225px\" \/><\/a><\/p>\n<p><strong>Tolle Leistung lieber Winfried. Auch f\u00fcr deine Unterst\u00fctzung bei meinem Lauf. Und nat\u00fcrlich bedanke ich mich an dieser Stelle auch bei meiner Frau Claudia f\u00fcr die tolle Unterst\u00fctzung in J\u00fcterbog. Auch bei Ralf Janotte bedanke ich mich f\u00fcr die tollen Fotos.<\/strong><\/p>\n<p>&nbsp;<\/p>\n<p>&nbsp;<\/p>\n<p>&nbsp;<\/p>\n<p>&nbsp;<\/p>\n<p>&nbsp;<\/p>\n<p><strong>Meister bei dieser Meisterschaft vom Polizei SV Berlin und TUS Neuk\u00f6lln<\/strong><\/p>\n<ul>\n<li>Jacques van Bremen (PSV) in der M 35\u00a0 \u00fcber 5000 Meter Bahngehen<\/li>\n<li>Andrej Woiczik (PSV) in der M55 \u00fcber 1500 Meter<\/li>\n<li>Winfried Schumann (TUS) in der M55 \u00fcber 5000 Meter<\/li>\n<li>Patrick Seck (PSV) in der M55 \u00fcber\u00a05000 Meter Bahngehen<\/li>\n<li>Brigitte Zeidler (PSV) in der W55\u00a0\u00fcber\u00a05000 Meter Bahngehen<\/li>\n<li>G\u00fcnter Evertz (PSV) in der M65\u00a0\u00fcber\u00a05000 Meter Bahngehen<\/li>\n<li>Bernd Ocker H\u00f6lters in der M75\u00a0\u00fcber\u00a05000 Meter Bahngehen<\/li>\n<li>Konrad Beyer in der M80 \u00fcber 5000 Meter<\/li>\n<\/ul>\n<p><strong>Hier unsere sehr erfolgreichen Geher<\/strong><\/p>\n<p><a href=\"http:\/\/woiczik.de\/wp-content\/uploads\/2023\/05\/IMG-20230514-WA0000.jpg\"><img loading=\"lazy\" decoding=\"async\" class=\"alignleft size-medium wp-image-6513\" src=\"http:\/\/woiczik.de\/wp-content\/uploads\/2023\/05\/IMG-20230514-WA0000-300x135.jpg\" alt=\"\" width=\"300\" height=\"135\" srcset=\"http:\/\/woiczik.de\/wp-content\/uploads\/2023\/05\/IMG-20230514-WA0000-300x135.jpg 300w, http:\/\/woiczik.de\/wp-content\/uploads\/2023\/05\/IMG-20230514-WA0000-768x346.jpg 768w, http:\/\/woiczik.de\/wp-content\/uploads\/2023\/05\/IMG-20230514-WA0000-1024x461.jpg 1024w, http:\/\/woiczik.de\/wp-content\/uploads\/2023\/05\/IMG-20230514-WA0000-500x225.jpg 500w, http:\/\/woiczik.de\/wp-content\/uploads\/2023\/05\/IMG-20230514-WA0000.jpg 1600w\" sizes=\"(max-width: 300px) 100vw, 300px\" \/><\/a><\/p>\n<p>unter<\/p>\n<p>www.blog.gehsportnetzwerk.de<\/p>\n<p>findet Ihr alles zum Thema: Gehsport<\/p>\n<p>&nbsp;<\/p>\n<p><strong>Aktuelle Deutsche Bestenliste M55 1.500 Meter<\/strong><\/p>\n<p><a href=\"http:\/\/woiczik.de\/wp-content\/uploads\/2023\/05\/thumbnail.jpg\"><img loading=\"lazy\" decoding=\"async\" class=\"alignleft size-medium wp-image-6517\" src=\"http:\/\/woiczik.de\/wp-content\/uploads\/2023\/05\/thumbnail-300x225.jpg\" alt=\"\" width=\"300\" height=\"225\" srcset=\"http:\/\/woiczik.de\/wp-content\/uploads\/2023\/05\/thumbnail-300x225.jpg 300w, http:\/\/woiczik.de\/wp-content\/uploads\/2023\/05\/thumbnail-768x576.jpg 768w, http:\/\/woiczik.de\/wp-content\/uploads\/2023\/05\/thumbnail-1024x768.jpg 1024w, http:\/\/woiczik.de\/wp-content\/uploads\/2023\/05\/thumbnail-400x300.jpg 400w, http:\/\/woiczik.de\/wp-content\/uploads\/2023\/05\/thumbnail.jpg 1080w\" sizes=\"(max-width: 300px) 100vw, 300px\" \/><\/a><\/p>\n<p><strong>Derzeit die No.7 in Deutschland<\/strong>, ein sehr sch\u00f6ner Erfolg zum ersten Saisonstart auf der Bahn. Vor 2 Jahren war ich am Ende der Saison \u00fcber<strong> 400 Meter in den Top 12<\/strong>. Wenn die &#8222;Plautze&#8220; auf der Bahn ins Rollen kommt, dann h\u00e4lt ihn niemanden mehr auf.\u00a0 <strong>Winfried<\/strong> ist \u00fcber 5000 Meter derzeit Elfter. Tolle Leistung!!<\/p>\n<p>&nbsp;<\/p>\n<p><strong>und wie geht es weiter?<\/strong><\/p>\n<p><a href=\"http:\/\/woiczik.de\/wp-content\/uploads\/2023\/05\/P1090633.jpg\"><img loading=\"lazy\" decoding=\"async\" class=\"alignleft size-medium wp-image-6511\" src=\"http:\/\/woiczik.de\/wp-content\/uploads\/2023\/05\/P1090633-300x225.jpg\" alt=\"\" width=\"300\" height=\"225\" srcset=\"http:\/\/woiczik.de\/wp-content\/uploads\/2023\/05\/P1090633-300x225.jpg 300w, http:\/\/woiczik.de\/wp-content\/uploads\/2023\/05\/P1090633-768x576.jpg 768w, http:\/\/woiczik.de\/wp-content\/uploads\/2023\/05\/P1090633-1024x768.jpg 1024w, http:\/\/woiczik.de\/wp-content\/uploads\/2023\/05\/P1090633-400x300.jpg 400w\" sizes=\"(max-width: 300px) 100vw, 300px\" \/><\/a><\/p>\n<p>In den kommenden Monaten will ich noch an zwei bis drei Bahnwettk\u00e4mpfen starten und im Herbst\u00a0 dann \u00fcber 5 und 10 km meine M55 Bestzeiten erzielen. Vielleicht laufe ich dann noch Ende Oktober einen Halbmarathon? Aber jetzt erst einmal mein Gewicht um 5 Kilo reduzieren. Seit dem Marathon nahm ich sehr zu.<\/p>\n<p>&nbsp;<\/p>\n<p><strong>Mein Training:<\/strong><\/p>\n<div id=\"attachment_6194\" style=\"width: 209px\" class=\"wp-caption alignleft\"><a href=\"http:\/\/woiczik.de\/wp-content\/uploads\/2023\/01\/thumbnail-4.jpg\"><img loading=\"lazy\" decoding=\"async\" aria-describedby=\"caption-attachment-6194\" class=\"size-medium wp-image-6194\" src=\"http:\/\/woiczik.de\/wp-content\/uploads\/2023\/01\/thumbnail-4-199x300.jpg\" alt=\"\" width=\"199\" height=\"300\" srcset=\"http:\/\/woiczik.de\/wp-content\/uploads\/2023\/01\/thumbnail-4-199x300.jpg 199w, http:\/\/woiczik.de\/wp-content\/uploads\/2023\/01\/thumbnail-4-768x1155.jpg 768w, http:\/\/woiczik.de\/wp-content\/uploads\/2023\/01\/thumbnail-4-681x1024.jpg 681w, http:\/\/woiczik.de\/wp-content\/uploads\/2023\/01\/thumbnail-4.jpg 851w\" sizes=\"(max-width: 199px) 100vw, 199px\" \/><\/a><p id=\"caption-attachment-6194\" class=\"wp-caption-text\">Mein Zieleinlauf in Orlando<\/p><\/div>\n<p>Nach dem Marathontraining und anschlie\u00dfenden Marathon in Orlando am 08.01, der vierw\u00f6chigen Trainingspause und der kurzen Trainingsphase mit absolvierten Halbmarathon am 02.04,\u00a0 stieg ich ins Sommertraining f\u00fcr die einige Stationen umfassende Bahnsaison mit 4 Laufeinheiten pro Woche, davon 1-2 Tempoeinheiten pro Woche (siehe nachfolgend) ein.<\/p>\n<p>&nbsp;<\/p>\n<p>&nbsp;<\/p>\n<p>&nbsp;<\/p>\n<p>&nbsp;<\/p>\n<div id=\"attachment_6369\" style=\"width: 235px\" class=\"wp-caption alignleft\"><a href=\"http:\/\/woiczik.de\/wp-content\/uploads\/2023\/04\/thumbnail-4.jpeg\"><img loading=\"lazy\" decoding=\"async\" aria-describedby=\"caption-attachment-6369\" class=\"size-medium wp-image-6369\" src=\"http:\/\/woiczik.de\/wp-content\/uploads\/2023\/04\/thumbnail-4-225x300.jpeg\" alt=\"\" width=\"225\" height=\"300\" srcset=\"http:\/\/woiczik.de\/wp-content\/uploads\/2023\/04\/thumbnail-4-225x300.jpeg 225w, http:\/\/woiczik.de\/wp-content\/uploads\/2023\/04\/thumbnail-4-768x1024.jpeg 768w, http:\/\/woiczik.de\/wp-content\/uploads\/2023\/04\/thumbnail-4.jpeg 1080w\" sizes=\"(max-width: 225px) 100vw, 225px\" \/><\/a><p id=\"caption-attachment-6369\" class=\"wp-caption-text\">Zufrieden im Ziel<\/p><\/div>\n<ul>\n<li>10 x 1 Minute im 4er Schnitt<\/li>\n<li>3-6-3-6-3 Minuten mit Trainingsgruppe (4:00-4:20er Tempo)<\/li>\n<li>3 x 3 km mit Daniel (13:49\/13:41\/14:22 Minuten)<\/li>\n<li>10 x 2 Minuten (4:10er Schnitt)<\/li>\n<li>10 x 1 Minute mit Trainingsgruppe (3:40er Schnitt)<\/li>\n<li>Fahrtspiel<\/li>\n<li>10 x 200 Meter auf dem Sportplatz mit Christoph (gesteigert von 43 auf 35 Sek. (2:50er Tempo)<\/li>\n<li>Pyramide mit 80% (200-400-600-800-600-400-200 Meter in 50- 1:37-2:28-3:15-2:26-1:27-0:39) mit Christoph und Andre&#8216;<\/li>\n<\/ul>\n<p>&nbsp;<\/p>\n<div id=\"attachment_6081\" style=\"width: 235px\" class=\"wp-caption alignleft\"><a href=\"http:\/\/woiczik.de\/wp-content\/uploads\/2022\/10\/5..jpg\"><img loading=\"lazy\" decoding=\"async\" aria-describedby=\"caption-attachment-6081\" class=\"size-medium wp-image-6081\" src=\"http:\/\/woiczik.de\/wp-content\/uploads\/2022\/10\/5.-225x300.jpg\" alt=\"\" width=\"225\" height=\"300\" srcset=\"http:\/\/woiczik.de\/wp-content\/uploads\/2022\/10\/5.-225x300.jpg 225w, http:\/\/woiczik.de\/wp-content\/uploads\/2022\/10\/5.-768x1024.jpg 768w, http:\/\/woiczik.de\/wp-content\/uploads\/2022\/10\/5..jpg 1200w\" sizes=\"(max-width: 225px) 100vw, 225px\" \/><\/a><p id=\"caption-attachment-6081\" class=\"wp-caption-text\">Die drei PSVer trainierten zusammen<\/p><\/div>\n<ul>\n<li>Tempowechseltraining mit Emilia \u00fcber 6,5 km<\/li>\n<li>3 x 1 km in 4:05-4:05-3:54 Minuten<\/li>\n<li>100-200-300-400-500 Meter mit Christoph (0:19-0:40-1:00-1:27-1:55 Minuten)<\/li>\n<\/ul>\n<p>Auf Grund der Organisation der oBBM am 06.05. musste ich kurzfristig auf die eigene Aktivit\u00e4t \u00fcber 5 km leider verzichten und trainierte etliche Einlaufen ab M\u00e4rz auf dem Sportplatz mit Christoph zzgl. Athletiktraining und Dehnprogramm. Mit Andre&#8216; lief ich einige l\u00e4ngere Einheiten bis 15 km.<\/p>\n","protected":false},"excerpt":{"rendered":"<p>Views: 1045Am 13.05.2023 fanden im Stadion &#8222;Am Rohrteich&#8220;\u00a0 die\u00a0oBBM Seniorinnen und Senioren mit\u00a0354 Meldungen ( 163 Teilnehmer\/ 70 Vereine\/ 7 Bundesl\u00e4nder) statt. Das Stadion &#8222;Am Rohrteich&#8220;\u00a0 ist sch\u00f6n gelegen und hat eine Kapazit\u00e4t von 2.660 Pl\u00e4tzen, davon\u00a0160 Sitzschalen auf der &hellip; <a href=\"http:\/\/woiczik.de\/?p=6486\">Weiterlesen <span class=\"meta-nav\">&rarr;<\/span><\/a><\/p>\n","protected":false},"author":1,"featured_media":0,"comment_status":"open","ping_status":"open","sticky":false,"template":"","format":"gallery","meta":{"footnotes":""},"categories":[3],"tags":[],"class_list":["post-6486","post","type-post","status-publish","format-gallery","hentry","category-sport","post_format-post-format-gallery"],"_links":{"self":[{"href":"http:\/\/woiczik.de\/index.php?rest_route=\/wp\/v2\/posts\/6486"}],"collection":[{"href":"http:\/\/woiczik.de\/index.php?rest_route=\/wp\/v2\/posts"}],"about":[{"href":"http:\/\/woiczik.de\/index.php?rest_route=\/wp\/v2\/types\/post"}],"author":[{"embeddable":true,"href":"http:\/\/woiczik.de\/index.php?rest_route=\/wp\/v2\/users\/1"}],"replies":[{"embeddable":true,"href":"http:\/\/woiczik.de\/index.php?rest_route=%2Fwp%2Fv2%2Fcomments&post=6486"}],"version-history":[{"count":15,"href":"http:\/\/woiczik.de\/index.php?rest_route=\/wp\/v2\/posts\/6486\/revisions"}],"predecessor-version":[{"id":6495,"href":"http:\/\/woiczik.de\/index.php?rest_route=\/wp\/v2\/posts\/6486\/revisions\/6495"}],"wp:attachment":[{"href":"http:\/\/woiczik.de\/index.php?rest_route=%2Fwp%2Fv2%2Fmedia&parent=6486"}],"wp:term":[{"taxonomy":"category","embeddable":true,"href":"http:\/\/woiczik.de\/index.php?rest_route=%2Fwp%2Fv2%2Fcategories&post=6486"},{"taxonomy":"post_tag","embeddable":true,"href":"http:\/\/woiczik.de\/index.php?rest_route=%2Fwp%2Fv2%2Ftags&post=6486"}],"curies":[{"name":"wp","href":"https:\/\/api.w.org\/{rel}","templated":true}]}}