{"id":6541,"date":"2023-06-23T21:04:00","date_gmt":"2023-06-23T19:04:00","guid":{"rendered":"http:\/\/woiczik.de\/?p=6541"},"modified":"2023-07-06T08:30:07","modified_gmt":"2023-07-06T06:30:07","slug":"highway-to-hell-tour-2023-ueber-2000-km-in-deutschland-und-frankreich-unterwegs","status":"publish","type":"post","link":"http:\/\/woiczik.de\/?p=6541","title":{"rendered":"&#8222;Highway to Hell-Tour 2023&#8220;: \u00dcber 2000 km in Deutschland und Frankreich unterwegs"},"content":{"rendered":"<p>Views: 553<\/p><div id=\"attachment_6542\" style=\"width: 235px\" class=\"wp-caption alignleft\"><a href=\"http:\/\/woiczik.de\/wp-content\/uploads\/2023\/06\/thumbnail-24.jpg\"><img loading=\"lazy\" decoding=\"async\" aria-describedby=\"caption-attachment-6542\" class=\"wp-image-6542 size-medium\" src=\"http:\/\/woiczik.de\/wp-content\/uploads\/2023\/06\/thumbnail-24-225x300.jpg\" alt=\"\" width=\"225\" height=\"300\" srcset=\"http:\/\/woiczik.de\/wp-content\/uploads\/2023\/06\/thumbnail-24-225x300.jpg 225w, http:\/\/woiczik.de\/wp-content\/uploads\/2023\/06\/thumbnail-24-768x1024.jpg 768w, http:\/\/woiczik.de\/wp-content\/uploads\/2023\/06\/thumbnail-24.jpg 1080w\" sizes=\"(max-width: 225px) 100vw, 225px\" \/><\/a><p id=\"caption-attachment-6542\" class=\"wp-caption-text\">Altstadt von Herzogenaurach<\/p><\/div>\n<p><strong>1.Etappe: Berlin-Lichtenrade- Herzogenaurach- Lauf an der Pegnitz (483 km)\u00a0<\/strong>Wenige Stunden nach einem heftigen Unwetter in Deutschland ging es fr\u00fch um 6.00 Uhr zur &#8222;Highway to Hell-Tour&#8220; los. Die erste Etappe f\u00fchrte \u00fcber 451 km von Berlin-Lichtenrade nach Herzogenaurach. Trotz zum Teil sintflutartigen Regenf\u00e4llen kamen wir sehr gut in die Stadt der beiden ber\u00fchmten Sportartikelfirmen Adidas und Puma durch. Erstmalig besuchten wir die Herzo Base von Adidas und kauften uns je ein paar Laufschuhe und f\u00fcr unseren Sohn eine Kleinigkeit.<\/p>\n<p>&nbsp;<\/p>\n<p>Beide Adidas Shops waren leider viel kleiner als urspr\u00fcnglich gedacht und auch sonst suchte man u.a. die Disney\/Adidas Kollektion vergeblich in den beiden L\u00e4den<\/p>\n<p>&nbsp;<\/p>\n<p><a href=\"http:\/\/woiczik.de\/wp-content\/uploads\/2023\/06\/thumbnail-23.jpg\"><img loading=\"lazy\" decoding=\"async\" class=\"alignleft size-medium wp-image-6543\" src=\"http:\/\/woiczik.de\/wp-content\/uploads\/2023\/06\/thumbnail-23-225x300.jpg\" alt=\"\" width=\"225\" height=\"300\" srcset=\"http:\/\/woiczik.de\/wp-content\/uploads\/2023\/06\/thumbnail-23-225x300.jpg 225w, http:\/\/woiczik.de\/wp-content\/uploads\/2023\/06\/thumbnail-23-768x1024.jpg 768w, http:\/\/woiczik.de\/wp-content\/uploads\/2023\/06\/thumbnail-23.jpg 1080w\" sizes=\"(max-width: 225px) 100vw, 225px\" \/><\/a>Claudia kaufte sich den Adistar CSW und ich den Trainingslaufschuh Boston 11. Erfreulich waren beide Schuhe erheblich heruntergesetzt. Anschlie\u00dfend sahen wir uns noch die sch\u00f6ne Altstadt von Herzogenaurach an bevor es zu unserem ersten Hotel auf der Tour ging, n\u00e4mlich dem &#8222;Gasthof zur Post&#8220;. Das sch\u00f6ne drei Sterne Hotel liegt direkt in der wundersch\u00f6nen Altstadt von Lauf an der Pegnitz. Nach dem Einchecken um 14.00 Uhr sahen wir uns das 26,500 Einwohner gro\u00dfes St\u00e4dtchen an.<\/p>\n<p>&nbsp;<\/p>\n<p>&nbsp;<\/p>\n<p><a href=\"http:\/\/woiczik.de\/wp-content\/uploads\/2023\/06\/thumbnail-27.jpg\"><img loading=\"lazy\" decoding=\"async\" class=\"alignleft size-medium wp-image-6544\" src=\"http:\/\/woiczik.de\/wp-content\/uploads\/2023\/06\/thumbnail-27-300x225.jpg\" alt=\"\" width=\"300\" height=\"225\" srcset=\"http:\/\/woiczik.de\/wp-content\/uploads\/2023\/06\/thumbnail-27-300x225.jpg 300w, http:\/\/woiczik.de\/wp-content\/uploads\/2023\/06\/thumbnail-27-768x576.jpg 768w, http:\/\/woiczik.de\/wp-content\/uploads\/2023\/06\/thumbnail-27-1024x768.jpg 1024w, http:\/\/woiczik.de\/wp-content\/uploads\/2023\/06\/thumbnail-27-400x300.jpg 400w, http:\/\/woiczik.de\/wp-content\/uploads\/2023\/06\/thumbnail-27.jpg 1080w\" sizes=\"(max-width: 300px) 100vw, 300px\" \/><\/a>Das Highlight in Lauf an der Pegnitz ist das Wenzelschloss.<\/p>\n<p>Das\u00a0Wenzelschloss, eine auf einer Insel im Fluss gelegene\u00a0Wasserburg, errichtete Karl IV. von 1356 bis 1360 als Zwischenstation der\u00a0Goldenen Stra\u00dfe\u00a0zwischen\u00a0N\u00fcrnberg\u00a0und\u00a0Prag. Die Anlage erhebt sich \u00fcber einem leicht verzogenen Dreiecksgrundriss.<\/p>\n<p>&nbsp;<\/p>\n<p><a href=\"http:\/\/woiczik.de\/wp-content\/uploads\/2023\/06\/thumbnail-26.jpg\"><img loading=\"lazy\" decoding=\"async\" class=\"alignleft size-medium wp-image-6545\" src=\"http:\/\/woiczik.de\/wp-content\/uploads\/2023\/06\/thumbnail-26-225x300.jpg\" alt=\"\" width=\"225\" height=\"300\" srcset=\"http:\/\/woiczik.de\/wp-content\/uploads\/2023\/06\/thumbnail-26-225x300.jpg 225w, http:\/\/woiczik.de\/wp-content\/uploads\/2023\/06\/thumbnail-26-768x1024.jpg 768w, http:\/\/woiczik.de\/wp-content\/uploads\/2023\/06\/thumbnail-26.jpg 1080w\" sizes=\"(max-width: 225px) 100vw, 225px\" \/><\/a>Nach dem kleinem Stadtrundgang bei 18 Grad, viel Wind und leichtem bis m\u00e4\u00dfigen Regen wurden wir noch auf eine Laufveranstaltung in der Altstadt aufmerksam. Der Stadt Lauf f\u00fchrte auf einer 10 km Runde durch die sch\u00f6ne Altstadt (viel Kopfsteinpflaster) und die sch\u00f6ne Umgebung von Lauf. Sogar der &#8222;bayrische K\u00f6nig&#8220; Markus S\u00f6der war bei dieser Veranstaltung zu Gast. Gegen meine sonstige Gepflogenheit packte ich nicht meine Laufschuhe aus und a\u00df lieber mit Claudia in unserem sch\u00f6nen Hotel.<\/p>\n<p>&nbsp;<\/p>\n<p>&nbsp;<\/p>\n<div id=\"attachment_6547\" style=\"width: 310px\" class=\"wp-caption alignleft\"><a href=\"http:\/\/woiczik.de\/wp-content\/uploads\/2023\/06\/949a2520-19f5-4c7a-bf59-53d64aa94d0f.jpg\"><img loading=\"lazy\" decoding=\"async\" aria-describedby=\"caption-attachment-6547\" class=\"size-medium wp-image-6547\" src=\"http:\/\/woiczik.de\/wp-content\/uploads\/2023\/06\/949a2520-19f5-4c7a-bf59-53d64aa94d0f-300x169.jpg\" alt=\"\" width=\"300\" height=\"169\" srcset=\"http:\/\/woiczik.de\/wp-content\/uploads\/2023\/06\/949a2520-19f5-4c7a-bf59-53d64aa94d0f-300x169.jpg 300w, http:\/\/woiczik.de\/wp-content\/uploads\/2023\/06\/949a2520-19f5-4c7a-bf59-53d64aa94d0f-768x432.jpg 768w, http:\/\/woiczik.de\/wp-content\/uploads\/2023\/06\/949a2520-19f5-4c7a-bf59-53d64aa94d0f-1024x576.jpg 1024w, http:\/\/woiczik.de\/wp-content\/uploads\/2023\/06\/949a2520-19f5-4c7a-bf59-53d64aa94d0f-500x281.jpg 500w, http:\/\/woiczik.de\/wp-content\/uploads\/2023\/06\/949a2520-19f5-4c7a-bf59-53d64aa94d0f.jpg 1280w\" sizes=\"(max-width: 300px) 100vw, 300px\" \/><\/a><p id=\"caption-attachment-6547\" class=\"wp-caption-text\">Foto vom Hotel<\/p><\/div>\n<p>Uns hat der Aufenthalt im &#8222;Gasthof zur Post&#8220; sehr gut gefallen. Neben dem sehr freundlichen Service des Personals und der &#8222;Gastgeber&#8220; bestach das Hotel mit einem sehr ger\u00e4umigen Zimmer und einer sehr guten K\u00fcche. Das abendliche Dinner im hoteleigenen Restaurant bot erstklassige und leckere bayrische Spezialit\u00e4ten an.<\/p>\n<p>&nbsp;<\/p>\n<div id=\"attachment_6548\" style=\"width: 235px\" class=\"wp-caption alignleft\"><a href=\"http:\/\/woiczik.de\/wp-content\/uploads\/2023\/06\/thumbnail-25.jpg\"><img loading=\"lazy\" decoding=\"async\" aria-describedby=\"caption-attachment-6548\" class=\"wp-image-6548 size-medium\" src=\"http:\/\/woiczik.de\/wp-content\/uploads\/2023\/06\/thumbnail-25-225x300.jpg\" alt=\"\" width=\"225\" height=\"300\" srcset=\"http:\/\/woiczik.de\/wp-content\/uploads\/2023\/06\/thumbnail-25-225x300.jpg 225w, http:\/\/woiczik.de\/wp-content\/uploads\/2023\/06\/thumbnail-25-768x1024.jpg 768w, http:\/\/woiczik.de\/wp-content\/uploads\/2023\/06\/thumbnail-25.jpg 1080w\" sizes=\"(max-width: 225px) 100vw, 225px\" \/><\/a><p id=\"caption-attachment-6548\" class=\"wp-caption-text\">Start und Ziel vom Stadt Lauf vier Stunden vor dem Start<\/p><\/div>\n<p>Uns hat der Aufenthalt in Lauf an der Pegnitz sehr gut gefallen. Wir kommen bestimmt in der Zukunft wieder einmal in diese sehr sch\u00f6ne Stadt und dieses tolle Hotel. Nach f\u00fcnf Tagen Laufpause (daf\u00fcr drei Mal &#8222;geradelt&#8220;) erkundete ich bei freundlicherem Wetter fr\u00fch morgens Lauf an der Pegnitz bei einem 50 Minuten andauernden Dauerlauf. Nach einem sehr leckeren Fr\u00fchst\u00fcck ging es dann gut 360 km weiter nach Rust. Knapp 4 Stunden ben\u00f6tigten wir f\u00fcr diese Strecke.<\/p>\n<p>&nbsp;<\/p>\n<p>&nbsp;<\/p>\n<p>&nbsp;<\/p>\n<p>2<b>.Etappe von Lauf an der Pegnitz nach Rust (362 km)<\/b><\/p>\n<p><a href=\"http:\/\/woiczik.de\/wp-content\/uploads\/2023\/06\/thumbnail-31.jpg\"><img loading=\"lazy\" decoding=\"async\" class=\"alignleft size-medium wp-image-6556\" src=\"http:\/\/woiczik.de\/wp-content\/uploads\/2023\/06\/thumbnail-31-169x300.jpg\" alt=\"\" width=\"169\" height=\"300\" srcset=\"http:\/\/woiczik.de\/wp-content\/uploads\/2023\/06\/thumbnail-31-169x300.jpg 169w, http:\/\/woiczik.de\/wp-content\/uploads\/2023\/06\/thumbnail-31-768x1365.jpg 768w, http:\/\/woiczik.de\/wp-content\/uploads\/2023\/06\/thumbnail-31-576x1024.jpg 576w, http:\/\/woiczik.de\/wp-content\/uploads\/2023\/06\/thumbnail-31.jpg 900w\" sizes=\"(max-width: 169px) 100vw, 169px\" \/><\/a>Kurz vor 14.00 Uhr kamen wir in der ersten Unterkunft in Rust an, n\u00e4mlich im &#8222;Casa Rustica&#8220;. Seit dem Jahr 2012 sind wir hier regelm\u00e4\u00dfig zu Gast. Das &#8222;Casa Rustica&#8220; liegt 5 Minuten vom Europa Park Haupteingang entfernt und bietet thematisierte Zimmer (diesmal waren wir im Zimmer Siena). Gegen 15.00 Uhr starteten wir in den Europa Park und a\u00dfen abends sehr lecker im Silver Lake Saloon, welches im Europa Park Westernbereich gegen\u00fcber des Europa Parks zu finden ist. Neben gutem Essen gab es einige Showeinlagen zu bestaunen.<\/p>\n<p>&nbsp;<\/p>\n<p>&nbsp;<\/p>\n<p><strong>3.Etappe Rust- Selestat (Frankreich)-Rust (80 km)<\/strong><\/p>\n<p><a href=\"http:\/\/woiczik.de\/wp-content\/uploads\/2023\/06\/thumbnail-32.jpg\"><img loading=\"lazy\" decoding=\"async\" class=\"alignleft size-medium wp-image-6557\" src=\"http:\/\/woiczik.de\/wp-content\/uploads\/2023\/06\/thumbnail-32-225x300.jpg\" alt=\"\" width=\"225\" height=\"300\" srcset=\"http:\/\/woiczik.de\/wp-content\/uploads\/2023\/06\/thumbnail-32-225x300.jpg 225w, http:\/\/woiczik.de\/wp-content\/uploads\/2023\/06\/thumbnail-32-768x1024.jpg 768w, http:\/\/woiczik.de\/wp-content\/uploads\/2023\/06\/thumbnail-32.jpg 1080w\" sizes=\"(max-width: 225px) 100vw, 225px\" \/><\/a>Willkommen im Cigoland, dem Vergn\u00fcgungspark und Storchenhof f\u00fcr die ganze Familie!<br \/>\nSeit 40 Jahren bietet das Cigoland Attraktionen, die f\u00fcr Jung und Alt gleicherma\u00dfen zug\u00e4nglich sind. Kinder k\u00f6nnen Kanu fahren, eine Jalopy im Stil der 1900er Jahre fahren, sich in den riesigen Enten vergn\u00fcgen, mit Elektroautos Rennen fahren&#8230;<br \/>\nNeben den Attraktionen und Animationen macht der Cigoland-Park sein Publikum auf die spezifische Fauna und Flora des Rieds und des Centre Alsace und insbesondere auf den<\/p>\n<p>&nbsp;<\/p>\n<p><a href=\"http:\/\/woiczik.de\/wp-content\/uploads\/2023\/06\/thumbnail-33.jpg\"><img loading=\"lazy\" decoding=\"async\" class=\"alignleft size-medium wp-image-6558\" src=\"http:\/\/woiczik.de\/wp-content\/uploads\/2023\/06\/thumbnail-33-225x300.jpg\" alt=\"\" width=\"225\" height=\"300\" srcset=\"http:\/\/woiczik.de\/wp-content\/uploads\/2023\/06\/thumbnail-33-225x300.jpg 225w, http:\/\/woiczik.de\/wp-content\/uploads\/2023\/06\/thumbnail-33-768x1024.jpg 768w, http:\/\/woiczik.de\/wp-content\/uploads\/2023\/06\/thumbnail-33.jpg 1080w\" sizes=\"(max-width: 225px) 100vw, 225px\" \/><\/a>Wei\u00dfstorch, den Ehrenvogel des Elsass, aufmerksam. Bei einer Fahrt mit der Schwebebahn, die den Park in mehreren Metern H\u00f6he kreuz und quer durchquert, k\u00f6nnen Sie zahlreiche St\u00f6rche in Freiheit entdecken, ihre Nester \u00fcberfliegen und die jungen Storchenbabys und ihre Eltern sehen. Auch andere Tierarten sind vertreten, wie Zwergziegen, Ponys, Sch\u00e4ferh\u00e4hne, Pfauen, Schw\u00e4ne und sogar&#8230; Lamas! Das Cigoland ist der gr\u00f6\u00dfte Storchenpark der Welt und bot uns gute 4 Stunden gro\u00dfes Vergn\u00fcgen.<\/p>\n<p>&nbsp;<\/p>\n<p>&nbsp;<\/p>\n<p><a href=\"http:\/\/woiczik.de\/wp-content\/uploads\/2023\/06\/thumbnail-34.jpg\"><img loading=\"lazy\" decoding=\"async\" class=\"alignleft size-medium wp-image-6559\" src=\"http:\/\/woiczik.de\/wp-content\/uploads\/2023\/06\/thumbnail-34-225x300.jpg\" alt=\"\" width=\"225\" height=\"300\" srcset=\"http:\/\/woiczik.de\/wp-content\/uploads\/2023\/06\/thumbnail-34-225x300.jpg 225w, http:\/\/woiczik.de\/wp-content\/uploads\/2023\/06\/thumbnail-34-768x1024.jpg 768w, http:\/\/woiczik.de\/wp-content\/uploads\/2023\/06\/thumbnail-34.jpg 1080w\" sizes=\"(max-width: 225px) 100vw, 225px\" \/><\/a><\/p>\n<p>Lokf\u00fchrer Andrej durfte mit einer sehr au\u00dfergew\u00f6hnlichen Achterbahn drei Runden hintereinander fahren. F\u00fcr Freizeitpark-Welt (feiert in diesem Jahr seinen 20.Geburtstag) &#8222;schoss&#8220; ich f\u00fcr eine Parkvorstellung hunderte Fotos. Im Freizeitpark wird neben der franz\u00f6sischen Sprache auch Deutsch gesprochen. Uns hat dieser in Deutschland fast unbekannte Freizeitpark sehr gut gefallen. Nachmittags von 15.00 -19.00 Uhr waren wir dann noch im Europa Park zu Gast.<\/p>\n<p>&nbsp;<\/p>\n<p>&nbsp;<\/p>\n<p><strong>4 Tage im Europa Park und in Rulantica<\/strong><\/p>\n<p><a href=\"http:\/\/woiczik.de\/wp-content\/uploads\/2023\/06\/thumbnail.jpg\"><img loading=\"lazy\" decoding=\"async\" class=\"alignleft size-medium wp-image-6561\" src=\"http:\/\/woiczik.de\/wp-content\/uploads\/2023\/06\/thumbnail-225x300.jpg\" alt=\"\" width=\"225\" height=\"300\" srcset=\"http:\/\/woiczik.de\/wp-content\/uploads\/2023\/06\/thumbnail-225x300.jpg 225w, http:\/\/woiczik.de\/wp-content\/uploads\/2023\/06\/thumbnail-768x1024.jpg 768w, http:\/\/woiczik.de\/wp-content\/uploads\/2023\/06\/thumbnail.jpg 1080w\" sizes=\"(max-width: 225px) 100vw, 225px\" \/><\/a>Der\u00a0<b>Europa-Park<\/b>\u00a0in\u00a0Rust\u00a0ist ein deutscher Themenpark in\u00a0Baden-W\u00fcrttemberg. Er befindet sich zwischen\u00a0Karlsruhe\u00a0und\u00a0Freiburg im Breisgau. Der Europa-Park ist der meistbesuchte deutsche Freizeitpark und der gr\u00f6\u00dfte saisonal ge\u00f6ffnete Freizeitpark der Welt. Er ist in 17 verschiedene Themenbereiche gegliedert, wovon 13 auf europ\u00e4ische L\u00e4nder bezogen sind. Zwischen dem Europa-Park und der Autobahn A5 liegt der 2019 er\u00f6ffnete Wasserpark\u00a0<span id=\"vCard_Q51162550\" class=\"vcard h-card Marker listing-maintenance-type listing-maintenance-wikidata\" data-name=\"Rulantica\" data-location=\"Europa-Park\" data-location-qid=\"Q159144\" data-wikilang=\"de\" data-country=\"DE\" data-country-name=\"Deutschland\" data-lang=\"de\" data-lang-name=\"Deutsch\" data-country-calling-code=\"+49\" data-dir=\"ltr\" data-wiki-dir=\"ltr\" data-currency=\"EUR, \u20ac, c, ct\" data-type=\"amusement_park\" data-symbol=\"-number-do\" data-color=\"#808080\" data-commonscat=\"Rulantica\" data-image=\"Rulantica wellenbecken.jpg\" data-wikidata=\"Q51162550\" data-url=\"https:\/\/www.europapark.de\/de\/rulantica\/rulantica-die-neue-indoor-wasserwelt\" data-group-translated=\"Aktivit\u00e4t\" data-group=\"do\"><bdi id=\"vCard_Rulantica\" class=\"p-name fn org listing-name\">Rulantica<\/bdi>\u00a0<\/span>des gleichen Inhabers. Auf meiner Seite und auf Freizeitpark-Welt.de findet Ihr unz\u00e4hlige Berichte aus Rust, daher beschr\u00e4nke ich mich hier ein wenig.<\/p>\n<h2 class=\"voy-editsection\" data-section=\"1\">\u00a0Wo haben wir im Europa Park \u00fcbernachtet?<\/h2>\n<p>&nbsp;<\/p>\n<div id=\"attachment_6588\" style=\"width: 310px\" class=\"wp-caption alignleft\"><a href=\"http:\/\/woiczik.de\/wp-content\/uploads\/2023\/07\/IMG_20230627_210842129.jpg\"><img loading=\"lazy\" decoding=\"async\" aria-describedby=\"caption-attachment-6588\" class=\"size-medium wp-image-6588\" src=\"http:\/\/woiczik.de\/wp-content\/uploads\/2023\/07\/IMG_20230627_210842129-300x225.jpg\" alt=\"\" width=\"300\" height=\"225\" srcset=\"http:\/\/woiczik.de\/wp-content\/uploads\/2023\/07\/IMG_20230627_210842129-300x225.jpg 300w, http:\/\/woiczik.de\/wp-content\/uploads\/2023\/07\/IMG_20230627_210842129-768x576.jpg 768w, http:\/\/woiczik.de\/wp-content\/uploads\/2023\/07\/IMG_20230627_210842129-1024x768.jpg 1024w, http:\/\/woiczik.de\/wp-content\/uploads\/2023\/07\/IMG_20230627_210842129-400x300.jpg 400w\" sizes=\"(max-width: 300px) 100vw, 300px\" \/><\/a><p id=\"caption-attachment-6588\" class=\"wp-caption-text\">Blick aus dem Hotelfenster<\/p><\/div>\n<p>Das Burghotel Castillo Alcazar ist das zweite Hotel, das im Europa-Park er\u00f6ffnet wurde und grenzt wie das El Andaluz direkt an den spanischen Themenbereich. W\u00e4hrend das El Andaluz sehr flach gehalten wurde und einen Innenhof bietet steht das Castillo Alcazar im gro\u00dfen Gegensatz dazu. Die 120 Zimmer, davon auch verschiedene Themenzimmer und Suiten sind auf sieben Stockwerke verteilt. Im obersten Stockwerk befindet sich der Buena Vista Club, der eine traumhafte Aussicht auf den Europa-Park bietet. W\u00e4hrend unseres Aufenthalts war er leider geschlossen. Wir haben diesmal 3 N\u00e4chte in diesem sch\u00f6nen Hotel \u00fcbernachtet.<\/p>\n<p>&nbsp;<\/p>\n<p><strong>4.Etappe von Rust nach Sinsheim (164 km)<br \/>\n<\/strong><\/p>\n<p>Nach knapp 2 Stunden Fahrt, mit zwei l\u00e4ngeren Baustellen, sind wir im Hotel Sinsheim angekommen.<\/p>\n<div id=\"attachment_6583\" style=\"width: 310px\" class=\"wp-caption alignleft\"><a href=\"http:\/\/woiczik.de\/wp-content\/uploads\/2023\/07\/IMG_20230629_123233302.jpg\"><img loading=\"lazy\" decoding=\"async\" aria-describedby=\"caption-attachment-6583\" class=\"size-medium wp-image-6583\" src=\"http:\/\/woiczik.de\/wp-content\/uploads\/2023\/07\/IMG_20230629_123233302-300x225.jpg\" alt=\"\" width=\"300\" height=\"225\" srcset=\"http:\/\/woiczik.de\/wp-content\/uploads\/2023\/07\/IMG_20230629_123233302-300x225.jpg 300w, http:\/\/woiczik.de\/wp-content\/uploads\/2023\/07\/IMG_20230629_123233302-768x576.jpg 768w, http:\/\/woiczik.de\/wp-content\/uploads\/2023\/07\/IMG_20230629_123233302-1024x768.jpg 1024w, http:\/\/woiczik.de\/wp-content\/uploads\/2023\/07\/IMG_20230629_123233302-400x300.jpg 400w\" sizes=\"(max-width: 300px) 100vw, 300px\" \/><\/a><p id=\"caption-attachment-6583\" class=\"wp-caption-text\">Mit dem Presssprecher auf Tour<\/p><\/div>\n<p><b>Sinsheim<\/b>\u00a0ist eine\u00a0Mittelstadt\u00a0im Nordwesten\u00a0Baden-W\u00fcrttembergs, etwa 22 Kilometer s\u00fcd\u00f6stlich von\u00a0Heidelberg, an der\u00a0Elsenz. Das im Jahre 770 erstmals erw\u00e4hnte Sinsheim geh\u00f6rte jahrhundertelang zur\u00a0Kurpfalz. Es ist nach\u00a0Weinheim\u00a0die zweitgr\u00f6\u00dfte Stadt des\u00a0Rhein-Neckar-Kreises\u00a0und ein\u00a0Mittelzentrum\u00a0in der\u00a0Metropolregion Rhein-Neckar. Seit 1. Januar 1973 ist Sinsheim\u00a0Gro\u00dfe Kreisstadt. Mit den Gemeinden\u00a0Angelbachtal\u00a0und\u00a0Zuzenhausen\u00a0hat die Stadt Sinsheim eine\u00a0Verwaltungsgemeinschaft vereinbart.<\/p>\n<p>&nbsp;<\/p>\n<p>&nbsp;<\/p>\n<div id=\"attachment_6584\" style=\"width: 310px\" class=\"wp-caption alignleft\"><a href=\"http:\/\/woiczik.de\/wp-content\/uploads\/2023\/07\/IMG_20230629_111135710.jpg\"><img loading=\"lazy\" decoding=\"async\" aria-describedby=\"caption-attachment-6584\" class=\"size-medium wp-image-6584\" src=\"http:\/\/woiczik.de\/wp-content\/uploads\/2023\/07\/IMG_20230629_111135710-300x225.jpg\" alt=\"\" width=\"300\" height=\"225\" srcset=\"http:\/\/woiczik.de\/wp-content\/uploads\/2023\/07\/IMG_20230629_111135710-300x225.jpg 300w, http:\/\/woiczik.de\/wp-content\/uploads\/2023\/07\/IMG_20230629_111135710-768x576.jpg 768w, http:\/\/woiczik.de\/wp-content\/uploads\/2023\/07\/IMG_20230629_111135710-1024x768.jpg 1024w, http:\/\/woiczik.de\/wp-content\/uploads\/2023\/07\/IMG_20230629_111135710-400x300.jpg 400w\" sizes=\"(max-width: 300px) 100vw, 300px\" \/><\/a><p id=\"caption-attachment-6584\" class=\"wp-caption-text\">Was f\u00fcr ein tolles Museum<\/p><\/div>\n<p>Bis zur\u00a0Kreisreform 1973\u00a0war Sinsheim Sitz des gleichnamigen\u00a0Landkreises\u00a0mit dem\u00a0Kfz-Kennzeichen\u00a0SNH. Sinsheim ist bekannt durch das\u00a0Technik Museum Sinsheim, die Badewelt Sinsheim und die Messe Sinsheim sowie die sportlichen Erfolge der\u00a0TSG 1899 Hoffenheim\u00a0und deren\u00a0Prezero-Arena. F\u00fcr drei Tage war Sinsheim unser \u201eHeadquarter\u201c. Im zum Technik-Museum Sinsheim geh\u00f6renden Hotel Sinsheim checkten wir zuerst ein. Wir hatten ein sehr sch\u00f6nes Zimmer mit Blick auf die Concorde und die Tupolew Tu-144 gebucht, anschlie\u00dfend begr\u00fc\u00dfte uns Holger Baschleben vom Technik-Museum Sinsheim am Eingang des Museums zu einem kleinen Rundgang durch das Areal.<\/p>\n<p>&nbsp;<\/p>\n<p><a href=\"http:\/\/woiczik.de\/wp-content\/uploads\/2023\/07\/IMG_20230629_133535669.jpg\"><img loading=\"lazy\" decoding=\"async\" class=\"alignleft size-medium wp-image-6581\" src=\"http:\/\/woiczik.de\/wp-content\/uploads\/2023\/07\/IMG_20230629_133535669-300x225.jpg\" alt=\"\" width=\"300\" height=\"225\" srcset=\"http:\/\/woiczik.de\/wp-content\/uploads\/2023\/07\/IMG_20230629_133535669-300x225.jpg 300w, http:\/\/woiczik.de\/wp-content\/uploads\/2023\/07\/IMG_20230629_133535669-768x576.jpg 768w, http:\/\/woiczik.de\/wp-content\/uploads\/2023\/07\/IMG_20230629_133535669-1024x768.jpg 1024w, http:\/\/woiczik.de\/wp-content\/uploads\/2023\/07\/IMG_20230629_133535669-400x300.jpg 400w\" sizes=\"(max-width: 300px) 100vw, 300px\" \/><\/a>Zus\u00e4tzlich zu den Ausstellungen unterh\u00e4lt das Museum ein IMAX-3D-Kino mit modernster 4K-Technologie und einer 22\u00d727-Meter-Leinwand. Tagsdrauf besuchten wir am Abend das Kino (nach unserem Trip nach Tripsdrill) und sahen uns dem f\u00fcnften Teil von Indiana Jones an.<\/p>\n<p>Insgesamt waren wir vom Museum begeistert. Bei gr\u00f6\u00dferer Bericht wird demn\u00e4chst auf<\/p>\n<p><a href=\"https:\/\/freizeitpark-welt.de\/\">Freizeitpark-Welt.de &#8211; Die Ganze Welt der Freizeitparks<\/a><\/p>\n<p>erscheinen.<\/p>\n<p>&nbsp;<\/p>\n<p>&nbsp;<\/p>\n<p><strong>5.Etappe von Sinsheim zum Erlebnispark Tripsdrill -Sinsheim (100 km)<br \/>\n<\/strong><\/p>\n<p><a href=\"http:\/\/woiczik.de\/wp-content\/uploads\/2023\/07\/IMG_20230630_113247651.jpg\"><img loading=\"lazy\" decoding=\"async\" class=\"alignleft size-medium wp-image-6579\" src=\"http:\/\/woiczik.de\/wp-content\/uploads\/2023\/07\/IMG_20230630_113247651-300x225.jpg\" alt=\"\" width=\"300\" height=\"225\" srcset=\"http:\/\/woiczik.de\/wp-content\/uploads\/2023\/07\/IMG_20230630_113247651-300x225.jpg 300w, http:\/\/woiczik.de\/wp-content\/uploads\/2023\/07\/IMG_20230630_113247651-768x576.jpg 768w, http:\/\/woiczik.de\/wp-content\/uploads\/2023\/07\/IMG_20230630_113247651-1024x768.jpg 1024w, http:\/\/woiczik.de\/wp-content\/uploads\/2023\/07\/IMG_20230630_113247651-400x300.jpg 400w\" sizes=\"(max-width: 300px) 100vw, 300px\" \/><\/a><\/p>\n<p>&nbsp;<\/p>\n<p>Der\u00a0Erlebnispark ist\u00a0ein\u00a0Freizeitpark\u00a0im\u00a0Weiler\u00a0Treffentrill\u00a0bei\u00a0Cleebronn\u00a0in\u00a0Baden-W\u00fcrttemberg. Angeschlossen ist ein\u00a0Wildpark. Auf einer Fl\u00e4che von 77\u00a0Hektar\u00a0sind etwa 100 Attraktionen, zoologische Anlagen und Museen zu finden. Tripsdrill gilt als der erste Freizeitpark\u00a0Deutschlands\u00a0und beging 2019 sein 90-j\u00e4hriges\u00a0Jubil\u00e4um. Er hat durchg\u00e4ngig das Thema\u00a0<i>Schwaben\u00a0anno 1880<\/i>.<\/p>\n<p>&nbsp;<\/p>\n<p>&nbsp;<\/p>\n<p>&nbsp;<\/p>\n<p><a href=\"http:\/\/woiczik.de\/wp-content\/uploads\/2023\/07\/IMG_20230630_120742423.jpg\"><img loading=\"lazy\" decoding=\"async\" class=\"alignleft size-medium wp-image-6578\" src=\"http:\/\/woiczik.de\/wp-content\/uploads\/2023\/07\/IMG_20230630_120742423-300x225.jpg\" alt=\"\" width=\"300\" height=\"225\" srcset=\"http:\/\/woiczik.de\/wp-content\/uploads\/2023\/07\/IMG_20230630_120742423-300x225.jpg 300w, http:\/\/woiczik.de\/wp-content\/uploads\/2023\/07\/IMG_20230630_120742423-768x576.jpg 768w, http:\/\/woiczik.de\/wp-content\/uploads\/2023\/07\/IMG_20230630_120742423-1024x768.jpg 1024w, http:\/\/woiczik.de\/wp-content\/uploads\/2023\/07\/IMG_20230630_120742423-400x300.jpg 400w\" sizes=\"(max-width: 300px) 100vw, 300px\" \/><\/a>Der Park besch\u00e4ftigt je nach Saison bis zu 450 Mitarbeiter und empf\u00e4ngt j\u00e4hrlich 780.000 Besucher. Wiederholt wurde Tripsdrill zum sch\u00f6nsten Freizeitpark in Europa unter 1 Mio. Besucher ausgezeichnet. Erstmalig regnete es auf dieser Tour l\u00e4nger. Okay, angesagt waren in den Wetterberichten heftige Gewitter und Schauer, schlussendlich hat es eine Stunde ein wenig kr\u00e4ftiger geregnet, ansonst meist nur Nieselregen und ab 14.00 Uhr schien bis Parkschluss um 18.00 Uhr sogar die Sonne bei Temperaturen um 20-23 Grad.<\/p>\n<p>&nbsp;<\/p>\n<p>&nbsp;<\/p>\n<p><a href=\"http:\/\/woiczik.de\/wp-content\/uploads\/2023\/07\/IMG_20230630_124147448.jpg\"><img loading=\"lazy\" decoding=\"async\" class=\"alignleft size-medium wp-image-6577\" src=\"http:\/\/woiczik.de\/wp-content\/uploads\/2023\/07\/IMG_20230630_124147448-300x225.jpg\" alt=\"\" width=\"300\" height=\"225\" srcset=\"http:\/\/woiczik.de\/wp-content\/uploads\/2023\/07\/IMG_20230630_124147448-300x225.jpg 300w, http:\/\/woiczik.de\/wp-content\/uploads\/2023\/07\/IMG_20230630_124147448-768x576.jpg 768w, http:\/\/woiczik.de\/wp-content\/uploads\/2023\/07\/IMG_20230630_124147448-1024x768.jpg 1024w, http:\/\/woiczik.de\/wp-content\/uploads\/2023\/07\/IMG_20230630_124147448-400x300.jpg 400w\" sizes=\"(max-width: 300px) 100vw, 300px\" \/><\/a>Uns hat der Aufenthalt im\u00a0<strong>Erlebnispark Tripsdrill\u00a0<\/strong>sehr gut gefallen. Mehr zur Perle der Freizeitparks erf\u00e4hrt Ihr hier:\u00a0<a href=\"https:\/\/www.freizeitpark-welt.de\/freizeitparks\/tripsdrill\/\">Erlebnispark Tripsdrill &#8211; Highlights, Tipps &amp; Review zum Besuch im Freizeitpark | Freizeitpark-Welt.de<\/a><\/p>\n<p>Das Essen war \u00fcbrigens im Park hervorragend und das zu sehr fairen Preisen.<\/p>\n<p>&nbsp;<\/p>\n<p>&nbsp;<\/p>\n<p>&nbsp;<\/p>\n<p>&nbsp;<\/p>\n<p><strong>6.Etappe von Sinsheim -Erlebnispark Schloss Thurn (261 km)-Berlin (487 km)<\/strong><\/p>\n<p><a href=\"http:\/\/woiczik.de\/wp-content\/uploads\/2023\/07\/IMG_20230701_121918684.jpg\"><img loading=\"lazy\" decoding=\"async\" class=\"alignleft size-medium wp-image-6576\" src=\"http:\/\/woiczik.de\/wp-content\/uploads\/2023\/07\/IMG_20230701_121918684-300x225.jpg\" alt=\"\" width=\"300\" height=\"225\" srcset=\"http:\/\/woiczik.de\/wp-content\/uploads\/2023\/07\/IMG_20230701_121918684-300x225.jpg 300w, http:\/\/woiczik.de\/wp-content\/uploads\/2023\/07\/IMG_20230701_121918684-768x576.jpg 768w, http:\/\/woiczik.de\/wp-content\/uploads\/2023\/07\/IMG_20230701_121918684-1024x768.jpg 1024w, http:\/\/woiczik.de\/wp-content\/uploads\/2023\/07\/IMG_20230701_121918684-400x300.jpg 400w\" sizes=\"(max-width: 300px) 100vw, 300px\" \/><\/a>Nach dem Fr\u00fchst\u00fcck verlie\u00dfen wir gegen 9.30 Uhr das sehr gute Hotel Sinsheim und fuhren Richtung N\u00fcrnberg. Nach 50 km Fahrt knallte es an der Frontscheibe und ein Steinschlag &#8222;verhagelte&#8220; uns den ansonsten sehr sch\u00f6nen Tag. Unz\u00e4hlige Baustellen und zwei Staus sp\u00e4ter trefen wir am kostenfreien Parkplatz am Erlebnispark Schloss Thurn ein. Dieser war unser Erstbesuch in diesem bayrischen Freizeitpark. Hier findet Ihr mehr zum Freizeitpark: <a href=\"https:\/\/www.freizeitpark-welt.de\/freizeitparks\/schloss_thurn\/\">https:\/\/www.freizeitpark-welt.de\/freizeitparks\/schloss_thurn\/<\/a><\/p>\n<p>&nbsp;<\/p>\n<p>&nbsp;<\/p>\n<p><a href=\"http:\/\/woiczik.de\/wp-content\/uploads\/2023\/07\/IMG_20230701_125231762.jpg\"><img loading=\"lazy\" decoding=\"async\" class=\"alignleft size-medium wp-image-6591\" src=\"http:\/\/woiczik.de\/wp-content\/uploads\/2023\/07\/IMG_20230701_125231762-300x225.jpg\" alt=\"\" width=\"300\" height=\"225\" srcset=\"http:\/\/woiczik.de\/wp-content\/uploads\/2023\/07\/IMG_20230701_125231762-300x225.jpg 300w, http:\/\/woiczik.de\/wp-content\/uploads\/2023\/07\/IMG_20230701_125231762-768x576.jpg 768w, http:\/\/woiczik.de\/wp-content\/uploads\/2023\/07\/IMG_20230701_125231762-1024x768.jpg 1024w, http:\/\/woiczik.de\/wp-content\/uploads\/2023\/07\/IMG_20230701_125231762-400x300.jpg 400w\" sizes=\"(max-width: 300px) 100vw, 300px\" \/><\/a>Uns hat dieser Freizeitpark trotz eines sch\u00f6nen Schlosses nicht so sehr gefallen, alles war ein wenig &#8222;abgeranzt&#8220; und verspr\u00fchte 80iger Jahre Nostaligie. Nach gut 3 1\/2 Stunden verlie\u00dfen wir den Park und fuhren dann mit einem Zwischenstopp in Sachsen zur\u00fcck nach Berlin, wo wir dann am Abend eingetroffen sind. Eine sehr interessante Tour ging sehrrrrrrrrrrrrr schnell (viel zu schnell) zu Ende. Alle gebuchten Hotels waren topp, fast alle Freizeiteinrichtungen auch (Ausnahme: Schloss Thurn), wir hatten viel Spa\u00df auf der Tour.<\/p>\n<p>&nbsp;<\/p>\n<p>&nbsp;<\/p>\n<div id=\"attachment_6562\" style=\"width: 235px\" class=\"wp-caption alignleft\"><a href=\"http:\/\/woiczik.de\/wp-content\/uploads\/2023\/06\/thumbnail-35.jpg\"><img loading=\"lazy\" decoding=\"async\" aria-describedby=\"caption-attachment-6562\" class=\"size-medium wp-image-6562\" src=\"http:\/\/woiczik.de\/wp-content\/uploads\/2023\/06\/thumbnail-35-225x300.jpg\" alt=\"\" width=\"225\" height=\"300\" srcset=\"http:\/\/woiczik.de\/wp-content\/uploads\/2023\/06\/thumbnail-35-225x300.jpg 225w, http:\/\/woiczik.de\/wp-content\/uploads\/2023\/06\/thumbnail-35-768x1024.jpg 768w, http:\/\/woiczik.de\/wp-content\/uploads\/2023\/06\/thumbnail-35.jpg 1080w\" sizes=\"(max-width: 225px) 100vw, 225px\" \/><\/a><p id=\"caption-attachment-6562\" class=\"wp-caption-text\">Ich wurde freudig empfangen<\/p><\/div>\n<p>Im Dezember fahren wir nochmals in den Europa Park, daher sind noch Besuche in zahlreichen Freizeitparks in Deutschland und den Niederlanden geplant.<strong> Dankesch\u00f6n f\u00fcr euer Interesse beim Lesen des Reiseberichts<\/strong>.<\/p>\n<p>&nbsp;<\/p>\n<p>&nbsp;<\/p>\n<p>&nbsp;<\/p>\n<p>&nbsp;<\/p>\n<p>&nbsp;<\/p>\n<p>&nbsp;<\/p>\n<p>&nbsp;<\/p>\n<p><strong>Was lief sportlich?<\/strong><\/p>\n<p><a href=\"http:\/\/woiczik.de\/wp-content\/uploads\/2023\/07\/IMG_20230624_055903985.jpg\"><img loading=\"lazy\" decoding=\"async\" class=\"alignleft size-medium wp-image-6593\" src=\"http:\/\/woiczik.de\/wp-content\/uploads\/2023\/07\/IMG_20230624_055903985-300x225.jpg\" alt=\"\" width=\"300\" height=\"225\" srcset=\"http:\/\/woiczik.de\/wp-content\/uploads\/2023\/07\/IMG_20230624_055903985-300x225.jpg 300w, http:\/\/woiczik.de\/wp-content\/uploads\/2023\/07\/IMG_20230624_055903985-768x576.jpg 768w, http:\/\/woiczik.de\/wp-content\/uploads\/2023\/07\/IMG_20230624_055903985-1024x768.jpg 1024w, http:\/\/woiczik.de\/wp-content\/uploads\/2023\/07\/IMG_20230624_055903985-400x300.jpg 400w\" sizes=\"(max-width: 300px) 100vw, 300px\" \/><\/a>Obwohl ich nicht verletzt war, lief ich im Mai nur 89 km und im Juni 96 km im Monat. Der Grund hierf\u00fcr war die Bahnsaison 2023 mit dem Highlight, dass ich Landesmeister in der M55 \u00fcber 1500 Meter geworden bin. Ab Juli werde ich jetzt langsam wieder l\u00e4ngere Einheiten absolvieren. Im Rust bin ich sogar schon 14 km am St\u00fcck gelaufen. Im Mai und Juni war ich insgesamt fast 250 km auf dem Rad unterwegs.<strong> Die Motivation f\u00fcrs Laufen ist weiterhin seit dem Marathon im Januar nicht mehr so vorhanden wie in den Jahren zuvor<\/strong>, dennoch treibe ich zwischen 4 und 6 x in der Woche Sport.<\/p>\n<h2 class=\"voy-editsection\" data-section=\"1\"><strong><br \/>\n<\/strong><\/h2>\n<h2 class=\"voy-editsection\" data-section=\"1\"><\/h2>\n<p>&nbsp;<\/p>\n<p>&nbsp;<\/p>\n<p>&nbsp;<\/p>\n<p>&nbsp;<\/p>\n<p>&nbsp;<\/p>\n<p>&nbsp;<\/p>\n<p>&nbsp;<\/p>\n<p>&nbsp;<\/p>\n","protected":false},"excerpt":{"rendered":"<p>Views: 5531.Etappe: Berlin-Lichtenrade- Herzogenaurach- Lauf an der Pegnitz (483 km)\u00a0Wenige Stunden nach einem heftigen Unwetter in Deutschland ging es fr\u00fch um 6.00 Uhr zur &#8222;Highway to Hell-Tour&#8220; los. Die erste Etappe f\u00fchrte \u00fcber 451 km von Berlin-Lichtenrade nach Herzogenaurach. Trotz &hellip; <a href=\"http:\/\/woiczik.de\/?p=6541\">Weiterlesen <span class=\"meta-nav\">&rarr;<\/span><\/a><\/p>\n","protected":false},"author":1,"featured_media":0,"comment_status":"open","ping_status":"open","sticky":false,"template":"","format":"gallery","meta":{"footnotes":""},"categories":[5],"tags":[],"class_list":["post-6541","post","type-post","status-publish","format-gallery","hentry","category-reisen","post_format-post-format-gallery"],"_links":{"self":[{"href":"http:\/\/woiczik.de\/index.php?rest_route=\/wp\/v2\/posts\/6541"}],"collection":[{"href":"http:\/\/woiczik.de\/index.php?rest_route=\/wp\/v2\/posts"}],"about":[{"href":"http:\/\/woiczik.de\/index.php?rest_route=\/wp\/v2\/types\/post"}],"author":[{"embeddable":true,"href":"http:\/\/woiczik.de\/index.php?rest_route=\/wp\/v2\/users\/1"}],"replies":[{"embeddable":true,"href":"http:\/\/woiczik.de\/index.php?rest_route=%2Fwp%2Fv2%2Fcomments&post=6541"}],"version-history":[{"count":21,"href":"http:\/\/woiczik.de\/index.php?rest_route=\/wp\/v2\/posts\/6541\/revisions"}],"predecessor-version":[{"id":6598,"href":"http:\/\/woiczik.de\/index.php?rest_route=\/wp\/v2\/posts\/6541\/revisions\/6598"}],"wp:attachment":[{"href":"http:\/\/woiczik.de\/index.php?rest_route=%2Fwp%2Fv2%2Fmedia&parent=6541"}],"wp:term":[{"taxonomy":"category","embeddable":true,"href":"http:\/\/woiczik.de\/index.php?rest_route=%2Fwp%2Fv2%2Fcategories&post=6541"},{"taxonomy":"post_tag","embeddable":true,"href":"http:\/\/woiczik.de\/index.php?rest_route=%2Fwp%2Fv2%2Ftags&post=6541"}],"curies":[{"name":"wp","href":"https:\/\/api.w.org\/{rel}","templated":true}]}}