{"id":7701,"date":"2024-12-23T08:58:54","date_gmt":"2024-12-23T06:58:54","guid":{"rendered":"http:\/\/woiczik.de\/?p=7701"},"modified":"2025-01-06T08:28:44","modified_gmt":"2025-01-06T06:28:44","slug":"8-lehmeyers-silvesterlauf-am-31-12-2024","status":"publish","type":"post","link":"http:\/\/woiczik.de\/?p=7701","title":{"rendered":"8. Lehmeyers Silvesterlauf am 31.12.2024"},"content":{"rendered":"<p>Views: 843<\/p>\n<div class=\"wp-block-media-text is-stacked-on-mobile\"><figure class=\"wp-block-media-text__media\"><img loading=\"lazy\" decoding=\"async\" width=\"768\" height=\"1024\" src=\"http:\/\/woiczik.de\/wp-content\/uploads\/2024\/12\/IMG_20241231_125757087_BURST001-768x1024.jpg\" alt=\"\" class=\"wp-image-7723 size-full\" srcset=\"http:\/\/woiczik.de\/wp-content\/uploads\/2024\/12\/IMG_20241231_125757087_BURST001-768x1024.jpg 768w, http:\/\/woiczik.de\/wp-content\/uploads\/2024\/12\/IMG_20241231_125757087_BURST001-225x300.jpg 225w, http:\/\/woiczik.de\/wp-content\/uploads\/2024\/12\/IMG_20241231_125757087_BURST001-1152x1536.jpg 1152w, http:\/\/woiczik.de\/wp-content\/uploads\/2024\/12\/IMG_20241231_125757087_BURST001-1536x2048.jpg 1536w, http:\/\/woiczik.de\/wp-content\/uploads\/2024\/12\/IMG_20241231_125757087_BURST001-scaled.jpg 1920w\" sizes=\"(max-width: 768px) 100vw, 768px\" \/><\/figure><div class=\"wp-block-media-text__content\">\n<p>Mit dem 8. Lehmeyer Silvesterlauf am 31.12.2024 ging die Laufsaison unserer PSV-Laufgruppe zu Ende. <\/p>\n<\/div><\/div>\n\n\n\n<div class=\"wp-block-media-text is-stacked-on-mobile\"><figure class=\"wp-block-media-text__media\"><img loading=\"lazy\" decoding=\"async\" width=\"1024\" height=\"768\" src=\"http:\/\/woiczik.de\/wp-content\/uploads\/2024\/12\/IMG_20241231_120031894-1024x768.jpg\" alt=\"\" class=\"wp-image-7724 size-full\" srcset=\"http:\/\/woiczik.de\/wp-content\/uploads\/2024\/12\/IMG_20241231_120031894-1024x768.jpg 1024w, http:\/\/woiczik.de\/wp-content\/uploads\/2024\/12\/IMG_20241231_120031894-300x225.jpg 300w, http:\/\/woiczik.de\/wp-content\/uploads\/2024\/12\/IMG_20241231_120031894-768x576.jpg 768w, http:\/\/woiczik.de\/wp-content\/uploads\/2024\/12\/IMG_20241231_120031894-1536x1152.jpg 1536w, http:\/\/woiczik.de\/wp-content\/uploads\/2024\/12\/IMG_20241231_120031894-2048x1536.jpg 2048w, http:\/\/woiczik.de\/wp-content\/uploads\/2024\/12\/IMG_20241231_120031894-400x300.jpg 400w\" sizes=\"(max-width: 1024px) 100vw, 1024px\" \/><\/figure><div class=\"wp-block-media-text__content\">\n<p>Die Familie Lehmeyer hat dieses gemeinschaftliche Laufevent wieder einmal hervorragend organisiert. An dieser Stelle daher nochmals ein gro\u00dfer Dank f\u00fcr die tolle Organisation.<\/p>\n<\/div><\/div>\n\n\n\n<div class=\"wp-block-media-text is-stacked-on-mobile\"><figure class=\"wp-block-media-text__media\"><img loading=\"lazy\" decoding=\"async\" width=\"708\" height=\"1024\" src=\"http:\/\/woiczik.de\/wp-content\/uploads\/2024\/12\/IMG_20241231_113916201-scaled-e1735795567806-708x1024.jpg\" alt=\"\" class=\"wp-image-7726 size-full\" srcset=\"http:\/\/woiczik.de\/wp-content\/uploads\/2024\/12\/IMG_20241231_113916201-scaled-e1735795567806-708x1024.jpg 708w, http:\/\/woiczik.de\/wp-content\/uploads\/2024\/12\/IMG_20241231_113916201-scaled-e1735795567806-207x300.jpg 207w, http:\/\/woiczik.de\/wp-content\/uploads\/2024\/12\/IMG_20241231_113916201-scaled-e1735795567806-768x1110.jpg 768w, http:\/\/woiczik.de\/wp-content\/uploads\/2024\/12\/IMG_20241231_113916201-scaled-e1735795567806-1062x1536.jpg 1062w, http:\/\/woiczik.de\/wp-content\/uploads\/2024\/12\/IMG_20241231_113916201-scaled-e1735795567806.jpg 1301w\" sizes=\"(max-width: 708px) 100vw, 708px\" \/><\/figure><div class=\"wp-block-media-text__content\">\n<p>Es war wieder einmal sehr sch\u00f6n gemeinsam diesen laufenden Jahresabschluss absolviert zu haben. Ohne &#8222;Leistungsdruck&#8220; entspannt im 5:38er Tempo diese sch\u00f6ne Laufrunde  gelaufen zu sein, war wieder ein sehr sch\u00f6nes Erlebnis. Schade, dass einige Mitglieder unserer Laufgruppe lieber woanders u.a. beim SCC am Silvesterlauf teilgenommen haben.   <\/p>\n<\/div><\/div>\n\n\n\n<div class=\"wp-block-media-text is-stacked-on-mobile\"><figure class=\"wp-block-media-text__media\"><img loading=\"lazy\" decoding=\"async\" width=\"768\" height=\"1024\" src=\"http:\/\/woiczik.de\/wp-content\/uploads\/2024\/12\/IMG_20241231_113911751_BURST000_COVER_TOP-768x1024.jpg\" alt=\"\" class=\"wp-image-7727 size-full\" srcset=\"http:\/\/woiczik.de\/wp-content\/uploads\/2024\/12\/IMG_20241231_113911751_BURST000_COVER_TOP-768x1024.jpg 768w, http:\/\/woiczik.de\/wp-content\/uploads\/2024\/12\/IMG_20241231_113911751_BURST000_COVER_TOP-225x300.jpg 225w, http:\/\/woiczik.de\/wp-content\/uploads\/2024\/12\/IMG_20241231_113911751_BURST000_COVER_TOP-1152x1536.jpg 1152w, http:\/\/woiczik.de\/wp-content\/uploads\/2024\/12\/IMG_20241231_113911751_BURST000_COVER_TOP-1536x2048.jpg 1536w, http:\/\/woiczik.de\/wp-content\/uploads\/2024\/12\/IMG_20241231_113911751_BURST000_COVER_TOP-scaled.jpg 1920w\" sizes=\"(max-width: 768px) 100vw, 768px\" \/><\/figure><div class=\"wp-block-media-text__content\">\n<p><strong>Gemeinsam liefen wir die 10,55 km lange Strecke<\/strong> in 59:23 min (ich und Clarissa) und der restlichen Laufgruppe in 59:35 min. Da ich diese  Fotos machen wollte, lief ich den letzten Kilometer ein wenig schneller. <\/p>\n<\/div><\/div>\n\n\n\n<div class=\"wp-block-media-text is-stacked-on-mobile\"><figure class=\"wp-block-media-text__media\"><img loading=\"lazy\" decoding=\"async\" width=\"1024\" height=\"768\" src=\"http:\/\/woiczik.de\/wp-content\/uploads\/2024\/12\/IMG_20241231_103557001-1024x768.jpg\" alt=\"\" class=\"wp-image-7729 size-full\" srcset=\"http:\/\/woiczik.de\/wp-content\/uploads\/2024\/12\/IMG_20241231_103557001-1024x768.jpg 1024w, http:\/\/woiczik.de\/wp-content\/uploads\/2024\/12\/IMG_20241231_103557001-300x225.jpg 300w, http:\/\/woiczik.de\/wp-content\/uploads\/2024\/12\/IMG_20241231_103557001-768x576.jpg 768w, http:\/\/woiczik.de\/wp-content\/uploads\/2024\/12\/IMG_20241231_103557001-1536x1152.jpg 1536w, http:\/\/woiczik.de\/wp-content\/uploads\/2024\/12\/IMG_20241231_103557001-2048x1536.jpg 2048w, http:\/\/woiczik.de\/wp-content\/uploads\/2024\/12\/IMG_20241231_103557001-400x300.jpg 400w\" sizes=\"(max-width: 1024px) 100vw, 1024px\" \/><\/figure><div class=\"wp-block-media-text__content\">\n<p>P\u00fcnktlich um 10.30 Uhr erfolgte der Startschuss zum diesj\u00e4hrigen  Lehmeyers Silvesterlauf. Bei 2 Grad und meist sonnigen Himmel waren die Laufbedingungen f\u00fcr diese Jahreszeit fast optimal.  <\/p>\n<\/div><\/div>\n\n\n\n<div class=\"wp-block-media-text is-stacked-on-mobile\"><figure class=\"wp-block-media-text__media\"><img loading=\"lazy\" decoding=\"async\" width=\"768\" height=\"1024\" src=\"http:\/\/woiczik.de\/wp-content\/uploads\/2024\/12\/IMG_20241211_112359599-768x1024.jpg\" alt=\"\" class=\"wp-image-7675 size-full\" srcset=\"http:\/\/woiczik.de\/wp-content\/uploads\/2024\/12\/IMG_20241211_112359599-768x1024.jpg 768w, http:\/\/woiczik.de\/wp-content\/uploads\/2024\/12\/IMG_20241211_112359599-225x300.jpg 225w, http:\/\/woiczik.de\/wp-content\/uploads\/2024\/12\/IMG_20241211_112359599-1152x1536.jpg 1152w, http:\/\/woiczik.de\/wp-content\/uploads\/2024\/12\/IMG_20241211_112359599-1536x2048.jpg 1536w, http:\/\/woiczik.de\/wp-content\/uploads\/2024\/12\/IMG_20241211_112359599-scaled.jpg 1920w\" sizes=\"(max-width: 768px) 100vw, 768px\" \/><\/figure><div class=\"wp-block-media-text__content\">\n<p><strong>Weihnachtsgr\u00fc\u00dfe:<\/strong> <\/p>\n\n\n\n<p>F\u00fcr die Weihnachtszeit w\u00fcnsche ich Euch, dass sie besinnlich ist, Ihr ein wenig zur Ruhe kommt, die Tage mit Eueren Familie genie\u00dfen und Kraft tanken k\u00f6nnt.<strong> Frohe Weihnachten und einen guten Rutsch ins neue Jahr!<\/strong><\/p>\n\n\n\n<p><strong>Danke auch f\u00fcr Euer Interesse an meiner kleinen Homepage. <\/strong><\/p>\n<\/div><\/div>\n\n\n\n<div class=\"wp-block-media-text is-stacked-on-mobile\"><figure class=\"wp-block-media-text__media\"><img loading=\"lazy\" decoding=\"async\" width=\"1024\" height=\"874\" src=\"http:\/\/woiczik.de\/wp-content\/uploads\/2024\/12\/kartenausschnitt_marienfelder_feldmark-1024x874.jpg\" alt=\"\" class=\"wp-image-7704 size-full\" srcset=\"http:\/\/woiczik.de\/wp-content\/uploads\/2024\/12\/kartenausschnitt_marienfelder_feldmark-1024x874.jpg 1024w, http:\/\/woiczik.de\/wp-content\/uploads\/2024\/12\/kartenausschnitt_marienfelder_feldmark-300x256.jpg 300w, http:\/\/woiczik.de\/wp-content\/uploads\/2024\/12\/kartenausschnitt_marienfelder_feldmark-768x655.jpg 768w, http:\/\/woiczik.de\/wp-content\/uploads\/2024\/12\/kartenausschnitt_marienfelder_feldmark-352x300.jpg 352w, http:\/\/woiczik.de\/wp-content\/uploads\/2024\/12\/kartenausschnitt_marienfelder_feldmark.jpg 1453w\" sizes=\"(max-width: 1024px) 100vw, 1024px\" \/><\/figure><div class=\"wp-block-media-text__content\">\n<p><strong>Vorschau:<\/strong> Das Jahr 2024 geht zu Ende und jede\/r aus unserer Laufgruppe&nbsp; beendet seine Laufsaison mit dem&nbsp;Lehmeyer`s Silvesterlauf (Vereinsinterner Lauf). <br>Zum Abschluss dieses Jahres laufen wir nun zum <strong>achten&nbsp;Mal beim<\/strong><br><strong>Lehmeyer`s Silvesterlauf<\/strong>&nbsp;durch die Marienfelder Feldmark.<\/p>\n<\/div><\/div>\n\n\n\n<div class=\"wp-block-media-text is-stacked-on-mobile\"><figure class=\"wp-block-media-text__media\"><img loading=\"lazy\" decoding=\"async\" width=\"900\" height=\"600\" src=\"http:\/\/woiczik.de\/wp-content\/uploads\/2024\/12\/g.7217332.391548.2239421256.jpg\" alt=\"\" class=\"wp-image-7703 size-full\" srcset=\"http:\/\/woiczik.de\/wp-content\/uploads\/2024\/12\/g.7217332.391548.2239421256.jpg 900w, http:\/\/woiczik.de\/wp-content\/uploads\/2024\/12\/g.7217332.391548.2239421256-300x200.jpg 300w, http:\/\/woiczik.de\/wp-content\/uploads\/2024\/12\/g.7217332.391548.2239421256-768x512.jpg 768w, http:\/\/woiczik.de\/wp-content\/uploads\/2024\/12\/g.7217332.391548.2239421256-450x300.jpg 450w\" sizes=\"(max-width: 900px) 100vw, 900px\" \/><\/figure><div class=\"wp-block-media-text__content\">\n<div class=\"wp-block-columns is-layout-flex wp-container-core-columns-is-layout-3 wp-block-columns-is-layout-flex\">\n<div class=\"wp-block-column is-layout-flow wp-block-column-is-layout-flow\" style=\"flex-basis:100%\">\n<div class=\"wp-block-columns is-layout-flex wp-container-core-columns-is-layout-2 wp-block-columns-is-layout-flex\">\n<div class=\"wp-block-column is-layout-flow wp-block-column-is-layout-flow\" style=\"flex-basis:100%\">\n<div class=\"wp-block-columns is-layout-flex wp-container-core-columns-is-layout-1 wp-block-columns-is-layout-flex\">\n<div class=\"wp-block-column is-layout-flow wp-block-column-is-layout-flow\" style=\"flex-basis:100%\">\n<p>Der Start erfolgt um 10.30 Uhr. Distanz: Viertelmarathon (10,5 km) rund um den Stadtnaturpark und die Marienfelder Feldmark<br>Streckenbeschreibung: Park-, Feld- und Waldwege, asphaltierte Abschnitte<br>Ziel: Start und Ziel sind identisch<br><\/p>\n<\/div>\n<\/div>\n<\/div>\n<\/div>\n<\/div>\n<\/div>\n<\/div><\/div>\n\n\n\n<div class=\"wp-block-media-text is-stacked-on-mobile\"><figure class=\"wp-block-media-text__media\"><img loading=\"lazy\" decoding=\"async\" width=\"1024\" height=\"682\" src=\"http:\/\/woiczik.de\/wp-content\/uploads\/2024\/10\/12236_20240929_135418_410191257_original-1024x682.jpg\" alt=\"\" class=\"wp-image-7582 size-full\" srcset=\"http:\/\/woiczik.de\/wp-content\/uploads\/2024\/10\/12236_20240929_135418_410191257_original-1024x682.jpg 1024w, http:\/\/woiczik.de\/wp-content\/uploads\/2024\/10\/12236_20240929_135418_410191257_original-300x200.jpg 300w, http:\/\/woiczik.de\/wp-content\/uploads\/2024\/10\/12236_20240929_135418_410191257_original-768x512.jpg 768w, http:\/\/woiczik.de\/wp-content\/uploads\/2024\/10\/12236_20240929_135418_410191257_original-1536x1024.jpg 1536w, http:\/\/woiczik.de\/wp-content\/uploads\/2024\/10\/12236_20240929_135418_410191257_original-2048x1365.jpg 2048w, http:\/\/woiczik.de\/wp-content\/uploads\/2024\/10\/12236_20240929_135418_410191257_original-450x300.jpg 450w\" sizes=\"(max-width: 1024px) 100vw, 1024px\" \/><\/figure><div class=\"wp-block-media-text__content\">\n<div class=\"wp-block-columns is-layout-flex wp-container-core-columns-is-layout-4 wp-block-columns-is-layout-flex\">\n<div class=\"wp-block-column is-layout-flow wp-block-column-is-layout-flow\" style=\"flex-basis:100%\">\n<p><strong>Mein Laufjahr 2024:<\/strong> Meine Lauf-Highlights in diesem Jahr waren&nbsp;die Teilnahme am <strong>50. Berlin-Marathon<\/strong>, sowie die sehr erfolgreiche <strong>Seniorenlandesmeisterschaft<\/strong> \u00fcber 800 Meter und 1500 Meter (<strong>M 55 Meister<\/strong> 800 Meter\/<strong>Dritter <\/strong>\u00fcber 1500 Meter). <\/p>\n<\/div>\n<\/div>\n<\/div><\/div>\n\n\n\n<div class=\"wp-block-media-text is-stacked-on-mobile\"><figure class=\"wp-block-media-text__media\"><img loading=\"lazy\" decoding=\"async\" width=\"1024\" height=\"684\" src=\"http:\/\/woiczik.de\/wp-content\/uploads\/2024\/09\/7092826-1024x684.jpg\" alt=\"Deutsche Halbmarathon-Meisterschaft in Hamburg\" class=\"wp-image-7523 size-full\" srcset=\"http:\/\/woiczik.de\/wp-content\/uploads\/2024\/09\/7092826-1024x684.jpg 1024w, http:\/\/woiczik.de\/wp-content\/uploads\/2024\/09\/7092826-300x201.jpg 300w, http:\/\/woiczik.de\/wp-content\/uploads\/2024\/09\/7092826-768x513.jpg 768w, http:\/\/woiczik.de\/wp-content\/uploads\/2024\/09\/7092826-1536x1027.jpg 1536w, http:\/\/woiczik.de\/wp-content\/uploads\/2024\/09\/7092826-2048x1369.jpg 2048w, http:\/\/woiczik.de\/wp-content\/uploads\/2024\/09\/7092826-449x300.jpg 449w\" sizes=\"(max-width: 1024px) 100vw, 1024px\" \/><\/figure><div class=\"wp-block-media-text__content\">\n<div class=\"wp-block-columns is-layout-flex wp-container-core-columns-is-layout-5 wp-block-columns-is-layout-flex\">\n<div class=\"wp-block-column is-layout-flow wp-block-column-is-layout-flow\" style=\"flex-basis:100%\">\n<p>Weitere Highlights waren die Teilnahme an den <strong>Deutschen Halbmarathon-Meisterschaften<\/strong> in Hamburg und der <strong>Ostdeutschen Meisterschaft <\/strong>\u00fcber 10 km in Dresden<\/p>\n<\/div>\n<\/div>\n<\/div><\/div>\n\n\n\n<div class=\"wp-block-media-text is-stacked-on-mobile\"><figure class=\"wp-block-media-text__media\"><img loading=\"lazy\" decoding=\"async\" width=\"1024\" height=\"768\" src=\"http:\/\/woiczik.de\/wp-content\/uploads\/2024\/09\/IMG_20240915_115354959-1024x768.jpg\" alt=\"\" class=\"wp-image-7255 size-full\" srcset=\"http:\/\/woiczik.de\/wp-content\/uploads\/2024\/09\/IMG_20240915_115354959-1024x768.jpg 1024w, http:\/\/woiczik.de\/wp-content\/uploads\/2024\/09\/IMG_20240915_115354959-300x225.jpg 300w, http:\/\/woiczik.de\/wp-content\/uploads\/2024\/09\/IMG_20240915_115354959-768x576.jpg 768w, http:\/\/woiczik.de\/wp-content\/uploads\/2024\/09\/IMG_20240915_115354959-400x300.jpg 400w\" sizes=\"(max-width: 1024px) 100vw, 1024px\" \/><\/figure><div class=\"wp-block-media-text__content\">\n<p><strong>Training im Jahr 2024:<\/strong><\/p>\n\n\n\n<p><strong>Laufen:&nbsp;<\/strong>Januar: 183 km -Februar: 217 km-&nbsp;M\u00e4rz: 228 km\u2013 April: 147 km-Mai: 104 km-Juni: 146 km- Juli: 282 km-<strong>August: 303 km<\/strong>&#8211; September: 204 km- Oktober: 91 km- November: 125 km-Dezember: 166 km<\/p>\n\n\n\n<p><strong>Vergleich der letzten 6 Jahre:&nbsp;<\/strong>2018: 2162 km (180 km pro Monat)- 2019: 2181 km (182 km)- 2020: 2281 km (190 km)- 2021: 2013 km (168 km)-<strong>2022: 2337 km (195 km)- <\/strong>2023: 1540 km (128 km)-2024: 2195 km (183 km)<\/p>\n<\/div><\/div>\n\n\n\n<div class=\"wp-block-media-text is-stacked-on-mobile\"><figure class=\"wp-block-media-text__media\"><img loading=\"lazy\" decoding=\"async\" width=\"439\" height=\"1024\" src=\"http:\/\/woiczik.de\/wp-content\/uploads\/2021\/03\/Screenshot_20201031-102632-439x1024.png\" alt=\"\" class=\"wp-image-4622 size-full\" srcset=\"http:\/\/woiczik.de\/wp-content\/uploads\/2021\/03\/Screenshot_20201031-102632-439x1024.png 439w, http:\/\/woiczik.de\/wp-content\/uploads\/2021\/03\/Screenshot_20201031-102632-129x300.png 129w, http:\/\/woiczik.de\/wp-content\/uploads\/2021\/03\/Screenshot_20201031-102632-768x1792.png 768w, http:\/\/woiczik.de\/wp-content\/uploads\/2021\/03\/Screenshot_20201031-102632.png 1080w\" sizes=\"(max-width: 439px) 100vw, 439px\" \/><\/figure><div class=\"wp-block-media-text__content\">\n<p><strong>Kraft\/Athletik\/Dehnen\/Atemprogramm:&nbsp;<\/strong>Januar: 2:56 h- Februar: 3:09 h-M\u00e4rz: 4:08 h-<strong>April: 6:37 h<\/strong> <strong>(Rekord)<\/strong>-Mai: 5:30 h- Juni: 4:28 h- Juli: 5:26 h- August: 1:52 h- September: 2:55 h- Oktober: 2:20 h-November 2:33 h -Dezember: 4:02 h<\/p>\n\n\n\n<p><strong>Vergleich der letzten 6 Jahre:\u00a0<\/strong>2018: 23:20 h- 2019: 18:23 h \u2013 2020: 32:09 h- 2021: 31:03 h -2022: 28:18 h- 2<strong>023: 33:31 h <\/strong>&#8211;<strong>2024: 44:45 h<\/strong> (Rekord)<\/p>\n\n\n\n<p><strong>Indoor Cycling\/Radfahren\/Speed-Bike:&nbsp;<\/strong>Januar: 141 km- Februar: 62 km-M\u00e4rz: 24 km-April: 6 km-Mai: 20 km-Juni: 39 km-Juli: 43 km-August: 76 km-September: 28 km-Oktober: 59 km-November: 129 km-Dezember: 108 km<\/p>\n\n\n\n<p><strong>Vergleich der letzten 6 Jahre:\u00a0<\/strong>2018: 478 km (40 km pro Monat)- 2019: 193 km( 16km) \u2013 2020: 840 km (70 km)- 2021: 572 km (48 km)-<strong>2022: 1289 km (108 km)- <\/strong>2023: 1052 Km (84 km)-2024: 735 km<\/p>\n<\/div><\/div>\n\n\n\n<div class=\"wp-block-media-text is-stacked-on-mobile\"><figure class=\"wp-block-media-text__media\"><img loading=\"lazy\" decoding=\"async\" width=\"1024\" height=\"768\" src=\"http:\/\/woiczik.de\/wp-content\/uploads\/2024\/05\/thumbnail-1024x768.jpeg\" alt=\"\" class=\"wp-image-7059 size-full\" srcset=\"http:\/\/woiczik.de\/wp-content\/uploads\/2024\/05\/thumbnail-1024x768.jpeg 1024w, http:\/\/woiczik.de\/wp-content\/uploads\/2024\/05\/thumbnail-300x225.jpeg 300w, http:\/\/woiczik.de\/wp-content\/uploads\/2024\/05\/thumbnail-768x576.jpeg 768w, http:\/\/woiczik.de\/wp-content\/uploads\/2024\/05\/thumbnail-400x300.jpeg 400w, http:\/\/woiczik.de\/wp-content\/uploads\/2024\/05\/thumbnail.jpeg 1080w\" sizes=\"(max-width: 1024px) 100vw, 1024px\" \/><\/figure><div class=\"wp-block-media-text__content\">\n<div class=\"wp-block-columns is-layout-flex wp-container-core-columns-is-layout-6 wp-block-columns-is-layout-flex\">\n<div class=\"wp-block-column is-layout-flow wp-block-column-is-layout-flow\" style=\"flex-basis:100%\">\n<p><strong>Ranglisten:  Deutschland: <\/strong>Altersklasse M55- 800 Meter: Platz 65- 1500 Meter: Platz 51- Halbmarathon: Platz 185- Marathon: Platz 232- <strong>Berlin<\/strong>: 800 Meter: <strong>Platz 2<\/strong>-1500 Meter: <strong>Platz 3<\/strong>&#8211; 5 km: Platz 16- Halbmarathon: Platz 20- Marathon: Platz 19<\/p>\n<\/div>\n<\/div>\n<\/div><\/div>\n\n\n\n<div class=\"wp-block-media-text is-stacked-on-mobile\"><figure class=\"wp-block-media-text__media\"><img loading=\"lazy\" decoding=\"async\" width=\"1024\" height=\"768\" src=\"http:\/\/woiczik.de\/wp-content\/uploads\/2024\/05\/P1160393-1024x768.jpg\" alt=\"\" class=\"wp-image-7053 size-full\" srcset=\"http:\/\/woiczik.de\/wp-content\/uploads\/2024\/05\/P1160393-1024x768.jpg 1024w, http:\/\/woiczik.de\/wp-content\/uploads\/2024\/05\/P1160393-300x225.jpg 300w, http:\/\/woiczik.de\/wp-content\/uploads\/2024\/05\/P1160393-768x576.jpg 768w, http:\/\/woiczik.de\/wp-content\/uploads\/2024\/05\/P1160393-400x300.jpg 400w\" sizes=\"(max-width: 1024px) 100vw, 1024px\" \/><\/figure><div class=\"wp-block-media-text__content\">\n<p><strong>Vorschau 2025:<\/strong> Im kommenden Jahr verzichte ich auf Bahnwettk\u00e4mpfe. Mein Wettkampfeinstieg ist am 16.3.2025 mit einem 10 km Lauf geplant. Weitere vorgesehene Wettk\u00e4mpfe: D\u00fcsseldorf-Marathon (Halbmarathon)- S 25 in Berlin- Berlin-Marathon (Tempomacher f\u00fcr Daniel Sub 4:10 h)- Great 10 k- Dubai (?) <\/p>\n<\/div><\/div>\n","protected":false},"excerpt":{"rendered":"<p>Views: 843 Mit dem 8. Lehmeyer Silvesterlauf am 31.12.2024 ging die Laufsaison unserer PSV-Laufgruppe zu Ende. Die Familie Lehmeyer hat dieses gemeinschaftliche Laufevent wieder einmal hervorragend organisiert. An dieser Stelle daher nochmals ein gro\u00dfer Dank f\u00fcr die tolle Organisation. Es &hellip; <a href=\"http:\/\/woiczik.de\/?p=7701\">Weiterlesen <span class=\"meta-nav\">&rarr;<\/span><\/a><\/p>\n","protected":false},"author":1,"featured_media":0,"comment_status":"open","ping_status":"open","sticky":false,"template":"","format":"standard","meta":{"footnotes":""},"categories":[1],"tags":[],"class_list":["post-7701","post","type-post","status-publish","format-standard","hentry","category-allgemein"],"_links":{"self":[{"href":"http:\/\/woiczik.de\/index.php?rest_route=\/wp\/v2\/posts\/7701"}],"collection":[{"href":"http:\/\/woiczik.de\/index.php?rest_route=\/wp\/v2\/posts"}],"about":[{"href":"http:\/\/woiczik.de\/index.php?rest_route=\/wp\/v2\/types\/post"}],"author":[{"embeddable":true,"href":"http:\/\/woiczik.de\/index.php?rest_route=\/wp\/v2\/users\/1"}],"replies":[{"embeddable":true,"href":"http:\/\/woiczik.de\/index.php?rest_route=%2Fwp%2Fv2%2Fcomments&post=7701"}],"version-history":[{"count":8,"href":"http:\/\/woiczik.de\/index.php?rest_route=\/wp\/v2\/posts\/7701\/revisions"}],"predecessor-version":[{"id":7737,"href":"http:\/\/woiczik.de\/index.php?rest_route=\/wp\/v2\/posts\/7701\/revisions\/7737"}],"wp:attachment":[{"href":"http:\/\/woiczik.de\/index.php?rest_route=%2Fwp%2Fv2%2Fmedia&parent=7701"}],"wp:term":[{"taxonomy":"category","embeddable":true,"href":"http:\/\/woiczik.de\/index.php?rest_route=%2Fwp%2Fv2%2Fcategories&post=7701"},{"taxonomy":"post_tag","embeddable":true,"href":"http:\/\/woiczik.de\/index.php?rest_route=%2Fwp%2Fv2%2Ftags&post=7701"}],"curies":[{"name":"wp","href":"https:\/\/api.w.org\/{rel}","templated":true}]}}