{"id":7791,"date":"2025-02-11T13:53:04","date_gmt":"2025-02-11T11:53:04","guid":{"rendered":"http:\/\/woiczik.de\/?p=7791"},"modified":"2025-02-11T15:28:01","modified_gmt":"2025-02-11T13:28:01","slug":"herthas-desaster-und-unions-ausrufezeichen","status":"publish","type":"post","link":"http:\/\/woiczik.de\/?p=7791","title":{"rendered":"Herthas Desaster und Unions Ausrufezeichen"},"content":{"rendered":"<p>Views: 210<\/p>\n<figure class=\"wp-block-embed is-type-video is-provider-youtube wp-block-embed-youtube wp-embed-aspect-16-9 wp-has-aspect-ratio\"><div class=\"wp-block-embed__wrapper\">\n<iframe loading=\"lazy\" title=\"Herthas Desaster, Unions Ausrufezeichen | Hauptstadtderby - der Union- und Hertha-Podcast\" width=\"584\" height=\"329\" src=\"https:\/\/www.youtube.com\/embed\/dtZNaO3g0sc?list=PL2Rn54bVHp6r5EzqxIcWOsBIE0lQnkgZY\" frameborder=\"0\" allow=\"accelerometer; autoplay; clipboard-write; encrypted-media; gyroscope; picture-in-picture; web-share\" referrerpolicy=\"strict-origin-when-cross-origin\" allowfullscreen><\/iframe>\n<\/div><figcaption class=\"wp-element-caption\">Zwischen Minute 27:00 und 31:00 bin ich auch mal wieder &#8222;im Wort zu h\u00f6ren&#8220;<\/figcaption><\/figure>\n\n\n\n<h2 class=\"wp-block-heading\">Damals war&#8217;s<\/h2>\n\n\n\n<figure class=\"wp-block-image size-large\"><a href=\"http:\/\/woiczik.de\/wp-content\/uploads\/2012\/12\/IMG0041.jpg\"><img loading=\"lazy\" decoding=\"async\" width=\"1024\" height=\"682\" src=\"http:\/\/woiczik.de\/wp-content\/uploads\/2012\/12\/IMG0041-1024x682.jpg\" alt=\"\" class=\"wp-image-765\" srcset=\"http:\/\/woiczik.de\/wp-content\/uploads\/2012\/12\/IMG0041-1024x682.jpg 1024w, http:\/\/woiczik.de\/wp-content\/uploads\/2012\/12\/IMG0041-300x200.jpg 300w, http:\/\/woiczik.de\/wp-content\/uploads\/2012\/12\/IMG0041-450x300.jpg 450w\" sizes=\"(max-width: 1024px) 100vw, 1024px\" \/><\/a><figcaption class=\"wp-element-caption\">Aktion in einem Spiel gegen Hertha BSC<\/figcaption><\/figure>\n\n\n\n<p><strong>Beim Ausr\u00e4umen meines Kellers<\/strong> kamen zahlreiche &#8222;Sch\u00e4tze&#8220; nach 35 Jahren zum Vorschein. So u.a. einige Fotos aus meiner leistungssportlichen Fu\u00dfballzeit samt Saisonr\u00fcckblicken von den<strong> gro\u00dfen Erfolgen mit dem BFC S\u00fcdring in der Jugend<\/strong>, ein <strong>Probetraining mit Markus Ganter beim SCC Berlin<\/strong>, der damals in die 2.Liga ausgestiegen war und meine Zeit beim <strong>Traber FC mit 13 Spielen in der 1.M\u00e4nner mit 19 Toren (damals Oberliga Berlin-dritth\u00f6chste Spielklasse in Deutschland)<\/strong> und das viel zu schnelle Karriereende im Jahr 1988 aufgrund einer Verletzung.<\/p>\n\n\n\n<p>   <\/p>\n\n\n\n<figure class=\"wp-block-image size-large\"><a href=\"http:\/\/woiczik.de\/wp-content\/uploads\/2012\/12\/IMG_0001.jpg\"><img loading=\"lazy\" decoding=\"async\" width=\"1024\" height=\"678\" src=\"http:\/\/woiczik.de\/wp-content\/uploads\/2012\/12\/IMG_0001-1024x678.jpg\" alt=\"\" class=\"wp-image-758\" srcset=\"http:\/\/woiczik.de\/wp-content\/uploads\/2012\/12\/IMG_0001-1024x678.jpg 1024w, http:\/\/woiczik.de\/wp-content\/uploads\/2012\/12\/IMG_0001-300x198.jpg 300w, http:\/\/woiczik.de\/wp-content\/uploads\/2012\/12\/IMG_0001-452x300.jpg 452w\" sizes=\"(max-width: 1024px) 100vw, 1024px\" \/><\/a><figcaption class=\"wp-element-caption\">ich bei einem Spiel im Berliner Olympiastadion <\/figcaption><\/figure>\n\n\n\n<h2 class=\"wp-block-heading\">Spiele gegen Hertha BSC<\/h2>\n\n\n\n<p>In der Jugend habe ich u.a. im ersten A-Jugendjahr (vor meinem Wechsel zum Traber FC) mit dem BFC S\u00fcdring gegen Hertha BSC (mit u.a. Torsten Gowitzke, Taskin Aksoy, Aksakal) im VBB- Pokalachtelfinale gespielt. Bis 10 Minuten vor Schluss f\u00fchrten wir noch 1:0 verloren aber dann noch 1:5 in der Verl\u00e4ngerung.  <\/p>\n\n\n\n<h2 class=\"wp-block-heading\">In der Oberliga<\/h2>\n\n\n\n<p>I<strong>n zwei Spielzeiten spielte ich auch in der Liga gegen den Berliner Traditionsverein<\/strong>, bevor meine Karriere leider fiel zu schnell auf Grund einer Knieverletzung ein j\u00e4hes Ende fand. <\/p>\n\n\n\n<p><strong>Hier die Saison\u00fcberblicke auf Wikipedia:<\/strong><\/p>\n\n\n\n<p><a href=\"https:\/\/de.wikipedia.org\/wiki\/Fu%C3%9Fball-Oberliga_Berlin_1985\/86\">https:\/\/de.wikipedia.org\/wiki\/Fu%C3%9Fball-Oberliga_Berlin_1985\/86<\/a><\/p>\n\n\n\n<p><a href=\"https:\/\/de.wikipedia.org\/wiki\/Fu%C3%9Fball-Oberliga_Berlin_1986\/87\">https:\/\/de.wikipedia.org\/wiki\/Fu%C3%9Fball-Oberliga_Berlin_1986\/87<\/a><\/p>\n\n\n\n<p><\/p>\n","protected":false},"excerpt":{"rendered":"<p>Views: 210 Damals war&#8217;s Beim Ausr\u00e4umen meines Kellers kamen zahlreiche &#8222;Sch\u00e4tze&#8220; nach 35 Jahren zum Vorschein. So u.a. einige Fotos aus meiner leistungssportlichen Fu\u00dfballzeit samt Saisonr\u00fcckblicken von den gro\u00dfen Erfolgen mit dem BFC S\u00fcdring in der Jugend, ein Probetraining mit &hellip; <a href=\"http:\/\/woiczik.de\/?p=7791\">Weiterlesen <span class=\"meta-nav\">&rarr;<\/span><\/a><\/p>\n","protected":false},"author":1,"featured_media":0,"comment_status":"open","ping_status":"open","sticky":false,"template":"","format":"standard","meta":{"footnotes":""},"categories":[1],"tags":[],"class_list":["post-7791","post","type-post","status-publish","format-standard","hentry","category-allgemein"],"_links":{"self":[{"href":"http:\/\/woiczik.de\/index.php?rest_route=\/wp\/v2\/posts\/7791"}],"collection":[{"href":"http:\/\/woiczik.de\/index.php?rest_route=\/wp\/v2\/posts"}],"about":[{"href":"http:\/\/woiczik.de\/index.php?rest_route=\/wp\/v2\/types\/post"}],"author":[{"embeddable":true,"href":"http:\/\/woiczik.de\/index.php?rest_route=\/wp\/v2\/users\/1"}],"replies":[{"embeddable":true,"href":"http:\/\/woiczik.de\/index.php?rest_route=%2Fwp%2Fv2%2Fcomments&post=7791"}],"version-history":[{"count":5,"href":"http:\/\/woiczik.de\/index.php?rest_route=\/wp\/v2\/posts\/7791\/revisions"}],"predecessor-version":[{"id":7799,"href":"http:\/\/woiczik.de\/index.php?rest_route=\/wp\/v2\/posts\/7791\/revisions\/7799"}],"wp:attachment":[{"href":"http:\/\/woiczik.de\/index.php?rest_route=%2Fwp%2Fv2%2Fmedia&parent=7791"}],"wp:term":[{"taxonomy":"category","embeddable":true,"href":"http:\/\/woiczik.de\/index.php?rest_route=%2Fwp%2Fv2%2Fcategories&post=7791"},{"taxonomy":"post_tag","embeddable":true,"href":"http:\/\/woiczik.de\/index.php?rest_route=%2Fwp%2Fv2%2Ftags&post=7791"}],"curies":[{"name":"wp","href":"https:\/\/api.w.org\/{rel}","templated":true}]}}