{"id":7841,"date":"2025-03-19T08:21:01","date_gmt":"2025-03-19T06:21:01","guid":{"rendered":"http:\/\/woiczik.de\/?p=7841"},"modified":"2026-03-16T07:47:01","modified_gmt":"2026-03-16T05:47:01","slug":"uniper-duesseldorf-marathon-am-27-04-2025","status":"publish","type":"post","link":"http:\/\/woiczik.de\/?p=7841","title":{"rendered":"Uniper D\u00fcsseldorf Marathon am 27.04.2025"},"content":{"rendered":"<p>Views: 891<\/p>\n<ol class=\"wp-block-list\">\n<li>Die Geschichte vom D\u00fcsseldorf-Marathon<\/li>\n\n\n\n<li>Zwei Lebensl\u00e4ufer in Gespr\u00e4ch (Interview mit Jan Fitschen)<\/li>\n\n\n\n<li>Wie l\u00e4uft das Training?<\/li>\n\n\n\n<li>Das \u201eRunning-Weekend\u201c in D\u00fcsseldorf inkl. YouTube Video <\/li>\n\n\n\n<li>Mein Lauf <\/li>\n\n\n\n<li>Das Fazit zur Veranstaltung und zu meinem Lauf <\/li>\n<\/ol>\n\n\n\n<figure class=\"wp-block-gallery has-nested-images columns-default is-cropped wp-block-gallery-1 is-layout-flex wp-block-gallery-is-layout-flex\">\n<figure class=\"wp-block-image size-large\"><a href=\"http:\/\/woiczik.de\/wp-content\/uploads\/2025\/03\/1920_rz-logo-dus-marathon-2025-positiv.jpg\"><img loading=\"lazy\" decoding=\"async\" width=\"1024\" height=\"410\" data-id=\"7829\" src=\"http:\/\/woiczik.de\/wp-content\/uploads\/2025\/03\/1920_rz-logo-dus-marathon-2025-positiv-1024x410.jpg\" alt=\"\" class=\"wp-image-7829\" srcset=\"http:\/\/woiczik.de\/wp-content\/uploads\/2025\/03\/1920_rz-logo-dus-marathon-2025-positiv-1024x410.jpg 1024w, http:\/\/woiczik.de\/wp-content\/uploads\/2025\/03\/1920_rz-logo-dus-marathon-2025-positiv-300x120.jpg 300w, http:\/\/woiczik.de\/wp-content\/uploads\/2025\/03\/1920_rz-logo-dus-marathon-2025-positiv-768x307.jpg 768w, http:\/\/woiczik.de\/wp-content\/uploads\/2025\/03\/1920_rz-logo-dus-marathon-2025-positiv-1536x614.jpg 1536w, http:\/\/woiczik.de\/wp-content\/uploads\/2025\/03\/1920_rz-logo-dus-marathon-2025-positiv-500x200.jpg 500w, http:\/\/woiczik.de\/wp-content\/uploads\/2025\/03\/1920_rz-logo-dus-marathon-2025-positiv.jpg 1920w\" sizes=\"(max-width: 1024px) 100vw, 1024px\" \/><\/a><\/figure>\n<\/figure>\n\n\n\n<ol class=\"wp-block-list\">\n<li><strong>Die Geschichte vom D\u00fcsseldorf-Marathon<\/strong><\/li>\n<\/ol>\n\n\n\n<p>Der D\u00fcsseldorf-Marathon (nach dem Hauptsponsor ab 2025 offiziell Uniper D\u00fcsseldorf Marathon genannt; bis 2019 METRO Group Marathon) ist ein Marathon in D\u00fcsseldorf, der von 2003 bis 2011 Anfang Mai und von 2012 bis 2019 Ende April stattfand. Ab 2025 wird er wieder ausgetragen. Initiator des D\u00fcsseldorf-Marathons war Jan Henning Winschermann, der zu diesem Zweck 2001 den organisierenden Verein Rhein-Marathon-D\u00fcsseldorf e. V. gegr\u00fcndet hat. F\u00fcr diesen Verein liefen auch die deutschen Leichtathleten Carsten Eich und Andr\u00e9 Pollm\u00e4cher.<\/p>\n\n\n\n<p>Nach der \u00dcbernahme der Veranstaltung durch die belgische Golazo-Gruppe im Jahr 2016 schied das urspr\u00fcngliche Organisationsteam im Jahr 2018 komplett aus.<\/p>\n\n\n\n<p>In den Jahren 2018 und 2019 fanden im Rahmen des D\u00fcsseldorf-Marathons die Deutschen Marathon-Meisterschaften statt.<\/p>\n\n\n\n<p>Nach der sechsj\u00e4hrigen Pause findet die n\u00e4chste Austragung am 27. April 2025 statt. Das Unternehmen Uniper wird f\u00fcr mindestens drei Jahre als Namensgeber fungieren. Organisiert und durchgef\u00fchrt wird die Veranstaltung im Jahr 2025 von der st\u00e4dtischen Veranstaltungstochter D.LIVE.<\/p>\n\n\n\n<p><strong>Welche Topl\u00e4ufer*Innen waren bislang in D\u00fcsseldorf am Start?<\/strong><\/p>\n\n\n\n<figure class=\"wp-block-gallery has-nested-images columns-default is-cropped wp-block-gallery-2 is-layout-flex wp-block-gallery-is-layout-flex\">\n<figure class=\"wp-block-image size-large\"><a href=\"http:\/\/woiczik.de\/wp-content\/uploads\/2025\/03\/nw_160424_1013-11.jpg\"><img loading=\"lazy\" decoding=\"async\" width=\"1000\" height=\"699\" data-id=\"7830\" src=\"http:\/\/woiczik.de\/wp-content\/uploads\/2025\/03\/nw_160424_1013-11.jpg\" alt=\"\" class=\"wp-image-7830\" srcset=\"http:\/\/woiczik.de\/wp-content\/uploads\/2025\/03\/nw_160424_1013-11.jpg 1000w, http:\/\/woiczik.de\/wp-content\/uploads\/2025\/03\/nw_160424_1013-11-300x210.jpg 300w, http:\/\/woiczik.de\/wp-content\/uploads\/2025\/03\/nw_160424_1013-11-768x537.jpg 768w, http:\/\/woiczik.de\/wp-content\/uploads\/2025\/03\/nw_160424_1013-11-429x300.jpg 429w\" sizes=\"(max-width: 1000px) 100vw, 1000px\" \/><\/a><figcaption class=\"wp-element-caption\">Bild vom Veranstalter<\/figcaption><\/figure>\n<\/figure>\n\n\n\n<p><strong>Bei den M\u00e4nnern:<\/strong> <strong>Gilbert Yegon<\/strong> (2:06:18 h\/Amsterdam 2009)-<strong>Japhet Kosgei Kipkorir <\/strong>(2.Platz New York City Marathon 2000 und 2001\/Sieger Tokyo Marathon 2000) und aus Deutschland <strong>Hendrik Pfeiffer<\/strong> und <strong>Jan Fitschen<\/strong> und <strong>bei den Frauen:<\/strong> <strong>Agnes Jeruto Barsosio<\/strong> (Marathon: 2:20:59 h, 9. April 2017, Paris),  <strong>Wolha Masuronak <\/strong>(BLR) (Olympia-F\u00fcnfte 2016 und Marathon-Europameisterin 2018 in Berlin).<\/p>\n\n\n\n<figure class=\"wp-block-gallery has-nested-images columns-default is-cropped wp-block-gallery-3 is-layout-flex wp-block-gallery-is-layout-flex\">\n<figure class=\"wp-block-image size-large\"><a href=\"http:\/\/woiczik.de\/wp-content\/uploads\/2025\/03\/Strecke_2008_Pfade.jpg\"><img loading=\"lazy\" decoding=\"async\" width=\"1024\" height=\"842\" data-id=\"7831\" src=\"http:\/\/woiczik.de\/wp-content\/uploads\/2025\/03\/Strecke_2008_Pfade-1024x842.jpg\" alt=\"\" class=\"wp-image-7831\" srcset=\"http:\/\/woiczik.de\/wp-content\/uploads\/2025\/03\/Strecke_2008_Pfade-1024x842.jpg 1024w, http:\/\/woiczik.de\/wp-content\/uploads\/2025\/03\/Strecke_2008_Pfade-300x247.jpg 300w, http:\/\/woiczik.de\/wp-content\/uploads\/2025\/03\/Strecke_2008_Pfade-768x632.jpg 768w, http:\/\/woiczik.de\/wp-content\/uploads\/2025\/03\/Strecke_2008_Pfade-1536x1263.jpg 1536w, http:\/\/woiczik.de\/wp-content\/uploads\/2025\/03\/Strecke_2008_Pfade-365x300.jpg 365w, http:\/\/woiczik.de\/wp-content\/uploads\/2025\/03\/Strecke_2008_Pfade.jpg 1830w\" sizes=\"(max-width: 1024px) 100vw, 1024px\" \/><\/a><figcaption class=\"wp-element-caption\">Streckenrekorde<\/figcaption><\/figure>\n<\/figure>\n\n\n\n<p><strong>M\u00e4nner<\/strong>: 2:07:48 h, Dereje Debele Tulu (ETH), 2013 <\/p>\n\n\n\n<p><strong>Frauen:<\/strong> 2:25:25 h, Wolha Masuronak (BLR), 2018<\/p>\n\n\n\n<h2 class=\"wp-block-heading\">2. Zwei Lebensl\u00e4ufer in Gespr\u00e4ch (Interview mit Jan Fitschen)<\/h2>\n\n\n\n<p><a href=\"https:\/\/www.freizeitpark-welt.de\/index_news.php?id=2&amp;nid=5737\">https:\/\/www.freizeitpark-welt.de\/index_news.php?id=2&amp;nid=5737<\/a><\/p>\n\n\n\n<p>Von Andrej Woiczik<\/p>\n\n\n\n<p><strong>Redakteur Andrej Woiczik l\u00e4uft leidenschaftlich gern und ist bereits bei zahlreichen Lauf-Veranstaltungen, z.B. beim&nbsp;<a target=\"_blank\" href=\"https:\/\/www.freizeitpark-welt.de\/freizeitparks\/disneys_magic_kingdom\/news\/walt-disney-world-marathon-am-08012023-n4884\" rel=\"noreferrer noopener\">Disney-Marathon in der Walt Disney World<\/a>, gewesen. Genau diese Leidenschaft verbindet ihn mit Jan Fitschen, der als ehemaliger Langstreckenl\u00e4ufer auch heute noch bei zahlreichen Lauf-Veranstaltungen dabei und als Influencer in den Socials aktiv ist. Doch auch Freizeitparks sind f\u00fcr Jan Fitschen kein Neuland&#8230;<\/strong><\/p>\n\n\n\n<p><\/p>\n\n\n\n<p>Jan Fitschen ist nicht nur bekannt als erfolgreicher ehemaliger Langstreckenl\u00e4ufer und Europameister \u00fcber 10.000 Meter (25 Runden auf der 400 Meter Laufbahn) , sondern mittlerweile auch als Autor und Deutschlands Laufinfluencer Nummer 1 (siehe auch&nbsp;<a target=\"_blank\" href=\"https:\/\/janfitschen.de\/\" rel=\"noreferrer noopener\">janfitschen.de<\/a>). Mit seinem Buch \u201eWunderl\u00e4uferland Kenia: Die Geheimnisse der erfolgreichsten Langstreckenl\u00e4ufer der Welt\u201c \u00fcber die L\u00e4ufer-Nation Kenia tourt er schon seit fast einer Dekade durch Deutschland und erz\u00e4hlt auf Events \u00fcber seine Kenia-Erfahrungen und seine Erkenntnisse als Profil\u00e4ufer.<\/p>\n\n\n\n<p>Besonders in den Jahren 2001 bis 2013 erzielte Jan gro\u00dfe Erfolge auf nationaler und internationaler Ebene. 2006 gewann er u.a. sogar die Goldmedaille bei den Europameisterschaften im schwedischen G\u00f6teborg im 10.000 Meter Lauf und \u00fcberraschte damit die L\u00e4uferwelt. Besonders dieser Sieg verhalf Jan Fitschen zu gro\u00dfer Bekanntheit in der deutschen Lauf-Szene und in seinem sp\u00e4teren Berufsleben konnte er diesen Erfolg auch \u201egewinnbringend\u201c einsetzen. 2013 verabschiedete sich Jan offiziell vom Leistungssport. Heute ist er sehr vielseitig unterwegs, l\u00e4uft als Freizeitl\u00e4ufer noch bei Marathonveranstaltungen in New York und Berlin (bislang immer noch unter 3 Stunden), schreibt, h\u00e4lt Vortr\u00e4ge, gibt Seminare, ist ein \u201eLaufinfluencer\u201c mit dem beliebten Laufpodcast&nbsp;<a target=\"_blank\" href=\"https:\/\/open.spotify.com\/show\/4BWwfRVdpdVTNM6eXYsawW\" rel=\"noreferrer noopener\">\u201eLaufen ist einfach\u201c<\/a>&nbsp;und veranstaltet mit Reiseveranstaltern Laufreisen nach u.a. Kenia, Zypern, New York f\u00fcr L\u00e4ufer.<\/p>\n\n\n\n<p>Der zweite Gespr\u00e4chspartner ist Andrej Woiczik. Er besucht seit fr\u00fchester Kindheit Freizeitparks in aller Welt (bislang sind es 140 Freizeitparks). Seine Erfahrungen, Erlebnisse und Eindr\u00fccke fasst er seit 2009 (in seiner Freizeit) f\u00fcr Freizeitpark-Welt.de in als freier Redakteur zusammen und pr\u00e4sentiert Freizeitparks aus aller Welt. Mitte der 80er spielte er u.a. in der dritth\u00f6chsten deutschen Fu\u00dfballliga beim Traber FC Berlin und er l\u00e4uft (und sprang) seit seinem zehnten Lebensjahr. In seiner Jugend sprang er mit 16 Jahren bereits 6,75 Meter beim Finale von \u201eJugend trainiert f\u00fcr Olympia\u201c im Berliner Olympiastadion und lief die 100 Meter im selben Jahr (1984) in 11,3 Sekunden. Der im Jahr 1968 geborene Interviewpartner l\u00e4uft auch im Alter noch (wenn gleich einiges langsamer) und nahm an zahlreichen Welt-, Europa- und Deutschen Meisterschaften teil und wurde in der Altersklasse M50 im Jahr 2022 in Arlington (USA) bei den Weltmeisterschaften Dritter \u00fcber 5 km.<\/p>\n\n\n\n<figure class=\"wp-block-image\"><a href=\"https:\/\/www.freizeitpark-welt.de\/freizeitparks\/centro_park\/fotos\/presse\/20250110_083709_5.jpg\"><img decoding=\"async\" src=\"https:\/\/www.freizeitpark-welt.de\/freizeitparks\/centro_park\/fotos\/presse\/20250110_083709_5_medium.jpg\" alt=\"fitschen_woiczik.jpg\"\/><\/a><\/figure>\n\n\n\n<h4 class=\"wp-block-heading\">Das Interview<\/h4>\n\n\n\n<p><strong>Andrej<\/strong>: Hallo Jan, ich freue mich Dich f\u00fcr dieses kurze Gespr\u00e4ch gewonnen zu haben! In den sozialen Medien konnte man Dich mit Deiner Familie in der Vergangenheit auch bei Besuchen in einigen europ\u00e4ischen Freizeitparks sehen. Bist Du ein Freizeitparkfan und seit wann besuchst Du bereits Freizeitparks?<\/p>\n\n\n\n<p><strong>Jan<\/strong>: Hallo Andrej, danke dir f\u00fcr die Einladung. Als Kind war ich regelm\u00e4\u00dfig in Freizeitsparks doch als ich dann mit dem Hochleistungssport angefangen habe, fehlte mir dazu die Zeit. Jetzt haben wir 3 Kinder und das Thema Freizeitpark r\u00fcckt wieder mehr in den Mittelpunkt. Es ist einfach super zu sehen, wie sich die Kinder \u00fcber die Attraktionen freuen und sie mit ihnen gemeinsam zu erleben.<\/p>\n\n\n\n<p><strong>Andrej<\/strong>: Was sind Deine Lieblingsfreizeitparks und welche Attraktionen gefallen Dir besonders gut?<\/p>\n\n\n\n<p><strong>Jan<\/strong>: Im letzten Jahr waren wir im&nbsp;<a target=\"_blank\" href=\"https:\/\/www.freizeitpark-welt.de\/freizeitparks\/legoland_deutschland\/\" rel=\"noreferrer noopener\">Legoland in G\u00fcnzburg<\/a>. Das war spitze. Die Piraten-Welt und besonders das Ninjago Erlebnis war genial. Da wir oft mit dem Wohnmobil reisen, finden wir aber auch&nbsp;<a target=\"_blank\" href=\"https:\/\/www.freizeitpark-welt.de\/freizeitparks\/duinrell\/\" rel=\"noreferrer noopener\">Duinrell<\/a>, einen etwas kleineren und \u00e4lteren Park in den Niederlanden sehr sch\u00f6n. Da steht man mit dem Camper quasi direkt an den Fahrgesch\u00e4ften und es ist f\u00fcr alle Altersklassen was dabei. Auch der Playmobil Funpark hat uns sehr viel Spa\u00df gemacht.<\/p>\n\n\n\n<p><strong>Andrej<\/strong>: Kannst Du Dir einmal auch vorstellen beim Walt Disney World Marathon in Orlando (USA) an den Start zu \u201egehen\u201c oder L\u00e4uferreisen mit Laufwettk\u00e4mpfen in Freizeitparks zu organisieren?<\/p>\n\n\n\n<p><strong>Jan<\/strong>: Definitiv, das w\u00e4re eine super Sache. Derzeit bin ich allerdings mit meinen Camps in Kenia, auf Zypern und am Fleesensee stark ausgebucht. Da muss ich etwas aufpassen, dass es nicht zu viel wird, weil ich bei den meisten Sachen die Familie nicht mitnehmen kann. Vielleicht aber mal was entspanntes in Deutschland oder Paris? Und dann mit Familie? Sowas w\u00e4re genial.<\/p>\n\n\n\n<p><strong>Andrej<\/strong>: Wie sieht momentan Dein Trainings- bzw. Laufalltag aus? Wie oft und lange schaffst Du es laufen \u201ezu gehen\u201c und wie bringst Du das Laufen im Arbeitsalltag unter?<\/p>\n\n\n\n<p><strong>Jan<\/strong>: Tats\u00e4chlich laufe ich sehr viel weniger als fr\u00fcher. Da habe ich 2 Einheiten am Tag und bis zu 230km \/ Woche gemacht. Jetzt sind es nur noch 2-3 L\u00e4ufe pro Woche und nichts Zielgerichtetes. Ich bin einfach entspannter Freizeitl\u00e4ufer und nehme ab und zu an einem Wettkampf Teil. Als Selbstst\u00e4ndiger kann ich mir meine Zeit frei einteilen und das Laufen ist ja sogar nach wie vor ein wichtiger Teil meines Jobs. Ich mache kaum einen Dauerlauf, ohne dabei ein kleines Filmchen f\u00fcr Instagram zu drehen oder mir dabei ein Thema f\u00fcr den n\u00e4chsten Podcast zu \u00fcberlegen. So gehen Beruf und Hobby Hand in Hand. Das ist klasse und ich bin daf\u00fcr sehr dankbar.<\/p>\n\n\n\n<p><strong>Andrej<\/strong>: Du f\u00e4hrst schon seit Jahrzehnten nach Kenia, in das Land aus dem die besten Langstreckenl\u00e4ufer der Welt kommen. Viele Jahre hast Du dort regelm\u00e4\u00dfig als Laufprofi trainiert und Dich hat das Land gepackt. Vor fast 10 Jahren hast Du als Kenia-Experte sogar ein Buch \u00fcber das Ph\u00e4nomen der kenianischen L\u00e4ufer geschrieben: Wunderl\u00e4uferland Kenia: Die Geheimnisse der erfolgreichsten Langstreckenl\u00e4ufer der Welt * und bist damit Bestseller-Autor geworden. Was macht f\u00fcr Dich den Reiz von Kenia aus? Was beeindruckt Dich an den kenianischen L\u00e4ufern am meisten?<\/p>\n\n\n\n<p><strong>Jan<\/strong>: Ein Bestseller ist das Buch tats\u00e4chlich nicht geworden, daf\u00fcr ist es doch zu sehr in der Nische angesiedelt ;-). Aber ja, momentan ist die vierte Auflage am Start und mit dem Buch, den Vortr\u00e4gen und der Lauferlebnisreise dazu, ist das Thema Kenia f\u00fcr mich extrem spannend. Bei den L\u00e4ufern aus Kenia fasziniert mich besonders die Kombination aus totaler Entspanntheit und dann aber knallhartem Willen, wenn es darauf ankommt. Davon k\u00f6nnen wir uns einiges abschauen. Wenn ich einmal im Jahr in Kenia bin, begeistere ich mich immer sehr \u00fcber die Freundlichkeit der Menschen. Au\u00dferdem ist bei der Reise auch noch die Lauflegende Herbert Steffny mit dabei und mit unserem dritten Coach Oliver Hoffmann, sind wir ein klasse Team und die Teilnehmer haben eine wundersch\u00f6ne Zeit.<\/p>\n\n\n\n<p><strong>Andrej<\/strong>: Nicht nur das Training, die Einstellung zum Laufen und die neuen Carbonschuhe f\u00fchren dazu, dass einige Frauen nun schon schneller als Du den Marathon in Deinen besten Zeiten gelaufen sind, sondern auch die Einnahme von verbotenen Substanzen, sprich die Einnahme von Dopingmitteln. Wie siehst Du diese Problematik?<\/p>\n\n\n\n<p><strong>Jan<\/strong>: Doping ist und war schon immer ein gro\u00dfes Problem im Sport. Nicht nur im Laufsport und \u00fcbrigens auch nicht nur im Hochleistungssport. Ich bin \u00fcberzeugt davon, dass nicht alle der momentanen Spitzenleistungen sauber zustande kommen. Auf welche Leistungen das aber genau zutrifft, da kann ich auch nur raten. Solange weiterhin in erster Linie die Athleten und nicht noch viel, viel st\u00e4rker auch die Hinterm\u00e4nner wie Trainer, Betreuer und \u00c4rzte viel h\u00e4rter bestraft und konsequenter verfolgt werden, wird sich nicht viel \u00e4ndern.<\/p>\n\n\n\n<p><strong>Andrej<\/strong>: Planst Du ein neues Buch und wenn ja wann soll es auf den Markt kommen?<\/p>\n\n\n\n<p><strong>Jan<\/strong>: Gerne w\u00fcrde ich ein passendes Buch zu meinem Laufeinsteiger-Projekt schreiben, das ich vor einigen Jahren online gestartet habe. Unter&nbsp;<a target=\"_blank\" href=\"https:\/\/laufenisteinfach.de\/\" rel=\"noreferrer noopener\">laufenisteinfach.de<\/a>&nbsp;kann sich jeder kostenlos anmelden und mit mir den ersten 10km-Lauf am St\u00fcck angehen. Da ich aber mit der Familie und den derzeitigen Aufgaben einiges um die Ohren habe, wird es mit dem neuen Buch wohl noch etwas dauern.<\/p>\n\n\n\n<p>Vielen Dank Jan, dass Du Dir die Zeit genommen hast meine 7 Fragen zu beantworten!<\/p>\n\n\n\n<p><strong>3. Wie l\u00e4uft das Training?<\/strong><\/p>\n\n\n\n<h2 class=\"wp-block-heading\"><strong>So lief das Training von Ende Dezember bis zum 23.03.2025 (die ersten 12 Wochen)<\/strong><\/h2>\n\n\n\n<p>Mit <strong>84,5 kg K\u00f6rpergewicht <\/strong>und mit 66,16 Laufkilometern starte ich in die erste Woche der Vorbereitung Ende Dezember 2024, welche ich zusammen mit meinem <strong>Training Christian <\/strong>ausgearbeitet hatte. <strong>Derzeit wiege ich 81,6 kg<\/strong> und habe <strong>in den ersten zw\u00f6lf Wochen<\/strong> der Vorbereitung auf den Wettkampf in D\u00fcsseldorf  <strong>632,1 Laufkilometer (52,68 km pro Woche)<\/strong> absolviert. Durch <strong>gesundheitliche Malessen<\/strong> konnte ich die geplanten 650 Laufkilometer leider nicht erreichen. <\/p>\n\n\n\n<div class=\"wp-block-media-text is-stacked-on-mobile\"><figure class=\"wp-block-media-text__media\"><img loading=\"lazy\" decoding=\"async\" width=\"768\" height=\"1024\" src=\"http:\/\/woiczik.de\/wp-content\/uploads\/2024\/12\/IMG_20241212_075714150-768x1024.jpg\" alt=\"\" class=\"wp-image-7672 size-full\" srcset=\"http:\/\/woiczik.de\/wp-content\/uploads\/2024\/12\/IMG_20241212_075714150-768x1024.jpg 768w, http:\/\/woiczik.de\/wp-content\/uploads\/2024\/12\/IMG_20241212_075714150-225x300.jpg 225w, http:\/\/woiczik.de\/wp-content\/uploads\/2024\/12\/IMG_20241212_075714150-1152x1536.jpg 1152w, http:\/\/woiczik.de\/wp-content\/uploads\/2024\/12\/IMG_20241212_075714150-1536x2048.jpg 1536w, http:\/\/woiczik.de\/wp-content\/uploads\/2024\/12\/IMG_20241212_075714150-scaled.jpg 1920w\" sizes=\"(max-width: 768px) 100vw, 768px\" \/><\/figure><div class=\"wp-block-media-text__content\">\n<p>13 l\u00e4ngere L\u00e4ufe \u00fcber 15 km (meist mit meinem <strong>Laufpartner Danie<\/strong>l) mit 238,03 Laufkilometern (37,66% des gesamten Lauftrainings) und im <strong>Schwellenbereich (Puls 140\/145)<\/strong> lief ich 13,44 %). Dazu kommen 193 km auf dem Rad bzw. Speed Bike, sowie 21:05 Stunden Kr\u00e4ftigung\/Athletiktraining\/Dehnen. Einige Einheiten finden davon in der <strong>Praxis bei Frau Mickmann<\/strong> statt.  Mein Ziel in D\u00fcsseldorf im Halbmarathon eine Zielzeit zwischen 1:42:58 h und 1:45:58 h zu erreichen ist weiterhin realistisch. Derzeit ist &#8222;meine Leistungsst\u00e4rke&#8220; bei 1:46:58 h<\/p>\n<\/div><\/div>\n\n\n\n<h2 class=\"wp-block-heading\">So lief das Training bis zum 21.04.<\/h2>\n\n\n\n<p>Es ist geschafft- die Vorbereitung ist abgeschlossen und ich muss nun gesund bis an die Startlinie in D\u00fcsseldorf kommen. <\/p>\n\n\n\n<figure class=\"wp-block-gallery has-nested-images columns-default is-cropped wp-block-gallery-4 is-layout-flex wp-block-gallery-is-layout-flex\">\n<figure class=\"wp-block-image size-large\"><a href=\"http:\/\/woiczik.de\/wp-content\/uploads\/2025\/04\/487453952_122167653860289988_2297810177678304465_n.jpg\"><img loading=\"lazy\" decoding=\"async\" width=\"819\" height=\"1024\" data-id=\"7858\" src=\"http:\/\/woiczik.de\/wp-content\/uploads\/2025\/04\/487453952_122167653860289988_2297810177678304465_n-819x1024.jpg\" alt=\"\" class=\"wp-image-7858\" srcset=\"http:\/\/woiczik.de\/wp-content\/uploads\/2025\/04\/487453952_122167653860289988_2297810177678304465_n-819x1024.jpg 819w, http:\/\/woiczik.de\/wp-content\/uploads\/2025\/04\/487453952_122167653860289988_2297810177678304465_n-240x300.jpg 240w, http:\/\/woiczik.de\/wp-content\/uploads\/2025\/04\/487453952_122167653860289988_2297810177678304465_n-768x960.jpg 768w, http:\/\/woiczik.de\/wp-content\/uploads\/2025\/04\/487453952_122167653860289988_2297810177678304465_n.jpg 1080w\" sizes=\"(max-width: 819px) 100vw, 819px\" \/><\/a><\/figure>\n<\/figure>\n\n\n\n<p>In der 16 Wochen andauernden Vorbereitung bin ich von geplanten 875 km sogar<strong> 874,12 km gelaufen <\/strong>(Wochendurchschnitt: <strong>54,63 km<\/strong>). Im Schwellenbereich habe ich 12,70% und im Ausdauerbereich (\u00fcber 90 Minuten) 38,16 % trainiert. 18 l\u00e4ngere Laufeinheiten \u00fcber 90 Minuten absolvierte ich. Dazu <strong>384 km Radkilometer<\/strong> (Grave-Bike und Speed Bike) und <strong>27 h Kraft-und Dehnprogramme.  <\/strong>Die prognostizierte Laufzeit f\u00fcr die 21,1 km lag beim Abschluss der Vorbereitung bei 1:41:10 h bis 1:44:00 h. Ich bin f\u00fcr meine nunmehr 57 Jahre gut vorbereitet f\u00fcr eine Laufzeit um 1:45 h und nun hat die Tapering-Phase seit gestern begonnen (21.4). Gesund an die Startlinie kommen und dann den Lauf in D\u00fcsseldorf genie\u00dfen.    <\/p>\n\n\n\n<figure class=\"wp-block-embed is-type-video is-provider-youtube wp-block-embed-youtube wp-embed-aspect-16-9 wp-has-aspect-ratio\"><div class=\"wp-block-embed__wrapper\">\n<iframe loading=\"lazy\" title=\"Uniper D\u00fcsseldorf Marathon, 27.04.2025\" width=\"584\" height=\"329\" src=\"https:\/\/www.youtube.com\/embed\/aEbGflexnSc?feature=oembed\" frameborder=\"0\" allow=\"accelerometer; autoplay; clipboard-write; encrypted-media; gyroscope; picture-in-picture; web-share\" referrerpolicy=\"strict-origin-when-cross-origin\" allowfullscreen><\/iframe>\n<\/div><figcaption class=\"wp-element-caption\">Live bzw. nach dem 27.4.2025 als Aufzeichnung <\/figcaption><\/figure>\n\n\n\n<p>4. <strong>Das \u201eRunning-Weekend\u201c in D\u00fcsseldorf inkl. YouTube Video <\/strong><\/p>\n\n\n\n<p><strong>Rekordzahlen auf beim Comeback des Marathons in D\u00fcsseldorf<\/strong><\/p>\n\n\n\n<p><strong>Mehr als 16.000 Teilnehmer<\/strong> sind beim ersten von D.SPORTS in Eigenregie organisierten und durchgef\u00fchrten Marathon am 27. April mit dabei. Mit 4.200 Anmeldungen f\u00fcr den Marathonlauf und 6.300 Anmeldungen f\u00fcr den Halbmarathon gibt es dabei absolute Rekordteilnehmerzahlen f\u00fcr D\u00fcsseldorf zu vermelden. Auf der YouTube-Seite von D.SPORTS und der Homepage des Uniper D\u00fcsseldorf Marathon wird ab 8 Uhr ein Livestream zu sehen sein, dessen Schwerpunkt auf dem Halbmarathon- und Marathon-Rennen der Profis liegt. Nachfolgend sind alle weiteren wichtigen Informationen rund um den Uniper D\u00fcsseldorf Marathon 2025 kompakt zusammengefasst. <\/p>\n\n\n\n<p>Trotz den Weltklasse-Marathon-Elite-Startfeldern, am gleichen Tag wie der D\u00fcsseldorf Marathon, in London, Hamburg und Madrid konnte Race-Direktor <strong>PHILIPP KOPP<\/strong> ein gutes Elitefeld zusammenstellen.<\/p>\n\n\n\n<p>Im <strong>Halbmarathon<\/strong> geht mit <strong>Esther Pfeiffer<\/strong> die Meisterin von 2024 und 2025 \u00fcber die 21,1 km an den Start. Begleitet wird sie von ihrem Mann <strong>Hendrik<\/strong>, der nach einer Fu\u00dfoperation erstmals wieder am Start sein wird. <\/p>\n\n\n\n<p>Im <strong>Marathon <\/strong>sind neben drei Kenianerinnen mit Bestzeiten zwischen 2:29 und 2:38 h (u.a. Peniah JEROP 2:29:06 h) mit <strong>Miriam Dattke<\/strong> die EM Vierte von 2022 und Team Europameisterin und <strong>Laura Hottenrott<\/strong> zwei deutsche Topl\u00e4uferin am Start. Die Topfavoritin ist <strong>Fiona O\u2019Keeffe<\/strong> aus den USA mit einer PB von 2:22:10 h (HM :67:10).<\/p>\n\n\n\n<p>Im M\u00e4nner sind einige gute Kenianer \u201eder zweiten Garde\u201c mit MUTISO, Benson Nzioki (PB: 2:10:23), Jackson Kemboi RUTTO (PB: 2:12:02) und &nbsp;Rugut KIPCHUMBA (2:14:06) am Start. Tendai ZIMUTO (SIMBABWE\/PB: 2:09:30), <strong>Alex Meie<\/strong>r (US-Halbmarathonmeister 2025\/PB HM 60:25), Erik HILLE (Deutschland\/PB: 2:13:03-Berlin\u201924), Peter Lynch (Irland\/HM:61:15), Fearghal CURTIN (Irland\/HM:61:12), und Zelalem BACHA (BAHRAIN\/PB: 2:07:09) z\u00e4hlen zu den aussichtsreichsten L\u00e4ufern um den Sieg. Mit Kenianer <strong>Denis Chirchir<\/strong>, Zweiter vom Hannover Marathon 2023, knapp hinter Amanal Petros, kommt ein L\u00e4ufer mit einer PB von 2:07:17 h nach D\u00fcsseldorf. <strong>Mein Tipp sind Siegerzeiten von 2:08:58 h und 2:24:56 h (Frauen)<\/strong><\/p>\n\n\n\n<p>I<strong>ch starte um 8.15 Uhr mit der Masse und habe auf eine Zeit unter 1:45 h trainiert. Mal sehen, was am Ende herauskommt?<\/strong><\/p>\n\n\n\n<p><strong>Der Wettkampftag<\/strong><\/p>\n\n\n\n<p>Am heutigen Sonntag feierte der Uniper D\u00fcsseldorf Marathon nach einer f\u00fcnfj\u00e4hrigen Pause bei bestem Wetter ein spektakul\u00e4res Comeback. Rund<strong> 250.000 Zuschauerinnen<\/strong> und Zuschauer entlang der Strecke und 16.127 Aktive sorgten f\u00fcr ein emotionales und energiegeladenes Lauf-Fest in der Rheinmetropole, begleitet von elektronischen Beats, wummernden B\u00e4ssen und frenetischem Jubel.<\/p>\n\n\n\n<figure class=\"wp-block-image size-large\"><a href=\"http:\/\/woiczik.de\/wp-content\/uploads\/2025\/04\/IMG_20250426_175121701-scaled.jpg\"><img loading=\"lazy\" decoding=\"async\" width=\"768\" height=\"1024\" src=\"http:\/\/woiczik.de\/wp-content\/uploads\/2025\/04\/IMG_20250426_175121701-768x1024.jpg\" alt=\"\" class=\"wp-image-7895\" srcset=\"http:\/\/woiczik.de\/wp-content\/uploads\/2025\/04\/IMG_20250426_175121701-768x1024.jpg 768w, http:\/\/woiczik.de\/wp-content\/uploads\/2025\/04\/IMG_20250426_175121701-225x300.jpg 225w, http:\/\/woiczik.de\/wp-content\/uploads\/2025\/04\/IMG_20250426_175121701-1152x1536.jpg 1152w, http:\/\/woiczik.de\/wp-content\/uploads\/2025\/04\/IMG_20250426_175121701-1536x2048.jpg 1536w, http:\/\/woiczik.de\/wp-content\/uploads\/2025\/04\/IMG_20250426_175121701-scaled.jpg 1920w\" sizes=\"(max-width: 768px) 100vw, 768px\" \/><\/a><\/figure>\n\n\n\n<p>Schon am Morgen herrschte Hochstimmung am Startbereich am Joseph-Beuys-Ufer: Dort, wo es sonst eher ruhig zugeht, sorgten bereits ab den fr\u00fchen Stunden elektronische Beats und Vorfreude auf das sportliche Highlight des Fr\u00fchjahrs. P\u00fcnktlich um 8:15 Uhr gingen die Halbmarathonl\u00e4uferinnen und -l\u00e4ufer auf die Strecke, kurz darauf folgten die Marathonstarterinnen und -starter sowie die Staffeln. Das Motto \u201eRun to the Beat\u201c war \u00fcberall sp\u00fcrbar. \u00dcber 20 DJs heizten die Stimmung entlang der Strecke an. Besonders tolle Stimmung herrschte an den Cheering-Zonen an der Lorettostra\u00dfe, der K\u00f6nigsallee und der Heinrich-Heine-Allee.<\/p>\n\n\n\n<figure class=\"wp-block-image size-large\"><a href=\"http:\/\/woiczik.de\/wp-content\/uploads\/2025\/04\/Screenshot_20250425-194440.png\"><img loading=\"lazy\" decoding=\"async\" width=\"439\" height=\"1024\" src=\"http:\/\/woiczik.de\/wp-content\/uploads\/2025\/04\/Screenshot_20250425-194440-439x1024.png\" alt=\"\" class=\"wp-image-7883\" srcset=\"http:\/\/woiczik.de\/wp-content\/uploads\/2025\/04\/Screenshot_20250425-194440-439x1024.png 439w, http:\/\/woiczik.de\/wp-content\/uploads\/2025\/04\/Screenshot_20250425-194440-129x300.png 129w, http:\/\/woiczik.de\/wp-content\/uploads\/2025\/04\/Screenshot_20250425-194440-768x1792.png 768w, http:\/\/woiczik.de\/wp-content\/uploads\/2025\/04\/Screenshot_20250425-194440-658x1536.png 658w, http:\/\/woiczik.de\/wp-content\/uploads\/2025\/04\/Screenshot_20250425-194440-878x2048.png 878w, http:\/\/woiczik.de\/wp-content\/uploads\/2025\/04\/Screenshot_20250425-194440.png 1080w\" sizes=\"(max-width: 439px) 100vw, 439px\" \/><\/a><\/figure>\n\n\n\n<p>Im Marathon setzte sich der US-Amerikaner Alex Maier durch. Er lief nach 2:08:33 Stunden \u00fcber den blauen Teppich am Rhein und pulverisierte seine pers\u00f6nliche Bestzeit. Damit verwies er den Kenianer Benson Nzioki Mutiso (2:08:48 Stunden) und den Iren Peter Lynch (2:09:36 Stunden) auf die R\u00e4nge zwei und drei. Erik Hille (TV Burglengenfeld) wurde in 2:15:16 Stunden schnellster Deutscher. Im Frauenrennen konnte die Kenianerin Leah Cheruto das Rennen in 2:25:23 Stunden f\u00fcr sich entscheiden, gefolgt von Laura Hottenrott (PSV Gr\u00fcn-Wei\u00df Kassel\/2:26:56 Stunden) als schnellste deutsche L\u00e4uferin sowie Miriam Dattke (LG Telis Finanz Regensburg\/2:28:11 Stunden).<\/p>\n\n\n\n<figure class=\"wp-block-image size-large\"><a href=\"http:\/\/woiczik.de\/wp-content\/uploads\/2025\/04\/Screenshot_20250425-194607.png\"><img loading=\"lazy\" decoding=\"async\" width=\"439\" height=\"1024\" src=\"http:\/\/woiczik.de\/wp-content\/uploads\/2025\/04\/Screenshot_20250425-194607-439x1024.png\" alt=\"\" class=\"wp-image-7882\" srcset=\"http:\/\/woiczik.de\/wp-content\/uploads\/2025\/04\/Screenshot_20250425-194607-439x1024.png 439w, http:\/\/woiczik.de\/wp-content\/uploads\/2025\/04\/Screenshot_20250425-194607-129x300.png 129w, http:\/\/woiczik.de\/wp-content\/uploads\/2025\/04\/Screenshot_20250425-194607-768x1792.png 768w, http:\/\/woiczik.de\/wp-content\/uploads\/2025\/04\/Screenshot_20250425-194607-658x1536.png 658w, http:\/\/woiczik.de\/wp-content\/uploads\/2025\/04\/Screenshot_20250425-194607-878x2048.png 878w, http:\/\/woiczik.de\/wp-content\/uploads\/2025\/04\/Screenshot_20250425-194607.png 1080w\" sizes=\"(max-width: 439px) 100vw, 439px\" \/><\/a><\/figure>\n\n\n\n<p>Auf der Halbmarathonstrecke setzte Esther Pfeiffer vom Uniper D.RUNNING Team ein sportliches Ausrufezeichen. Gemeinsam mit ihrem Ehemann Hendrik Pfeiffer, der sie nach seiner Verletzungspause als Pacemaker begleitete, gewann sie den Halbmarathon in 69:43 Minuten. Katharina Wehr (ASV Duisburg\/Laufsport Bunert Duisburg-Moers) erreichte knapp neun Minuten sp\u00e4ter, nach 78:25 Minuten das Ziel gefolgt von der Russin Uliana Avvakumenkova (1:20:38 Stunden). Im M\u00e4nnerrennen sicherte sich Florian Neuschwander in 67:11 Minuten den Sieg. Hendrik Pfeiffer (Uniper D.RUNNING Team\/69:43 Minuten) und David Johnson (SSC Hanau-Rodenbach\/70:12 Minuten) belegten die Pl\u00e4tze zwei und drei.<\/p>\n\n\n\n<p><\/p>\n\n\n\n<figure class=\"wp-block-image size-large\"><a href=\"http:\/\/woiczik.de\/wp-content\/uploads\/2025\/04\/IMG-20250428-WA0015.jpg\"><img loading=\"lazy\" decoding=\"async\" width=\"1024\" height=\"768\" src=\"http:\/\/woiczik.de\/wp-content\/uploads\/2025\/04\/IMG-20250428-WA0015-1024x768.jpg\" alt=\"\" class=\"wp-image-7898\" srcset=\"http:\/\/woiczik.de\/wp-content\/uploads\/2025\/04\/IMG-20250428-WA0015-1024x768.jpg 1024w, http:\/\/woiczik.de\/wp-content\/uploads\/2025\/04\/IMG-20250428-WA0015-300x225.jpg 300w, http:\/\/woiczik.de\/wp-content\/uploads\/2025\/04\/IMG-20250428-WA0015-768x576.jpg 768w, http:\/\/woiczik.de\/wp-content\/uploads\/2025\/04\/IMG-20250428-WA0015-1536x1152.jpg 1536w, http:\/\/woiczik.de\/wp-content\/uploads\/2025\/04\/IMG-20250428-WA0015-400x300.jpg 400w, http:\/\/woiczik.de\/wp-content\/uploads\/2025\/04\/IMG-20250428-WA0015.jpg 1600w\" sizes=\"(max-width: 1024px) 100vw, 1024px\" \/><\/a><\/figure>\n\n\n\n<p>\u201eIch freue mich sehr, dass ich bei diesem Rennen noch mal so gut performen konnte. Ich bin mega happy und freue mich \u00fcber meine Zeit von unter 70 Minuten\u201c, so Esther Pfeiffer, \u201egemeinsam mit Hendrik zu laufen, macht es mir immer leichter. Die Atmosph\u00e4re entlang der Strecke war krass. Ich habe so oft meinen Namen geh\u00f6rt, das macht einfach Bock.\u201c<\/p>\n\n\n\n<figure class=\"wp-block-image size-large\"><a href=\"http:\/\/woiczik.de\/wp-content\/uploads\/2025\/04\/IMG_20250425_140208891_HDR-1-scaled.jpg\"><img loading=\"lazy\" decoding=\"async\" width=\"768\" height=\"1024\" src=\"http:\/\/woiczik.de\/wp-content\/uploads\/2025\/04\/IMG_20250425_140208891_HDR-1-768x1024.jpg\" alt=\"\" class=\"wp-image-7886\" srcset=\"http:\/\/woiczik.de\/wp-content\/uploads\/2025\/04\/IMG_20250425_140208891_HDR-1-768x1024.jpg 768w, http:\/\/woiczik.de\/wp-content\/uploads\/2025\/04\/IMG_20250425_140208891_HDR-1-225x300.jpg 225w, http:\/\/woiczik.de\/wp-content\/uploads\/2025\/04\/IMG_20250425_140208891_HDR-1-1152x1536.jpg 1152w, http:\/\/woiczik.de\/wp-content\/uploads\/2025\/04\/IMG_20250425_140208891_HDR-1-1536x2048.jpg 1536w, http:\/\/woiczik.de\/wp-content\/uploads\/2025\/04\/IMG_20250425_140208891_HDR-1-scaled.jpg 1920w\" sizes=\"(max-width: 768px) 100vw, 768px\" \/><\/a><\/figure>\n\n\n\n<p>Optimistisch auf der Marathon Expo<\/p>\n\n\n\n<p><\/p>\n\n\n\n<figure class=\"wp-block-image size-large\"><a href=\"http:\/\/woiczik.de\/wp-content\/uploads\/2025\/04\/IMG_20250428_063541103-scaled.jpg\"><img loading=\"lazy\" decoding=\"async\" width=\"768\" height=\"1024\" src=\"http:\/\/woiczik.de\/wp-content\/uploads\/2025\/04\/IMG_20250428_063541103-768x1024.jpg\" alt=\"\" class=\"wp-image-7887\" srcset=\"http:\/\/woiczik.de\/wp-content\/uploads\/2025\/04\/IMG_20250428_063541103-768x1024.jpg 768w, http:\/\/woiczik.de\/wp-content\/uploads\/2025\/04\/IMG_20250428_063541103-225x300.jpg 225w, http:\/\/woiczik.de\/wp-content\/uploads\/2025\/04\/IMG_20250428_063541103-1152x1536.jpg 1152w, http:\/\/woiczik.de\/wp-content\/uploads\/2025\/04\/IMG_20250428_063541103-1536x2048.jpg 1536w, http:\/\/woiczik.de\/wp-content\/uploads\/2025\/04\/IMG_20250428_063541103-scaled.jpg 1920w\" sizes=\"(max-width: 768px) 100vw, 768px\" \/><\/a><\/figure>\n\n\n\n<p>Ein Teil vom Fitnessraum im sch\u00f6nen Hotel &#8222;Hampton by Hilton&#8220;, wo ich zwei Mal trainiert habe.<\/p>\n\n\n\n<p><\/p>\n\n\n\n<figure class=\"wp-block-image size-large\"><a href=\"http:\/\/woiczik.de\/wp-content\/uploads\/2025\/04\/IMG_20250427_065305552-scaled.jpg\"><img loading=\"lazy\" decoding=\"async\" width=\"1024\" height=\"768\" src=\"http:\/\/woiczik.de\/wp-content\/uploads\/2025\/04\/IMG_20250427_065305552-1024x768.jpg\" alt=\"\" class=\"wp-image-7891\" srcset=\"http:\/\/woiczik.de\/wp-content\/uploads\/2025\/04\/IMG_20250427_065305552-1024x768.jpg 1024w, http:\/\/woiczik.de\/wp-content\/uploads\/2025\/04\/IMG_20250427_065305552-300x225.jpg 300w, http:\/\/woiczik.de\/wp-content\/uploads\/2025\/04\/IMG_20250427_065305552-768x576.jpg 768w, http:\/\/woiczik.de\/wp-content\/uploads\/2025\/04\/IMG_20250427_065305552-1536x1152.jpg 1536w, http:\/\/woiczik.de\/wp-content\/uploads\/2025\/04\/IMG_20250427_065305552-2048x1536.jpg 2048w, http:\/\/woiczik.de\/wp-content\/uploads\/2025\/04\/IMG_20250427_065305552-400x300.jpg 400w\" sizes=\"(max-width: 1024px) 100vw, 1024px\" \/><\/a><\/figure>\n\n\n\n<p>Fr\u00fch morgens um 6.45 am D\u00fcsseldorfer Hauptbahnhof<\/p>\n\n\n\n<p><strong>Mein Rennen:<\/strong><\/p>\n\n\n\n<p>W\u00e4hrend ich diese Zeilen schreibe sitze ich in der 1.Klasse im ICE 1051 in Richtung Berlin.&nbsp; Ich war optimistisch, dass ich in D\u00fcsseldorf meine letztj\u00e4hrige M 55 Bestzeit von 1:43 h unterbieten kann. Das Training lief gut, die Trainingswerte lie\u00dfen auf eine Laufzeit von 1:41 bis 1:44 h schlie\u00dfen und daher ging ich voller Tatendrang an die Startlinie.<\/p>\n\n\n\n<figure class=\"wp-block-image size-large\"><a href=\"http:\/\/woiczik.de\/wp-content\/uploads\/2025\/04\/IMG_20250427_073527466-scaled.jpg\"><img loading=\"lazy\" decoding=\"async\" width=\"768\" height=\"1024\" src=\"http:\/\/woiczik.de\/wp-content\/uploads\/2025\/04\/IMG_20250427_073527466-768x1024.jpg\" alt=\"Am Rhein 45 Minuten vor dem Start\" class=\"wp-image-7894\" srcset=\"http:\/\/woiczik.de\/wp-content\/uploads\/2025\/04\/IMG_20250427_073527466-768x1024.jpg 768w, http:\/\/woiczik.de\/wp-content\/uploads\/2025\/04\/IMG_20250427_073527466-225x300.jpg 225w, http:\/\/woiczik.de\/wp-content\/uploads\/2025\/04\/IMG_20250427_073527466-1152x1536.jpg 1152w, http:\/\/woiczik.de\/wp-content\/uploads\/2025\/04\/IMG_20250427_073527466-1536x2048.jpg 1536w, http:\/\/woiczik.de\/wp-content\/uploads\/2025\/04\/IMG_20250427_073527466-scaled.jpg 1920w\" sizes=\"(max-width: 768px) 100vw, 768px\" \/><\/a><\/figure>\n\n\n\n<p>7.30 Uhr am Rhein<\/p>\n\n\n\n<p>Ich startete im blauen Startblock direkt hinter den Elitel\u00e4ufern. Hinter den beiden Zug- und Bremsl\u00e4ufern mit dem Schild \u201e1:45\u201c ordnete ich mich ein und durch lief mit denen in 4:59 Minuten den ersten Kilometer. Der Zweite wurde in 4:54 und der Dritte in 4:55 durchlaufen. Kurz nach diesem Kilometerpunkt sp\u00fcrte ich eine leichte Verh\u00e4rtung meines linken Oberschenkels. In keinem Training in der 16 Wochen andauernden Vorbereitung hatte ich solche Beschwerden. Bei km 4 und einer Laufzeit von 19:23 Minuten wurden die Beschwerden gr\u00f6\u00dfer. Aus zwei Meter R\u00fcckstand wurden schnell 10 Meter R\u00fcckstand auf die Zug- und Bremsl\u00e4ufer. 24:24 Minuten zeigten meine zwei Laufuhren bei 5 gelaufenen Kilometern. Ich musste schon jetzt k\u00e4mpfen nicht mehr Abstand zu der gro\u00dfen Gruppe zu haben. Bis Kilometer 9 (44:19 Minuten) konnte ich den Anschluss zur Gruppe wiederherstellen, aber erst musste ich kurz vor der 10 km Marke ein Dixie -Klo aufsuchen (10 km dennoch in 50:06 min) und dann meldete sich noch der rechte Oberschenkel mit einer starken Verh\u00e4rtung.<\/p>\n\n\n\n<figure class=\"wp-block-image size-large\"><a href=\"http:\/\/woiczik.de\/wp-content\/uploads\/2025\/04\/IMG_20250427_102539061-scaled.jpg\"><img loading=\"lazy\" decoding=\"async\" width=\"768\" height=\"1024\" src=\"http:\/\/woiczik.de\/wp-content\/uploads\/2025\/04\/IMG_20250427_102539061-768x1024.jpg\" alt=\"\" class=\"wp-image-7893\" srcset=\"http:\/\/woiczik.de\/wp-content\/uploads\/2025\/04\/IMG_20250427_102539061-768x1024.jpg 768w, http:\/\/woiczik.de\/wp-content\/uploads\/2025\/04\/IMG_20250427_102539061-225x300.jpg 225w, http:\/\/woiczik.de\/wp-content\/uploads\/2025\/04\/IMG_20250427_102539061-1152x1536.jpg 1152w, http:\/\/woiczik.de\/wp-content\/uploads\/2025\/04\/IMG_20250427_102539061-1536x2048.jpg 1536w, http:\/\/woiczik.de\/wp-content\/uploads\/2025\/04\/IMG_20250427_102539061-scaled.jpg 1920w\" sizes=\"(max-width: 768px) 100vw, 768px\" \/><\/a><\/figure>\n\n\n\n<p>Kurz nach dem Zieleinlauf<\/p>\n\n\n\n<p><strong>Bis km 9 war noch eine Verbesserung der pers\u00f6nlichen AK M55 Bestzeit m\u00f6glich, dann aber war das \u201eProjekt\u201c beendet.<\/strong> Nach Zwei-Drittel der Laufdistanz hatte ich eine Laufzeit von 1:11:13 h offiziell. Es war sehr hart jetzt weiter zu laufen. Bei km 15 verpflegte ich mich erneut mit meinem Maurten-Gel und nahm Wasser am Verpflegungsstand zu mir, des Weiteren dehnte ich meine Oberschenkel. Es half aber nichts, ich wurde immer langsamer. Selbst mein Minimalziel von einer Laufzeit von 1:49:59 h war bei km 19 mit 1:38:59 Minuten nunmehr au\u00dfer Reichweite. Bei 20 km zeigten meine Laufuhren 1:44:20. Nochmals meine gesamten Reserven aktiviert und die letzten 1,1 km in 5:35 Minuten gelaufen, die letzten 500 Meter sogar im 4:34er Tempo. Blo\u00df keine 1:50:00 h laufen. Die Zieluhr tickte unbarmherzig herunter. Noch hundert Meter und 1:49:30 zeigte die Zieluhr.<\/p>\n\n\n\n<figure class=\"wp-block-image size-large\"><a href=\"http:\/\/woiczik.de\/wp-content\/uploads\/2025\/04\/IMG_20250427_102720856_BURST000_COVER_TOP-scaled.jpg\"><img loading=\"lazy\" decoding=\"async\" width=\"768\" height=\"1024\" src=\"http:\/\/woiczik.de\/wp-content\/uploads\/2025\/04\/IMG_20250427_102720856_BURST000_COVER_TOP-768x1024.jpg\" alt=\"\" class=\"wp-image-7890\" srcset=\"http:\/\/woiczik.de\/wp-content\/uploads\/2025\/04\/IMG_20250427_102720856_BURST000_COVER_TOP-768x1024.jpg 768w, http:\/\/woiczik.de\/wp-content\/uploads\/2025\/04\/IMG_20250427_102720856_BURST000_COVER_TOP-225x300.jpg 225w, http:\/\/woiczik.de\/wp-content\/uploads\/2025\/04\/IMG_20250427_102720856_BURST000_COVER_TOP-1152x1536.jpg 1152w, http:\/\/woiczik.de\/wp-content\/uploads\/2025\/04\/IMG_20250427_102720856_BURST000_COVER_TOP-1536x2048.jpg 1536w, http:\/\/woiczik.de\/wp-content\/uploads\/2025\/04\/IMG_20250427_102720856_BURST000_COVER_TOP-scaled.jpg 1920w\" sizes=\"(max-width: 768px) 100vw, 768px\" \/><\/a><\/figure>\n\n\n\n<p>Ich \u201esprintete\u201c ins Ziel und flog an den L\u00e4ufer*Innen an mir vorbei. Geschafft!! 1:49:55 h -offizielle Zeitmessung. Das Minimalziel erreicht (zum Gl\u00fcck). In meiner AK M55 landete ich auf Platz 38 von 153 Teilnehmern. Mit einer 1:43er Zeit w\u00e4re ich 18ter geworden. Selbst mit einer 1:45:00 h noch 21ter. Von 5223 ins Ziel gekommenen L\u00e4ufer*Innen landete ich auf dem Gesamtplatz 1054.<\/p>\n\n\n\n<p>Am Nachmittag trafen wir uns dann noch mit Freunden in Neuss. Ich ging die Treppen herunter wie nach einem Marathon. Beide Oberschenkel sind total verh\u00e4rtet. Am Mittwoch bin ich nach meiner Arbeit zur Behandlung in der Praxis bei Frau Mickmann.&nbsp;&nbsp;<\/p>\n\n\n\n<figure class=\"wp-block-image size-large\"><a href=\"http:\/\/woiczik.de\/wp-content\/uploads\/2025\/04\/Screenshot_20250428-122526.png\"><img loading=\"lazy\" decoding=\"async\" width=\"439\" height=\"1024\" src=\"http:\/\/woiczik.de\/wp-content\/uploads\/2025\/04\/Screenshot_20250428-122526-439x1024.png\" alt=\"\" class=\"wp-image-7896\" srcset=\"http:\/\/woiczik.de\/wp-content\/uploads\/2025\/04\/Screenshot_20250428-122526-439x1024.png 439w, http:\/\/woiczik.de\/wp-content\/uploads\/2025\/04\/Screenshot_20250428-122526-129x300.png 129w, http:\/\/woiczik.de\/wp-content\/uploads\/2025\/04\/Screenshot_20250428-122526-768x1792.png 768w, http:\/\/woiczik.de\/wp-content\/uploads\/2025\/04\/Screenshot_20250428-122526-658x1536.png 658w, http:\/\/woiczik.de\/wp-content\/uploads\/2025\/04\/Screenshot_20250428-122526-878x2048.png 878w, http:\/\/woiczik.de\/wp-content\/uploads\/2025\/04\/Screenshot_20250428-122526.png 1080w\" sizes=\"(max-width: 439px) 100vw, 439px\" \/><\/a><\/figure>\n\n\n\n<p>Mal sehen, ob ich bis Samstag f\u00fcr die 5 km Meisterschaft (laufe f\u00fcr eine Medaille f\u00fcr das Team) fit bin, dass werden die kommenden Tage zeigen?<\/p>\n\n\n\n<figure class=\"wp-block-image size-large\"><a href=\"http:\/\/woiczik.de\/wp-content\/uploads\/2025\/04\/Screenshot_20250427-103749.png\"><img loading=\"lazy\" decoding=\"async\" width=\"439\" height=\"1024\" src=\"http:\/\/woiczik.de\/wp-content\/uploads\/2025\/04\/Screenshot_20250427-103749-439x1024.png\" alt=\"\" class=\"wp-image-7881\" srcset=\"http:\/\/woiczik.de\/wp-content\/uploads\/2025\/04\/Screenshot_20250427-103749-439x1024.png 439w, http:\/\/woiczik.de\/wp-content\/uploads\/2025\/04\/Screenshot_20250427-103749-129x300.png 129w, http:\/\/woiczik.de\/wp-content\/uploads\/2025\/04\/Screenshot_20250427-103749-768x1792.png 768w, http:\/\/woiczik.de\/wp-content\/uploads\/2025\/04\/Screenshot_20250427-103749-658x1536.png 658w, http:\/\/woiczik.de\/wp-content\/uploads\/2025\/04\/Screenshot_20250427-103749-878x2048.png 878w, http:\/\/woiczik.de\/wp-content\/uploads\/2025\/04\/Screenshot_20250427-103749.png 1080w\" sizes=\"(max-width: 439px) 100vw, 439px\" \/><\/a><\/figure>\n\n\n\n<p><strong>6.<\/strong> <strong>Was sonst noch lief?<\/strong> &#8211; <strong>Das Fazit zur Veranstaltung und zu meinem Lauf <\/strong><\/p>\n\n\n\n<figure class=\"wp-block-image size-large\"><a href=\"http:\/\/woiczik.de\/wp-content\/uploads\/2025\/04\/IMG_20250425_045541163_HDR-1-scaled.jpg\"><img loading=\"lazy\" decoding=\"async\" width=\"768\" height=\"1024\" src=\"http:\/\/woiczik.de\/wp-content\/uploads\/2025\/04\/IMG_20250425_045541163_HDR-1-768x1024.jpg\" alt=\"\" class=\"wp-image-7911\" srcset=\"http:\/\/woiczik.de\/wp-content\/uploads\/2025\/04\/IMG_20250425_045541163_HDR-1-768x1024.jpg 768w, http:\/\/woiczik.de\/wp-content\/uploads\/2025\/04\/IMG_20250425_045541163_HDR-1-225x300.jpg 225w, http:\/\/woiczik.de\/wp-content\/uploads\/2025\/04\/IMG_20250425_045541163_HDR-1-1152x1536.jpg 1152w, http:\/\/woiczik.de\/wp-content\/uploads\/2025\/04\/IMG_20250425_045541163_HDR-1-1536x2048.jpg 1536w, http:\/\/woiczik.de\/wp-content\/uploads\/2025\/04\/IMG_20250425_045541163_HDR-1-scaled.jpg 1920w\" sizes=\"(max-width: 768px) 100vw, 768px\" \/><\/a><\/figure>\n\n\n\n<p>Wir haben im Hotel \u201eHampton by Hilton\u201c nahe dem Hauptbahnhof drei N\u00e4chte \u00fcbernachtet. Uns hat der Aufenthalt dort sehr gut gefallen.<\/p>\n\n\n\n<figure class=\"wp-block-image size-full\"><a href=\"http:\/\/woiczik.de\/wp-content\/uploads\/2025\/03\/exterior.jpg\"><img loading=\"lazy\" decoding=\"async\" width=\"700\" height=\"548\" src=\"http:\/\/woiczik.de\/wp-content\/uploads\/2025\/03\/exterior.jpg\" alt=\"\" class=\"wp-image-7905\" srcset=\"http:\/\/woiczik.de\/wp-content\/uploads\/2025\/03\/exterior.jpg 700w, http:\/\/woiczik.de\/wp-content\/uploads\/2025\/03\/exterior-300x235.jpg 300w, http:\/\/woiczik.de\/wp-content\/uploads\/2025\/03\/exterior-383x300.jpg 383w\" sizes=\"(max-width: 700px) 100vw, 700px\" \/><\/a><\/figure>\n\n\n\n<p>Neben dem Wettkampf am Sonntag, genossen wir bei 11-14 Grad und wolkenverhangenem Himmel am <strong>Freitag<\/strong> eine Stadtrundfahrt, gingen ein wenig Shopping,<\/p>\n\n\n\n<figure class=\"wp-block-image size-large\"><a href=\"http:\/\/woiczik.de\/wp-content\/uploads\/2025\/04\/IMG_20250425_143400667_HDR-scaled.jpg\"><img loading=\"lazy\" decoding=\"async\" width=\"768\" height=\"1024\" src=\"http:\/\/woiczik.de\/wp-content\/uploads\/2025\/04\/IMG_20250425_143400667_HDR-768x1024.jpg\" alt=\"\" class=\"wp-image-7888\" srcset=\"http:\/\/woiczik.de\/wp-content\/uploads\/2025\/04\/IMG_20250425_143400667_HDR-768x1024.jpg 768w, http:\/\/woiczik.de\/wp-content\/uploads\/2025\/04\/IMG_20250425_143400667_HDR-225x300.jpg 225w, http:\/\/woiczik.de\/wp-content\/uploads\/2025\/04\/IMG_20250425_143400667_HDR-1152x1536.jpg 1152w, http:\/\/woiczik.de\/wp-content\/uploads\/2025\/04\/IMG_20250425_143400667_HDR-1536x2048.jpg 1536w, http:\/\/woiczik.de\/wp-content\/uploads\/2025\/04\/IMG_20250425_143400667_HDR-scaled.jpg 1920w\" sizes=\"(max-width: 768px) 100vw, 768px\" \/><\/a><\/figure>\n\n\n\n<p> waren auf der Marathon Expo und abends im Block-House lecker essen.<\/p>\n\n\n\n<figure class=\"wp-block-image size-large is-resized\"><a href=\"http:\/\/woiczik.de\/wp-content\/uploads\/2025\/03\/csm_Hampton-by-Hilton-Innen2_9dc26d1f45.jpg\"><img loading=\"lazy\" decoding=\"async\" width=\"1024\" height=\"576\" src=\"http:\/\/woiczik.de\/wp-content\/uploads\/2025\/03\/csm_Hampton-by-Hilton-Innen2_9dc26d1f45-1024x576.jpg\" alt=\"\" class=\"wp-image-7906\" style=\"width:614px;height:auto\" srcset=\"http:\/\/woiczik.de\/wp-content\/uploads\/2025\/03\/csm_Hampton-by-Hilton-Innen2_9dc26d1f45-1024x576.jpg 1024w, http:\/\/woiczik.de\/wp-content\/uploads\/2025\/03\/csm_Hampton-by-Hilton-Innen2_9dc26d1f45-300x169.jpg 300w, http:\/\/woiczik.de\/wp-content\/uploads\/2025\/03\/csm_Hampton-by-Hilton-Innen2_9dc26d1f45-768x432.jpg 768w, http:\/\/woiczik.de\/wp-content\/uploads\/2025\/03\/csm_Hampton-by-Hilton-Innen2_9dc26d1f45-500x281.jpg 500w, http:\/\/woiczik.de\/wp-content\/uploads\/2025\/03\/csm_Hampton-by-Hilton-Innen2_9dc26d1f45.jpg 1200w\" sizes=\"(max-width: 1024px) 100vw, 1024px\" \/><\/a><\/figure>\n\n\n\n<p>Am <strong>Samstag<\/strong> holte uns Bj\u00f6rn mit seinem Sohn ab und wir fuhren gemeinsam in den sehr sch\u00f6nen niederl\u00e4ndischen Freizeitpark \u201eToverland\u201c. Am <strong>Sonntag nach dem Wettkampf<\/strong>, dem wohltuenden Duschen und Erfrischen fuhren wir nach Neuss zu Tanja und ihrer Familie und besuchten das \u00d6rtchen Zons und haben dann sehr lecker in Neuss gegessen, bevor wir gegen 18.30 Uhr mit der S-Bahn zur\u00fcck ins Hotel gefahren sind. Am <strong>Montag<\/strong> \u201eradelte\u201c ich ein wenig trotz der schweren Beine 30 Minuten locker aus. Nach dem Fr\u00fchst\u00fcck ging es mit dem Schiff \u00fcber den Rhein und dann haben wir bei 22 Grad und viel Sonne uns im Gr\u00fcnen auf der K\u00f6 auf einer Bank ausgeruht und entspannt. <\/p>\n\n\n\n<figure class=\"wp-block-image size-large\"><a href=\"http:\/\/woiczik.de\/wp-content\/uploads\/2025\/04\/IMG-20250428-WA0003.jpg\"><img loading=\"lazy\" decoding=\"async\" width=\"1024\" height=\"768\" src=\"http:\/\/woiczik.de\/wp-content\/uploads\/2025\/04\/IMG-20250428-WA0003-1024x768.jpg\" alt=\"\" class=\"wp-image-7899\" srcset=\"http:\/\/woiczik.de\/wp-content\/uploads\/2025\/04\/IMG-20250428-WA0003-1024x768.jpg 1024w, http:\/\/woiczik.de\/wp-content\/uploads\/2025\/04\/IMG-20250428-WA0003-300x225.jpg 300w, http:\/\/woiczik.de\/wp-content\/uploads\/2025\/04\/IMG-20250428-WA0003-768x576.jpg 768w, http:\/\/woiczik.de\/wp-content\/uploads\/2025\/04\/IMG-20250428-WA0003-1536x1152.jpg 1536w, http:\/\/woiczik.de\/wp-content\/uploads\/2025\/04\/IMG-20250428-WA0003-400x300.jpg 400w, http:\/\/woiczik.de\/wp-content\/uploads\/2025\/04\/IMG-20250428-WA0003.jpg 1600w\" sizes=\"(max-width: 1024px) 100vw, 1024px\" \/><\/a><\/figure>\n\n\n\n<p><\/p>\n\n\n\n<p>Um 14.00 Uhr kam unser Zug im D\u00fcsseldorfer Hauptbahnhof und brachte uns mit 15 Minuten Versp\u00e4tung sicher in Berlin an. &nbsp;&nbsp;&nbsp;&nbsp;<\/p>\n\n\n\n<figure class=\"wp-block-image size-large\"><a href=\"http:\/\/woiczik.de\/wp-content\/uploads\/2025\/04\/IMG-20250428-WA0022.jpg\"><img loading=\"lazy\" decoding=\"async\" width=\"768\" height=\"1024\" src=\"http:\/\/woiczik.de\/wp-content\/uploads\/2025\/04\/IMG-20250428-WA0022-768x1024.jpg\" alt=\"\" class=\"wp-image-7897\" srcset=\"http:\/\/woiczik.de\/wp-content\/uploads\/2025\/04\/IMG-20250428-WA0022-768x1024.jpg 768w, http:\/\/woiczik.de\/wp-content\/uploads\/2025\/04\/IMG-20250428-WA0022-225x300.jpg 225w, http:\/\/woiczik.de\/wp-content\/uploads\/2025\/04\/IMG-20250428-WA0022-1152x1536.jpg 1152w, http:\/\/woiczik.de\/wp-content\/uploads\/2025\/04\/IMG-20250428-WA0022.jpg 1500w\" sizes=\"(max-width: 768px) 100vw, 768px\" \/><\/a><\/figure>\n\n\n\n<p><strong>Mein Fazit zum D\u00fcsseldorf-Marathon:<\/strong><\/p>\n\n\n\n<p>Die Sonne strahlte mit den Teilnehmern des diesj\u00e4hrigen D\u00fcsseldorf-Marathon bei wolkenfreiem Himmel und Temperaturen von 10 Grad beim Start des Halbmarathons um 8.15 Uhr und 19 Grad um 12.00 Uhr um die Wette.<\/p>\n\n\n\n<figure class=\"wp-block-image size-large\"><a href=\"http:\/\/woiczik.de\/wp-content\/uploads\/2025\/04\/IMG-20250428-WA0015.jpg\"><img loading=\"lazy\" decoding=\"async\" width=\"1024\" height=\"768\" src=\"http:\/\/woiczik.de\/wp-content\/uploads\/2025\/04\/IMG-20250428-WA0015-1024x768.jpg\" alt=\"\" class=\"wp-image-7898\" srcset=\"http:\/\/woiczik.de\/wp-content\/uploads\/2025\/04\/IMG-20250428-WA0015-1024x768.jpg 1024w, http:\/\/woiczik.de\/wp-content\/uploads\/2025\/04\/IMG-20250428-WA0015-300x225.jpg 300w, http:\/\/woiczik.de\/wp-content\/uploads\/2025\/04\/IMG-20250428-WA0015-768x576.jpg 768w, http:\/\/woiczik.de\/wp-content\/uploads\/2025\/04\/IMG-20250428-WA0015-1536x1152.jpg 1536w, http:\/\/woiczik.de\/wp-content\/uploads\/2025\/04\/IMG-20250428-WA0015-400x300.jpg 400w, http:\/\/woiczik.de\/wp-content\/uploads\/2025\/04\/IMG-20250428-WA0015.jpg 1600w\" sizes=\"(max-width: 1024px) 100vw, 1024px\" \/><\/a><\/figure>\n\n\n\n<p>Da ich ja selbst seit \u00fcber 35 Jahren Sportveranstaltungen mitorganisiere (u.a. \u00fcber 10 Leichtathletik-Landesmeisterschaften, Tower Run, Jahnlauf) erlaube ich mir mal \u00fcber den D\u00fcsseldorf-Marathon folgende Zeilen:<\/p>\n\n\n\n<p><strong>Marathon-Expo<\/strong>: Wir waren am Freitag gegen 15.00 Uhr auf der Expo. Sehr nette Mitarbeiter*Innen bei der Startnummernausgabe, sehr wenige Messest\u00e4nde und selbst beim Titelsponsor Mizuno gab es nichts zum Messepreis zu kaufen. Hier ist noch sehr viel Potenzial nach oben. Schade, hier hatte ich mir von einer Marathon-Expo mit \u00fcber 16.000 Teilnehmern erhofft.<\/p>\n\n\n\n<figure class=\"wp-block-image size-large\"><a href=\"http:\/\/woiczik.de\/wp-content\/uploads\/2025\/04\/IMG_20250425_135631065_HDR-scaled.jpg\"><img loading=\"lazy\" decoding=\"async\" width=\"768\" height=\"1024\" src=\"http:\/\/woiczik.de\/wp-content\/uploads\/2025\/04\/IMG_20250425_135631065_HDR-768x1024.jpg\" alt=\"\" class=\"wp-image-7885\" srcset=\"http:\/\/woiczik.de\/wp-content\/uploads\/2025\/04\/IMG_20250425_135631065_HDR-768x1024.jpg 768w, http:\/\/woiczik.de\/wp-content\/uploads\/2025\/04\/IMG_20250425_135631065_HDR-225x300.jpg 225w, http:\/\/woiczik.de\/wp-content\/uploads\/2025\/04\/IMG_20250425_135631065_HDR-1152x1536.jpg 1152w, http:\/\/woiczik.de\/wp-content\/uploads\/2025\/04\/IMG_20250425_135631065_HDR-1536x2048.jpg 1536w, http:\/\/woiczik.de\/wp-content\/uploads\/2025\/04\/IMG_20250425_135631065_HDR-scaled.jpg 1920w\" sizes=\"(max-width: 768px) 100vw, 768px\" \/><\/a><\/figure>\n\n\n\n<p><strong>Anreise mit den \u00d6ffis zum Startbereich<\/strong>: Alle 30 Minuten fuhr eine U-Bahn vom D\u00fcsseldorfer Hauptbahnhof zum Startbereich. Die U-Bahn war dann nat\u00fcrlich so gut gef\u00fcllt wie die U-Bahnz\u00fcge beim Berlin-Marathon.<\/p>\n\n\n\n<figure class=\"wp-block-image size-large\"><a href=\"http:\/\/woiczik.de\/wp-content\/uploads\/2025\/04\/IMG_20250429060138-1.jpg\"><img loading=\"lazy\" decoding=\"async\" width=\"1024\" height=\"1024\" src=\"http:\/\/woiczik.de\/wp-content\/uploads\/2025\/04\/IMG_20250429060138-1-1024x1024.jpg\" alt=\"\" class=\"wp-image-7910\" srcset=\"http:\/\/woiczik.de\/wp-content\/uploads\/2025\/04\/IMG_20250429060138-1-1024x1024.jpg 1024w, http:\/\/woiczik.de\/wp-content\/uploads\/2025\/04\/IMG_20250429060138-1-300x300.jpg 300w, http:\/\/woiczik.de\/wp-content\/uploads\/2025\/04\/IMG_20250429060138-1-150x150.jpg 150w, http:\/\/woiczik.de\/wp-content\/uploads\/2025\/04\/IMG_20250429060138-1-768x768.jpg 768w, http:\/\/woiczik.de\/wp-content\/uploads\/2025\/04\/IMG_20250429060138-1.jpg 1080w\" sizes=\"(max-width: 1024px) 100vw, 1024px\" \/><\/a><\/figure>\n\n\n\n<p><strong>Organisation vor Ort am Startbereich:<\/strong> Die Kleiderbeutel konnten man ca. 500 Meter vom Startbereich bei sehr netten Mitarbeiter*Innen abgeben. War ganz toll organisiert. Eine bessere Ausschilderung f\u00fcr \u201eNicht-D\u00fcsseldorfer\u201c wie mich w\u00e4re f\u00fcr die Zukunft aber hilfreich. Auf dem Weg von der U-Bahnstation bis zur Kleiderabgabe konnte man leider keine Hinweisschilder vorfinden.<\/p>\n\n\n\n<p><strong>Die Strecke<\/strong>: Abwechslungsreich und ideal f\u00fcr Zuschauer. An einigen Streckenpunkten kommt man mehrfach vorbei. Aber der derzeitige Startbereich ist f\u00fcr gr\u00f6\u00dfere Teilnehmerzahlen nicht ideal. Ich war in der ersten Startwelle und bei der ersten rechts Kurve nach ca. 2 Kilometern kam es f\u00fcr L\u00e4ufer*Innen mit der Wunschzeit 1:45 h zu einem \u201eStau\u201c auf der Laufstrecke. Abstoppen, sogar kurz Anhalten und nach wenigen Sekunden weiterlaufen. Das war leider nicht ideal. Im hinteren L\u00e4uferfeld d\u00fcrfte es sicher l\u00e4nger gedauert mit dem \u201eStau\u201c gedauert haben.<\/p>\n\n\n\n<p><strong>Verpflegung auf der Strecke<\/strong>: Hervorragend<\/p>\n\n\n\n<p><strong>Im Ziel:<\/strong> Alles hervorragend organisiert, die beiden !!!!! Zielverpflegungsbereichen waren topp. Das hat man kaum bei gr\u00f6\u00dferen Laufveranstaltungen.<\/p>\n\n\n\n<p><strong>Medien<\/strong>: Als ausw\u00e4rtiger Teilnehmer bekam man \u00fcber \u201eGerman Road Races\u201c, \u201eLeichtathletik\u201c oder die diversen Laufmagazine im Vorfeld leider nichts \u00fcber den D\u00fcsseldorf-Marathon mit. \u00dcber ihre \u201eeigenen\u201c sozialen Medien gab es zwar t\u00e4glichen \u201eInput\u201c, aber mir als Altersklassenl\u00e4ufer ist das einfach zu wenig Information. Im Hotelzimmer konnte ich nach meiner warmen Dusche noch die tolle YouTube \u00dcbertragung von Moderator Jan Fitschen mir ein wenig ansehen, aber ansonsten war die Medienresonanz f\u00fcr eine Laufveranstaltung mit \u00fcber 16.000 Aktiven sehr mau.<\/p>\n\n\n\n<p><strong>Elitefeld: <\/strong>Die Konkurrenz f\u00fcr die Verantwortlichen in D\u00fcsseldorf mit Sonja Oberem und Phillip Kopp (mit seinem leider viel zu fr\u00fch verstorbenem Vater Christoph hatte ich in der Vergangenheit zahlreiche Elitefelder f\u00fcr die PSV-L\u00e4uferabende zusammengestellt) mit den \u201eHigh Class-Marathons\u201c in London, Hamburg und Madrid, sowie den Laufveranstaltungen von Adidas in Herzogenaurach und dem Istanbul Halbmarathon (alle am gleichen Wochenende) bei der Verpflichtung von Topathleten war sehr gro\u00df. Dennoch waren die Elitefelder im Halbmarathon und Marathon f\u00fcr den Re-Start vom D\u00fcsseldorf Marathon ausreichend. &nbsp;&nbsp;<\/p>\n\n\n\n<p><strong>Mir pers\u00f6nlich hat diese tolle Veranstaltung sehr gut gefallen<\/strong>. Auch wenn ich im Sp\u00e4therbst meiner sportlichen Aktivit\u00e4ten bin, werde ich bestimmt nochmals beim D\u00fcsseldorf Marathon an den Start gehen. Im kommenden Jahr soll es aber entweder nach Wien oder nach Hamburg gehen.<\/p>\n\n\n\n<div class=\"wp-block-media-text is-stacked-on-mobile\"><figure class=\"wp-block-media-text__media\"><img loading=\"lazy\" decoding=\"async\" width=\"1024\" height=\"682\" src=\"http:\/\/woiczik.de\/wp-content\/uploads\/2025\/03\/13196_20250427_100739_480207538_original-1024x682.jpg\" alt=\"\" class=\"wp-image-7921 size-full\" srcset=\"http:\/\/woiczik.de\/wp-content\/uploads\/2025\/03\/13196_20250427_100739_480207538_original-1024x682.jpg 1024w, http:\/\/woiczik.de\/wp-content\/uploads\/2025\/03\/13196_20250427_100739_480207538_original-300x200.jpg 300w, http:\/\/woiczik.de\/wp-content\/uploads\/2025\/03\/13196_20250427_100739_480207538_original-768x512.jpg 768w, http:\/\/woiczik.de\/wp-content\/uploads\/2025\/03\/13196_20250427_100739_480207538_original-1536x1024.jpg 1536w, http:\/\/woiczik.de\/wp-content\/uploads\/2025\/03\/13196_20250427_100739_480207538_original-2048x1365.jpg 2048w, http:\/\/woiczik.de\/wp-content\/uploads\/2025\/03\/13196_20250427_100739_480207538_original-450x300.jpg 450w\" sizes=\"(max-width: 1024px) 100vw, 1024px\" \/><\/figure><div class=\"wp-block-media-text__content\">\n<p>500 Meter vor dem Ziel <\/p>\n<\/div><\/div>\n\n\n\n<div class=\"wp-block-media-text is-stacked-on-mobile\"><figure class=\"wp-block-media-text__media\"><img loading=\"lazy\" decoding=\"async\" width=\"1024\" height=\"682\" src=\"http:\/\/woiczik.de\/wp-content\/uploads\/2025\/03\/13196_20250427_100903_480229710_original-1024x682.jpg\" alt=\"\" class=\"wp-image-7922 size-full\" srcset=\"http:\/\/woiczik.de\/wp-content\/uploads\/2025\/03\/13196_20250427_100903_480229710_original-1024x682.jpg 1024w, http:\/\/woiczik.de\/wp-content\/uploads\/2025\/03\/13196_20250427_100903_480229710_original-300x200.jpg 300w, http:\/\/woiczik.de\/wp-content\/uploads\/2025\/03\/13196_20250427_100903_480229710_original-768x512.jpg 768w, http:\/\/woiczik.de\/wp-content\/uploads\/2025\/03\/13196_20250427_100903_480229710_original-1536x1024.jpg 1536w, http:\/\/woiczik.de\/wp-content\/uploads\/2025\/03\/13196_20250427_100903_480229710_original-2048x1365.jpg 2048w, http:\/\/woiczik.de\/wp-content\/uploads\/2025\/03\/13196_20250427_100903_480229710_original-450x300.jpg 450w\" sizes=\"(max-width: 1024px) 100vw, 1024px\" \/><\/figure><div class=\"wp-block-media-text__content\">\n<p><strong>Update:<\/strong> Ich werde bei meinem Jubil\u00e4ums 25er am 11.5. <strong>nicht <\/strong>am Start sein (trotz bezahlter Startgeb\u00fchr). Mein K\u00f6rper braucht nunmehr nach dem 5er seine wohlverdiente Ruhe. <\/p>\n<\/div><\/div>\n","protected":false},"excerpt":{"rendered":"<p>Views: 891 Der D\u00fcsseldorf-Marathon (nach dem Hauptsponsor ab 2025 offiziell Uniper D\u00fcsseldorf Marathon genannt; bis 2019 METRO Group Marathon) ist ein Marathon in D\u00fcsseldorf, der von 2003 bis 2011 Anfang Mai und von 2012 bis 2019 Ende April stattfand. Ab &hellip; <a href=\"http:\/\/woiczik.de\/?p=7841\">Weiterlesen <span class=\"meta-nav\">&rarr;<\/span><\/a><\/p>\n","protected":false},"author":1,"featured_media":0,"comment_status":"open","ping_status":"open","sticky":false,"template":"","format":"standard","meta":{"footnotes":""},"categories":[1],"tags":[],"class_list":["post-7841","post","type-post","status-publish","format-standard","hentry","category-allgemein"],"_links":{"self":[{"href":"http:\/\/woiczik.de\/index.php?rest_route=\/wp\/v2\/posts\/7841"}],"collection":[{"href":"http:\/\/woiczik.de\/index.php?rest_route=\/wp\/v2\/posts"}],"about":[{"href":"http:\/\/woiczik.de\/index.php?rest_route=\/wp\/v2\/types\/post"}],"author":[{"embeddable":true,"href":"http:\/\/woiczik.de\/index.php?rest_route=\/wp\/v2\/users\/1"}],"replies":[{"embeddable":true,"href":"http:\/\/woiczik.de\/index.php?rest_route=%2Fwp%2Fv2%2Fcomments&post=7841"}],"version-history":[{"count":22,"href":"http:\/\/woiczik.de\/index.php?rest_route=\/wp\/v2\/posts\/7841\/revisions"}],"predecessor-version":[{"id":7923,"href":"http:\/\/woiczik.de\/index.php?rest_route=\/wp\/v2\/posts\/7841\/revisions\/7923"}],"wp:attachment":[{"href":"http:\/\/woiczik.de\/index.php?rest_route=%2Fwp%2Fv2%2Fmedia&parent=7841"}],"wp:term":[{"taxonomy":"category","embeddable":true,"href":"http:\/\/woiczik.de\/index.php?rest_route=%2Fwp%2Fv2%2Fcategories&post=7841"},{"taxonomy":"post_tag","embeddable":true,"href":"http:\/\/woiczik.de\/index.php?rest_route=%2Fwp%2Fv2%2Ftags&post=7841"}],"curies":[{"name":"wp","href":"https:\/\/api.w.org\/{rel}","templated":true}]}}