{"id":8228,"date":"2025-09-09T12:14:43","date_gmt":"2025-09-09T10:14:43","guid":{"rendered":"http:\/\/woiczik.de\/?p=8228"},"modified":"2026-03-16T07:43:11","modified_gmt":"2026-03-16T05:43:11","slug":"berlin-marathon-am-21-09-2025","status":"publish","type":"post","link":"http:\/\/woiczik.de\/?p=8228","title":{"rendered":"Berlin Marathon am 21.09.2025"},"content":{"rendered":"<p>Views: 508<\/p>\n<ol class=\"wp-block-list\">\n<li><strong>Vorschau \u201eDer Kreis schlie\u00dft sich\u201c<\/strong><\/li>\n<\/ol>\n\n\n\n<p>Am <strong>29.09.1985<\/strong> lief ich in Berlin meinen ersten Marathon und dieses gleich unter 3 Stunden.<\/p>\n\n\n\n<p>An einem spielfreien Spieltag in der Oberliga Berlin (heute 3.Liga) probierte ich als leistungsorientierter Fu\u00dfballer das \u201eAbenteuer Marathon\u201c aus und finishte gl\u00fccklich und zufrieden von \u201e9.792 Finishers\u201c auf Platz 1620. Insgesamt liefen damals 1748 (17.85%) unter der magischen 3 Stunden Grenze. 1985 ben\u00f6tige ich gute 2 Minuten zur Startlinie um dann endlich ins Laufen zu kommen. Eine Nettozeit gab es nicht, so dass meine 2:58 h eigentlich heutzutage eine 2:56er Zeit w\u00e4re. Mit dem Adidas Laufschuh \u201eAtlanta\u201c passierte ich ungef\u00e4hr in 1:27 h die Halbmarathonmarke und kam mit einer <strong>2:58:50 h<\/strong> auf meiner Timex- Laufuhr im Ziel am \u201eKudamm\u201c an. \u00a0(Foto: SCC Events)<\/p>\n\n\n\n<figure class=\"wp-block-image size-full\"><a href=\"http:\/\/woiczik.de\/wp-content\/uploads\/2025\/09\/2024_09_24_berlin-marathon-historie-1-b8120dcd.jpg\"><img loading=\"lazy\" decoding=\"async\" width=\"600\" height=\"450\" src=\"http:\/\/woiczik.de\/wp-content\/uploads\/2025\/09\/2024_09_24_berlin-marathon-historie-1-b8120dcd.jpg\" alt=\"\" class=\"wp-image-8229\" srcset=\"http:\/\/woiczik.de\/wp-content\/uploads\/2025\/09\/2024_09_24_berlin-marathon-historie-1-b8120dcd.jpg 600w, http:\/\/woiczik.de\/wp-content\/uploads\/2025\/09\/2024_09_24_berlin-marathon-historie-1-b8120dcd-300x225.jpg 300w, http:\/\/woiczik.de\/wp-content\/uploads\/2025\/09\/2024_09_24_berlin-marathon-historie-1-b8120dcd-400x300.jpg 400w\" sizes=\"(max-width: 600px) 100vw, 600px\" \/><\/a><\/figure>\n\n\n\n<p><strong>40 Jahre sp\u00e4te<\/strong>r werde ich hoffentlich gesund an der Startlinie beim diesj\u00e4hrigen Marathon stehen und <strong>leider ohne meinen Trainingspartner Daniel<\/strong> nunmehr alleine versuchen zufrieden um 4:05 Stunden ins Ziel zu kommen. Nunmehr schlie\u00dft sich der Kreis.<\/p>\n\n\n\n<p><strong>Es wird einer meiner letzten Marathonl\u00e4ufe in meinem Leben werden.<\/strong><\/p>\n\n\n\n<figure class=\"wp-block-image size-large\"><a href=\"http:\/\/woiczik.de\/wp-content\/uploads\/2017\/04\/IMG_NEW.jpg\"><img loading=\"lazy\" decoding=\"async\" width=\"792\" height=\"1024\" src=\"http:\/\/woiczik.de\/wp-content\/uploads\/2017\/04\/IMG_NEW-792x1024.jpg\" alt=\"\" class=\"wp-image-2782\" srcset=\"http:\/\/woiczik.de\/wp-content\/uploads\/2017\/04\/IMG_NEW-792x1024.jpg 792w, http:\/\/woiczik.de\/wp-content\/uploads\/2017\/04\/IMG_NEW-232x300.jpg 232w, http:\/\/woiczik.de\/wp-content\/uploads\/2017\/04\/IMG_NEW.jpg 1468w\" sizes=\"(max-width: 792px) 100vw, 792px\" \/><\/a><figcaption class=\"wp-element-caption\">Mein erster 25er im Jahr 1985 (Bild vom 25er im Mai 1985)-4 Monate sp\u00e4ter folgte der erste Marathon<\/figcaption><\/figure>\n\n\n\n<figure class=\"wp-block-image size-large\"><a href=\"http:\/\/woiczik.de\/wp-content\/uploads\/2025\/03\/13196_20250427_100903_480229710_original-scaled.jpg\"><img loading=\"lazy\" decoding=\"async\" width=\"1024\" height=\"682\" src=\"http:\/\/woiczik.de\/wp-content\/uploads\/2025\/03\/13196_20250427_100903_480229710_original-1024x682.jpg\" alt=\"\" class=\"wp-image-7922\" srcset=\"http:\/\/woiczik.de\/wp-content\/uploads\/2025\/03\/13196_20250427_100903_480229710_original-1024x682.jpg 1024w, http:\/\/woiczik.de\/wp-content\/uploads\/2025\/03\/13196_20250427_100903_480229710_original-300x200.jpg 300w, http:\/\/woiczik.de\/wp-content\/uploads\/2025\/03\/13196_20250427_100903_480229710_original-768x512.jpg 768w, http:\/\/woiczik.de\/wp-content\/uploads\/2025\/03\/13196_20250427_100903_480229710_original-1536x1024.jpg 1536w, http:\/\/woiczik.de\/wp-content\/uploads\/2025\/03\/13196_20250427_100903_480229710_original-2048x1365.jpg 2048w, http:\/\/woiczik.de\/wp-content\/uploads\/2025\/03\/13196_20250427_100903_480229710_original-450x300.jpg 450w\" sizes=\"(max-width: 1024px) 100vw, 1024px\" \/><\/a><figcaption class=\"wp-element-caption\">und 40 Jahre sp\u00e4ter (hier beim D\u00fcsseldorf Marathon)<\/figcaption><\/figure>\n\n\n\n<p><strong>2. Marathonvorbereitung<\/strong><\/p>\n\n\n\n<p>Nach einer 10 t\u00e4gigen Laufpause aufgrund eines Infekts stieg ich&nbsp;<strong>am 08.07.2025<\/strong>&nbsp;in eine 11 Wochen andauernde Marathonvorbereitung ein. Auf Grund der Zielsetzung meinen Laufpartner Daniel beim Berlin Marathon zur einer neuen pers\u00f6nlichen Bestzeit zu f\u00fchren (unter 4:10 h) war das Training anders angelegt als in den letzten drei Jahren. Weniger Trainingsumfang und eine k\u00fcrzere Marathonvorbereitung.&nbsp;<strong>In den ersten drei Wochen&nbsp;<\/strong>absolvierte ich drei l\u00e4ngere Dauerl\u00e4ufe mit 22,1 km (2:11 h\/5:56er Schnitt), 24 km und 21,1 km. Bis Ende Juli absolvierte ich zwei 53er und eine 52er Laufwoche, dazu noch 1-2 x sportliches Radfahren in der Woche.&nbsp;<strong>Seit Anfang August<\/strong>&nbsp;muss ich dauerhaft blutdrucksenkende Arzneimittel zur mir nehmen, da der Blutdruck zum dritten Mal in den letzten Jahren bei der Leistungsdiagnostik \u201eexplodierte\u201c (bis zu 260) und so nunmehr Gegenma\u00dfnahmen ergriffen werden m\u00fcssen. Auch andere gesundheitliche Einschr\u00e4nkungen st\u00e4rkten meine Entscheidung, dass ich weniger Umfang in die Marathonvorbereitung investiere, da&nbsp;<strong>die Zielsetzung SUB 4:10 h ist und nicht SUB 3:40 h<\/strong>.<\/p>\n\n\n\n<figure class=\"wp-block-image size-large\"><a href=\"http:\/\/woiczik.de\/wp-content\/uploads\/2025\/08\/Screenshot_20250823-114556.png\"><img loading=\"lazy\" decoding=\"async\" width=\"439\" height=\"1024\" src=\"http:\/\/woiczik.de\/wp-content\/uploads\/2025\/08\/Screenshot_20250823-114556-439x1024.png\" alt=\"\" class=\"wp-image-8209\" srcset=\"http:\/\/woiczik.de\/wp-content\/uploads\/2025\/08\/Screenshot_20250823-114556-439x1024.png 439w, http:\/\/woiczik.de\/wp-content\/uploads\/2025\/08\/Screenshot_20250823-114556-129x300.png 129w, http:\/\/woiczik.de\/wp-content\/uploads\/2025\/08\/Screenshot_20250823-114556-768x1792.png 768w, http:\/\/woiczik.de\/wp-content\/uploads\/2025\/08\/Screenshot_20250823-114556-658x1536.png 658w, http:\/\/woiczik.de\/wp-content\/uploads\/2025\/08\/Screenshot_20250823-114556-878x2048.png 878w, http:\/\/woiczik.de\/wp-content\/uploads\/2025\/08\/Screenshot_20250823-114556.png 1080w\" sizes=\"(max-width: 439px) 100vw, 439px\" \/><\/a><\/figure>\n\n\n\n<p><strong>Trainingswoche 4-8<\/strong><\/p>\n\n\n\n<p>Nach seinem erfolgreichen Mitteldistanz-Triathlon in Waren\/M\u00fcritz am 26.07 absolvierte ich mit meinem&nbsp;<strong>Trainingspartner Daniel&nbsp;<\/strong>am 02.08.2025 einen 30,24 km langen LDL (3:03:41 h) im 6:04er Schnitt. <strong>Leider war dieses die letzte gemeinsame Trainingseinheit<\/strong>. Er erkrankte daraufhin und konnte mehrere Wochen nicht trainieren, so dass er die Teilnahme am diesj\u00e4hrigen Berlin-Marathon absagen musste. Notgedrungen musste ich daher seither alleine meine Laufkilometer absolvieren. Nach einer 63,62 km Trainingswoche stand in der f\u00fcnften Vorbereitungswoche eine Regenerationswoche in Soltau mit knapp 50 km an. Daraufhin folgte eine&nbsp;<strong>70,56 km umfangreiche Trainingswoche<\/strong>&nbsp;mit einem LDL mit&nbsp;<strong>28,62 km<\/strong>&nbsp;(3:01:02 h\/6:19er Schnitt). Die beste lange Einheit in der bisherigen Marathonvorbereitung lief ich am 23.8 und schloss diese Trainingswoche mit 64,69 km erfolgreich ab.&nbsp;<strong>Leider ist das einsame Laufen \u201egrauenhaft\u201c f\u00fcr mich<\/strong>, so dass ich mich freue, dass nur noch ein Lauf \u00fcber 30 km f\u00fcr mich ansteht.<\/p>\n\n\n\n<p><strong>Trainingswoche 9-11 <\/strong><\/p>\n\n\n\n<figure class=\"wp-block-image size-large\"><a href=\"http:\/\/woiczik.de\/wp-content\/uploads\/2025\/09\/IMG-20250912-WA0024.jpg\"><img loading=\"lazy\" decoding=\"async\" width=\"768\" height=\"1024\" src=\"http:\/\/woiczik.de\/wp-content\/uploads\/2025\/09\/IMG-20250912-WA0024-768x1024.jpg\" alt=\"\" class=\"wp-image-8236\" srcset=\"http:\/\/woiczik.de\/wp-content\/uploads\/2025\/09\/IMG-20250912-WA0024-768x1024.jpg 768w, http:\/\/woiczik.de\/wp-content\/uploads\/2025\/09\/IMG-20250912-WA0024-225x300.jpg 225w, http:\/\/woiczik.de\/wp-content\/uploads\/2025\/09\/IMG-20250912-WA0024-1152x1536.jpg 1152w, http:\/\/woiczik.de\/wp-content\/uploads\/2025\/09\/IMG-20250912-WA0024.jpg 1500w\" sizes=\"(max-width: 768px) 100vw, 768px\" \/><\/a><\/figure>\n\n\n\n<p><strong>Trainingsabschluss im Ostseebad Rerik<\/strong><\/p>\n\n\n\n<p>Am 31.08 lief ich die letzte lange Einheit (28,49 km in 3:00:34 h\/6:20er Schnitt) und schloss diese Trainingswoche mit 62 km Laufkilometern ab. In der nachfolgenden Trainingswoche absolvierte ich den Kreuzberger Viertelmarathon und kam auf 56,1 Laufkilometer. Die letzte Trainingswoche vor der Marathonwoche waren meine Frau und ich drei Tage in Rerik an der Ostsee und insgesamt lief ich &#8222;nur&#8220; drei Mal gem\u00e4\u00df meinem Trainingsplan. <\/p>\n\n\n\n<figure class=\"wp-block-image size-large\"><a href=\"http:\/\/woiczik.de\/wp-content\/uploads\/2025\/09\/IMG-20250912-WA0040.jpg\"><img loading=\"lazy\" decoding=\"async\" width=\"768\" height=\"1024\" src=\"http:\/\/woiczik.de\/wp-content\/uploads\/2025\/09\/IMG-20250912-WA0040-768x1024.jpg\" alt=\"\" class=\"wp-image-8237\" srcset=\"http:\/\/woiczik.de\/wp-content\/uploads\/2025\/09\/IMG-20250912-WA0040-768x1024.jpg 768w, http:\/\/woiczik.de\/wp-content\/uploads\/2025\/09\/IMG-20250912-WA0040-225x300.jpg 225w, http:\/\/woiczik.de\/wp-content\/uploads\/2025\/09\/IMG-20250912-WA0040-1152x1536.jpg 1152w, http:\/\/woiczik.de\/wp-content\/uploads\/2025\/09\/IMG-20250912-WA0040.jpg 1500w\" sizes=\"(max-width: 768px) 100vw, 768px\" \/><\/a><\/figure>\n\n\n\n<p>In Rerik lief ich 1 h im geplanten Wettkampftempo von 5:55 min\/km und als Abschluss der Marathonvorbereitung am Sonntag fr\u00fch um 6.30 Uhr bei 14 Grad und Regen (ansonsten war Toppwetter in Rerik) lief ich im Training einen Drittelmarathon in 1:17:00 h (5:30er Tempo). <\/p>\n\n\n\n<figure class=\"wp-block-image size-large\"><a href=\"http:\/\/woiczik.de\/wp-content\/uploads\/2025\/08\/IMG_20250809_071106349_HDR-scaled.jpg\"><img loading=\"lazy\" decoding=\"async\" width=\"768\" height=\"1024\" src=\"http:\/\/woiczik.de\/wp-content\/uploads\/2025\/08\/IMG_20250809_071106349_HDR-768x1024.jpg\" alt=\"\" class=\"wp-image-8210\" srcset=\"http:\/\/woiczik.de\/wp-content\/uploads\/2025\/08\/IMG_20250809_071106349_HDR-768x1024.jpg 768w, http:\/\/woiczik.de\/wp-content\/uploads\/2025\/08\/IMG_20250809_071106349_HDR-225x300.jpg 225w, http:\/\/woiczik.de\/wp-content\/uploads\/2025\/08\/IMG_20250809_071106349_HDR-1152x1536.jpg 1152w, http:\/\/woiczik.de\/wp-content\/uploads\/2025\/08\/IMG_20250809_071106349_HDR-1536x2048.jpg 1536w, http:\/\/woiczik.de\/wp-content\/uploads\/2025\/08\/IMG_20250809_071106349_HDR-scaled.jpg 1920w\" sizes=\"(max-width: 768px) 100vw, 768px\" \/><\/a><figcaption class=\"wp-element-caption\">Training u.a. in Soltau<\/figcaption><\/figure>\n\n\n\n<p><strong>Zusammenfassung<\/strong><\/p>\n\n\n\n<p>11 Wochen Marathonvorbereitung mit 1. Trainingsblock (53,5\/53,81\/52 und 48,24 km (Regenerationswoche)- 2.Trainingsblock mit (62,33\/70,56\/64,64 und 61,83 km) und 3.Trainingsblock mit 56,1 km (mit Kreuzberger Viertelmarathon), 34,2 km mit zwei L\u00e4ufen in Rerik u.a. Drittelmarathon als Test und dann die Marathonwoche. Im Durchschnitt werden es dann 632,19 km in 11 Wochen mit einen w\u00f6chentlichen Laufumfang von <strong>57,47 km<\/strong> gewesen sein. Dazu noch fast <strong>200 Radkilometer<\/strong> und Yoga und Dehnprogramme.   <\/p>\n\n\n\n<p>Vier lange Laufeinheiten \u00fcber 3 h. Wenn es nicht tats\u00e4chlich 27 Grad am Sonntag mit Sonneneinstrahlung werden soll (Prognose vom 15.9), dann m\u00fcsste eine realistische Laufzeit von 4:05-4:10 h drin sein.    <\/p>\n\n\n\n<p>3. <strong>Das lange Marathon-Wochenende<\/strong><\/p>\n\n\n\n<p><strong>Historische Medaille f\u00fcr das deutsche Team in Tokio: Amanal Petros (SCC Berlin)<\/strong> ist seit Montag der erste deutsche Marathonl\u00e4ufer seit der Wiedervereinigung, der eine Medaille bei Leichtathletik-Weltmeisterschaften gewinnen konnte. Zeitgleich wurde der 30-J\u00e4hrige hinter Alphonce Felix Simbu aus Tansania in 2:09:48 Stunden Zweiter. Der letzte deutsche Athlet, dem ein WM-Medaillenerfolg gelang, war 1983 Waldemar Cierpinski f\u00fcr die DDR.<\/p>\n\n\n\n<p>In einem mehr als dramatischen Finale fiel die Entscheidung erst auf der Bahn des Olympiastadions. Zeitgleich st\u00fcrmten Amanal Petros und Alphonce Felix Simbu \u00fcber die Ziellinie. Erst einige Sekunden sp\u00e4ter stand fest, dass der Deutsche Silber gewonnen hatte. Dritter wurde Iliass Aouani aus Italien in 2:09:53 Stunden. Mit Richard Ringer (LC Rehlingen) erreichte ein weiterer Deutscher in 2:11:14 Stunden als 13. ein starkes Ergebnis.<\/p>\n\n\n\n<figure class=\"wp-block-image size-large\"><a href=\"http:\/\/woiczik.de\/wp-content\/uploads\/2025\/09\/csm_petros-a_wm25_finish_foto_papenfuss_60d49cd9e7.jpg\"><img loading=\"lazy\" decoding=\"async\" width=\"1024\" height=\"576\" src=\"http:\/\/woiczik.de\/wp-content\/uploads\/2025\/09\/csm_petros-a_wm25_finish_foto_papenfuss_60d49cd9e7-1024x576.jpg\" alt=\"\" class=\"wp-image-8242\" srcset=\"http:\/\/woiczik.de\/wp-content\/uploads\/2025\/09\/csm_petros-a_wm25_finish_foto_papenfuss_60d49cd9e7-1024x576.jpg 1024w, http:\/\/woiczik.de\/wp-content\/uploads\/2025\/09\/csm_petros-a_wm25_finish_foto_papenfuss_60d49cd9e7-300x169.jpg 300w, http:\/\/woiczik.de\/wp-content\/uploads\/2025\/09\/csm_petros-a_wm25_finish_foto_papenfuss_60d49cd9e7-768x432.jpg 768w, http:\/\/woiczik.de\/wp-content\/uploads\/2025\/09\/csm_petros-a_wm25_finish_foto_papenfuss_60d49cd9e7-500x281.jpg 500w, http:\/\/woiczik.de\/wp-content\/uploads\/2025\/09\/csm_petros-a_wm25_finish_foto_papenfuss_60d49cd9e7.jpg 1536w\" sizes=\"(max-width: 1024px) 100vw, 1024px\" \/><\/a><\/figure>\n\n\n\n<p>Mit neuartigen&nbsp;<a href=\"https:\/\/de.wikipedia.org\/wiki\/Carbonlaufschuh\">Carbonlaufschuhen<\/a>&nbsp;gelang ihm beim&nbsp;<a href=\"https:\/\/de.wikipedia.org\/wiki\/Berlin-Marathon_2023\">Berlin-Marathon 2023<\/a>&nbsp;die Verbesserung seines deutschen Marathonrekords um gleich&nbsp;1\u202f<sup>1<\/sup>\u2044<sub>2<\/sub>&nbsp;Minuten auf 2:04:58&nbsp;h.<\/p>\n\n\n\n<p>Foto: leichtathletik.de<\/p>\n\n\n\n<p><strong>Berlin Marathon findet wohl ohne mich statt<\/strong>&#8211;<strong>Stand 16.09.2025<\/strong><\/p>\n\n\n\n<figure class=\"wp-block-image size-large\"><a href=\"http:\/\/woiczik.de\/wp-content\/uploads\/2024\/09\/laeufer_start_marathon_berlin24_foto_norbert-wilhelmi.jpg\"><img loading=\"lazy\" decoding=\"async\" width=\"1024\" height=\"576\" src=\"http:\/\/woiczik.de\/wp-content\/uploads\/2024\/09\/laeufer_start_marathon_berlin24_foto_norbert-wilhelmi-1024x576.jpg\" alt=\"\" class=\"wp-image-7548\" srcset=\"http:\/\/woiczik.de\/wp-content\/uploads\/2024\/09\/laeufer_start_marathon_berlin24_foto_norbert-wilhelmi-1024x576.jpg 1024w, http:\/\/woiczik.de\/wp-content\/uploads\/2024\/09\/laeufer_start_marathon_berlin24_foto_norbert-wilhelmi-300x169.jpg 300w, http:\/\/woiczik.de\/wp-content\/uploads\/2024\/09\/laeufer_start_marathon_berlin24_foto_norbert-wilhelmi-768x432.jpg 768w, http:\/\/woiczik.de\/wp-content\/uploads\/2024\/09\/laeufer_start_marathon_berlin24_foto_norbert-wilhelmi-1536x864.jpg 1536w, http:\/\/woiczik.de\/wp-content\/uploads\/2024\/09\/laeufer_start_marathon_berlin24_foto_norbert-wilhelmi-500x281.jpg 500w, http:\/\/woiczik.de\/wp-content\/uploads\/2024\/09\/laeufer_start_marathon_berlin24_foto_norbert-wilhelmi.jpg 1920w\" sizes=\"(max-width: 1024px) 100vw, 1024px\" \/><\/a><\/figure>\n\n\n\n<p>Gem\u00e4\u00df \u00fcbereinstimmenden Wetterdiensten soll eine Warmfront ab Freitag nach Deutschland mit H\u00f6chstwerten um 30 Grad mit sehr viel Sonne kommen. F\u00fcr den Start um 9.15 Uhr am Marathon-Sonntag sind 19 Grad (gef\u00fchlt 23 Grad) und f\u00fcr 13.00 Uhr 24 Grad (gef\u00fchlt 27 Grad) vorausgesagt. <strong>Ich w\u00fcrde um 9.50 Uhr in Block F bei 20 Grad (gef\u00fchlt 24 Grad) starten und bei 25 Grad (gef\u00fchlt 29 Grad) gegen 13.50 Uhr\u00a0 ins Ziel kommen<\/strong>.12 1\/2 Stunden soll die Sonne voll scheinen.(Foto: dpa)<\/p>\n\n\n\n<p><strong>F\u00fcr mich ist das eindeutig zu warm<\/strong>.&nbsp; Aus <strong>gesundheitlichen Gr\u00fcnden<\/strong> auf Grund meines Belastungsasthma bekomme ich bei viel Sonne und Werten \u00fcber 20 Grad Atemprobleme. Bei Wettk\u00e4mpfen bis 10 km kann ich damit Leben, aber letztmalig beim Berliner Halbmarathon 2024 waren diese Beschwerden auf Grund der hohen Temperaturen leistungsmindernd und f\u00fchrten zu zahlreichen Gehpausen und Atemproblemen.<\/p>\n\n\n\n<p>Ich werde am Donnerstag, den 18.9 bei der Marathon Expo zwar meine Startnummer abholen und hoffen, dass die Temperaturen am Sonntag doch noch l\u00e4uferfreundlicher werden, aber aktuell sieht es danach aus, dass der Marathon leider ohne mich stattfindet und ich 205 Euro (Startgeb\u00fchr) &#8222;in die Tonne treten kann&#8220;. Ich muss mir nichts mehr beweisen. <strong>Auch wenn es schwer f\u00e4llt nach all dem Training, derzeit sieht es danach aus, dass es aus gesundheitlichen Gr\u00fcnden besser ist auf Grund der zu erwartenden Temperaturen nicht an den Start beim 51. Berlin Marathon zu gehen.<\/strong><\/p>\n\n\n\n<p><strong>Starte ich doch am Sonntag?<\/strong> Stand 18.09 &#8211; drei Tage vor dem Berlin Marathon<\/p>\n\n\n\n<p><\/p>\n\n\n\n<p>Am Samstag Nachmittag wird dann hoffentlich feststehen, ob ich an den Start gehen kann oder nicht? Auf Grund der derzeitigen Wetterprognosen f\u00fcr Sonntag bei den renomierten Wetterdiensten ist <strong>ein Start von mir ausgeschlossen<\/strong>. Polizei SV Training am letzten Dienstag mit Trainer Christian mit Einlaufen 4*100 Meter &#8222;runter&#8220; , 10 min. Traben, 4*100 Meter &#8222;rauf&#8220; (sehr flott) und dann 300 Meter Steigerungslauf im 3:20er Tempo mit 30 Minuten ganz ruhig Auslaufen und am Mittwoch Yoga (75 Minuten) absolviert. Heute dann mit der Trainingsgruppe zur Marathon Expo. 7 Aktive sind f\u00fcr den Berlin Marathon gemeldet.<\/p>\n\n\n\n<figure class=\"wp-block-image size-large\"><a href=\"http:\/\/woiczik.de\/wp-content\/uploads\/2025\/09\/Screenshot_20250918-061431.png\"><img loading=\"lazy\" decoding=\"async\" width=\"439\" height=\"1024\" src=\"http:\/\/woiczik.de\/wp-content\/uploads\/2025\/09\/Screenshot_20250918-061431-439x1024.png\" alt=\"\" class=\"wp-image-8263\" srcset=\"http:\/\/woiczik.de\/wp-content\/uploads\/2025\/09\/Screenshot_20250918-061431-439x1024.png 439w, http:\/\/woiczik.de\/wp-content\/uploads\/2025\/09\/Screenshot_20250918-061431-129x300.png 129w, http:\/\/woiczik.de\/wp-content\/uploads\/2025\/09\/Screenshot_20250918-061431-768x1792.png 768w, http:\/\/woiczik.de\/wp-content\/uploads\/2025\/09\/Screenshot_20250918-061431-658x1536.png 658w, http:\/\/woiczik.de\/wp-content\/uploads\/2025\/09\/Screenshot_20250918-061431-878x2048.png 878w, http:\/\/woiczik.de\/wp-content\/uploads\/2025\/09\/Screenshot_20250918-061431.png 1080w\" sizes=\"(max-width: 439px) 100vw, 439px\" \/><\/a><\/figure>\n\n\n\n<p>Artikel vom 18.09.2025 im Berliner Tagesspiegel<\/p>\n\n\n\n<p>Es scheint so, dass der diesj\u00e4hrige Berlin Marathon der Zweitw\u00e4rmste in der Geschichte dieser Traditionsveranstaltung werden wird. Nur 2006 mit 27 Grad um 12 Uhr war es w\u00e4rmer. <\/p>\n\n\n\n<figure class=\"wp-block-image size-large\"><a href=\"http:\/\/woiczik.de\/wp-content\/uploads\/2025\/09\/Screenshot_20250918-092954.png\"><img loading=\"lazy\" decoding=\"async\" width=\"439\" height=\"1024\" src=\"http:\/\/woiczik.de\/wp-content\/uploads\/2025\/09\/Screenshot_20250918-092954-439x1024.png\" alt=\"\" class=\"wp-image-8267\" srcset=\"http:\/\/woiczik.de\/wp-content\/uploads\/2025\/09\/Screenshot_20250918-092954-439x1024.png 439w, http:\/\/woiczik.de\/wp-content\/uploads\/2025\/09\/Screenshot_20250918-092954-129x300.png 129w, http:\/\/woiczik.de\/wp-content\/uploads\/2025\/09\/Screenshot_20250918-092954-768x1792.png 768w, http:\/\/woiczik.de\/wp-content\/uploads\/2025\/09\/Screenshot_20250918-092954-658x1536.png 658w, http:\/\/woiczik.de\/wp-content\/uploads\/2025\/09\/Screenshot_20250918-092954-878x2048.png 878w, http:\/\/woiczik.de\/wp-content\/uploads\/2025\/09\/Screenshot_20250918-092954.png 1080w\" sizes=\"(max-width: 439px) 100vw, 439px\" \/><\/a><\/figure>\n\n\n\n<p>Wetterprognose vom 18.9 um 10.00 Uhr, aktuell werden um 14.00 Uhr 27 Grad im Ziel erwartet.<\/p>\n\n\n\n<p><strong>3.1. Die Marathon Expo<\/strong><\/p>\n\n\n\n<figure class=\"wp-block-image size-large\"><a href=\"http:\/\/woiczik.de\/wp-content\/uploads\/2025\/09\/IMG_20250918_164913479-1-scaled.jpg\"><img loading=\"lazy\" decoding=\"async\" width=\"768\" height=\"1024\" src=\"http:\/\/woiczik.de\/wp-content\/uploads\/2025\/09\/IMG_20250918_164913479-1-768x1024.jpg\" alt=\"\" class=\"wp-image-8273\" srcset=\"http:\/\/woiczik.de\/wp-content\/uploads\/2025\/09\/IMG_20250918_164913479-1-768x1024.jpg 768w, http:\/\/woiczik.de\/wp-content\/uploads\/2025\/09\/IMG_20250918_164913479-1-225x300.jpg 225w, http:\/\/woiczik.de\/wp-content\/uploads\/2025\/09\/IMG_20250918_164913479-1-1152x1536.jpg 1152w, http:\/\/woiczik.de\/wp-content\/uploads\/2025\/09\/IMG_20250918_164913479-1-1536x2048.jpg 1536w, http:\/\/woiczik.de\/wp-content\/uploads\/2025\/09\/IMG_20250918_164913479-1-scaled.jpg 1920w\" sizes=\"(max-width: 768px) 100vw, 768px\" \/><\/a><\/figure>\n\n\n\n<p>F\u00fcr alle Teilnehmerinnen und Teilnehmer des Berlin-Marathons ist der Besuch der Marathon Expo in der Messe Berlin ein Pflichttermin \u2013 schlie\u00dflich erfolgt hier die Ausgabe der notwendigen Startunterlagen. Auch dar\u00fcber hinaus lohnt ein Besuch: Etwa 100 Aussteller informieren hier \u00fcber alles rund ums Laufen.<\/p>\n\n\n\n<figure class=\"wp-block-image size-large\"><a href=\"http:\/\/woiczik.de\/wp-content\/uploads\/2025\/09\/IMG_20250918_151827912-scaled.jpg\"><img loading=\"lazy\" decoding=\"async\" width=\"768\" height=\"1024\" src=\"http:\/\/woiczik.de\/wp-content\/uploads\/2025\/09\/IMG_20250918_151827912-768x1024.jpg\" alt=\"\" class=\"wp-image-8274\" srcset=\"http:\/\/woiczik.de\/wp-content\/uploads\/2025\/09\/IMG_20250918_151827912-768x1024.jpg 768w, http:\/\/woiczik.de\/wp-content\/uploads\/2025\/09\/IMG_20250918_151827912-225x300.jpg 225w, http:\/\/woiczik.de\/wp-content\/uploads\/2025\/09\/IMG_20250918_151827912-1152x1536.jpg 1152w, http:\/\/woiczik.de\/wp-content\/uploads\/2025\/09\/IMG_20250918_151827912-1536x2048.jpg 1536w, http:\/\/woiczik.de\/wp-content\/uploads\/2025\/09\/IMG_20250918_151827912-scaled.jpg 1920w\" sizes=\"(max-width: 768px) 100vw, 768px\" \/><\/a><\/figure>\n\n\n\n<p>Martin Gr\u00fcning auf der Marathon Expo getroffen (&#8230;Jan Fitschen auch)<\/p>\n\n\n\n<p>Auf der Marathon Expo erhalten die Teilnehmer dann ihr Teilnahmeband, das den Eintritt ins Startgebiet am Sonntag gew\u00e4hrt. Au\u00dferdem gibt\u2018s dort die Startnummer inklusive Tag auf der R\u00fcckseite zur Zeitmessung. Mit einem Buchstaben (A-K) ist der Startblock auf der Startnummer gekennzeichnet. Die Einteilung der Startbl\u00f6cke erfolgt auf Grund der bei der Online-Anmeldung angegebenen Best- oder Zielzeiten.<\/p>\n\n\n\n<figure class=\"wp-block-image size-large\"><a href=\"http:\/\/woiczik.de\/wp-content\/uploads\/2025\/09\/IMG-20250918-WA0005.jpg\"><img loading=\"lazy\" decoding=\"async\" width=\"1024\" height=\"768\" src=\"http:\/\/woiczik.de\/wp-content\/uploads\/2025\/09\/IMG-20250918-WA0005-1024x768.jpg\" alt=\"\" class=\"wp-image-8270\" srcset=\"http:\/\/woiczik.de\/wp-content\/uploads\/2025\/09\/IMG-20250918-WA0005-1024x768.jpg 1024w, http:\/\/woiczik.de\/wp-content\/uploads\/2025\/09\/IMG-20250918-WA0005-300x225.jpg 300w, http:\/\/woiczik.de\/wp-content\/uploads\/2025\/09\/IMG-20250918-WA0005-768x576.jpg 768w, http:\/\/woiczik.de\/wp-content\/uploads\/2025\/09\/IMG-20250918-WA0005-1536x1152.jpg 1536w, http:\/\/woiczik.de\/wp-content\/uploads\/2025\/09\/IMG-20250918-WA0005-400x300.jpg 400w, http:\/\/woiczik.de\/wp-content\/uploads\/2025\/09\/IMG-20250918-WA0005.jpg 1600w\" sizes=\"(max-width: 1024px) 100vw, 1024px\" \/><\/a><\/figure>\n\n\n\n<p>Drei von sechs Aktiven aus unserer Laufgruppe, welche beim diesj\u00e4hrigen Berlin Marathon am Start sind.<\/p>\n\n\n\n<p>125.000 Besucher wurden bislang als Besucher auf der Expo vom Veranstalter gez\u00e4hlt.<\/p>\n\n\n\n<p>Ich war von 14.50 Uhr (\u00d6ffnung 15.00 Uhr) bis 16.50 Uhr am Donnerstag auf der Expo und danach fuhren meine Frau und ich zu Trainer Christians Geburtstagsfeier.<\/p>\n\n\n\n<p><strong>4. Kurz vor dem Start<\/strong><\/p>\n\n\n\n<p>Es ist derzeit 10.00 Uhr am 20.09.2025. Gestern 40 Minuten im 6:50er Tempo ganzzzzzz ruhig gelaufen und heute 20 Minuten mit 4 Steigerungen absolviert. Dazu an jeden Tag Dehnprogramm und meine festen Oberschenkel und Waden mit W\u00e4rme und Feels Like behandeln. <\/p>\n\n\n\n<p><strong>Ich werde morgen an der Startlinie um 9.45 Uhr in Block F stehen, mal sehen wie weit ich komme? Das Training lief sehr gut, dennoch erneut wieder feste Muskulatur trotz Dehnen und Yoga. Wetter? 5 Wetterdienste- 5 unterschiedliche Prognosen, von 19-26 Grad und von Sonne bis Gewitter alles dabei.<\/strong><\/p>\n\n\n\n<figure class=\"wp-block-image size-large\"><a href=\"http:\/\/woiczik.de\/wp-content\/uploads\/2025\/09\/IMG_20250920_161549763-scaled.jpg\"><img loading=\"lazy\" decoding=\"async\" width=\"768\" height=\"1024\" src=\"http:\/\/woiczik.de\/wp-content\/uploads\/2025\/09\/IMG_20250920_161549763-768x1024.jpg\" alt=\"\" class=\"wp-image-8283\" srcset=\"http:\/\/woiczik.de\/wp-content\/uploads\/2025\/09\/IMG_20250920_161549763-768x1024.jpg 768w, http:\/\/woiczik.de\/wp-content\/uploads\/2025\/09\/IMG_20250920_161549763-225x300.jpg 225w, http:\/\/woiczik.de\/wp-content\/uploads\/2025\/09\/IMG_20250920_161549763-1152x1536.jpg 1152w, http:\/\/woiczik.de\/wp-content\/uploads\/2025\/09\/IMG_20250920_161549763-1536x2048.jpg 1536w, http:\/\/woiczik.de\/wp-content\/uploads\/2025\/09\/IMG_20250920_161549763-scaled.jpg 1920w\" sizes=\"(max-width: 768px) 100vw, 768px\" \/><\/a><\/figure>\n\n\n\n<p><strong>   Verletzung l\u00e4sst kein Start beim Berlin Marathon zu<\/strong><\/p>\n\n\n\n<p>Trotz intensiver Bem\u00fchungen meine Wadenverletzung und meine Verspannungen in den Oberschenkeln in den Griff zu bekommen, musste ich schweren Herzens meinen Start sehr <strong>kurzfristig absagen.<\/strong> Fr\u00fch morgens beim Aufstehen um 6.30 Uhr, um mich f\u00fcr den Marathonstart vorzubereiten, humpelte ich mit Schmerzen ins Bad. Es machte keinen Sinn dann 42,195 km zu laufen.  Ich bin gefrustet und werde nunmehr erst einmal eine Woche Pause machen und mich im Schwarzwald behandeln lassen.<\/p>\n\n\n\n<p><strong>Dankesch\u00f6n f\u00fcr Eure lieben Worte -sie helfen bei der Genesung<\/strong><\/p>\n\n\n\n<p><strong>Hier nun das Rennen <\/strong><\/p>\n\n\n\n<p>Sabastian Sawe hat seine Stellung als aktuell bester Marathonl\u00e4ufer der Welt eindrucksvoll untermauert. Nach Siegen in Valencia (2:02:05 h) und London (2:02:27 h) siegte der Kenianer auch in Berlin bei seinem dritten Marathon-Start. Bei warmer Witterung mit Temperaturen am Sonntagvormittag von deutlich \u00fcber 20 Grad und hoher Luftfeuchtigkeit lag der 30-J\u00e4hrige lange Zeit auf Weltrekordtempo und sogar im Bereich f\u00fcr die erste bestenlistenkonforme Zeit unter zwei Stunden.<\/p>\n\n\n\n<p>Doch auf der zweiten Streckenh\u00e4lfte verlor er bei den schwierigen Bedingungen auf jedem Kilometer einige Sekunden und lief 2:02:16 Stunden als umjubelter Sieger vor dem Brandenburger Tor zum Sieg. Schneller war bei so hohen Temperaturen bisher kein Marathonl\u00e4ufer unterwegs. Gleichzeitig steigerte er seine eigene Weltjahresbestzeit um elf Sekunden. \u201eEs war hart, aber ich war gut vorbereitet. Ich freue mich wahnsinnig \u00fcber den Sieg und habe die Atmosph\u00e4re genossen. Ich werde n\u00e4chste Jahr wiederkommen\u201c, sagte Sabastian Sawe bei RTL. \u201eDas war eine unglaubliche Leistung von Sabastian bei diesen Bedingungen &#8211; ich kann ihm nur gratulieren\u201c, sagte Race-Direktor Mark Milde.&nbsp;<\/p>\n\n\n\n<h2 class=\"wp-block-heading\">Sabastian Sawe wird zum Seriensieger-Hitzeweltrekord<\/h2>\n\n\n\n<p>Sabastian Sawe schlug so ein hohes Tempo an, dass er die letzten etwa 19 Kilometer ohne Tempomacher laufen musste. Die Halbmarathonmarke passierte der Kenianer nach 60:16 Minuten und lag damit exakt auf Weltrekordkurs. Diesen hatte der vor anderthalb Jahren bei einem Autounfall verstorbene Kenianer Kelvin Kiptum 2023 in Chicago auf 2:00:35 Stunden gesteigert.<\/p>\n\n\n\n<figure class=\"wp-block-image size-large\"><a href=\"http:\/\/woiczik.de\/wp-content\/uploads\/2025\/09\/csm_sawe_sabastian_berlin25_scc_berlin_petko_beier_7670ed26e9.jpg\"><img loading=\"lazy\" decoding=\"async\" width=\"1024\" height=\"576\" src=\"http:\/\/woiczik.de\/wp-content\/uploads\/2025\/09\/csm_sawe_sabastian_berlin25_scc_berlin_petko_beier_7670ed26e9-1024x576.jpg\" alt=\"\" class=\"wp-image-8284\" srcset=\"http:\/\/woiczik.de\/wp-content\/uploads\/2025\/09\/csm_sawe_sabastian_berlin25_scc_berlin_petko_beier_7670ed26e9-1024x576.jpg 1024w, http:\/\/woiczik.de\/wp-content\/uploads\/2025\/09\/csm_sawe_sabastian_berlin25_scc_berlin_petko_beier_7670ed26e9-300x169.jpg 300w, http:\/\/woiczik.de\/wp-content\/uploads\/2025\/09\/csm_sawe_sabastian_berlin25_scc_berlin_petko_beier_7670ed26e9-768x432.jpg 768w, http:\/\/woiczik.de\/wp-content\/uploads\/2025\/09\/csm_sawe_sabastian_berlin25_scc_berlin_petko_beier_7670ed26e9-1536x864.jpg 1536w, http:\/\/woiczik.de\/wp-content\/uploads\/2025\/09\/csm_sawe_sabastian_berlin25_scc_berlin_petko_beier_7670ed26e9-500x281.jpg 500w, http:\/\/woiczik.de\/wp-content\/uploads\/2025\/09\/csm_sawe_sabastian_berlin25_scc_berlin_petko_beier_7670ed26e9.jpg 1932w\" sizes=\"(max-width: 1024px) 100vw, 1024px\" \/><\/a><\/figure>\n\n\n\n<p>Mit seiner starken Siegerzeit hatte Sabastian Sawe bei seinem dritten Sieg im dritten Marathon einen riesigen Vorsprung auf den \u00dcberraschungszweiten Akira Akasaki (Japan). Der Olympia-Sechste \u00fcberholte auf den letzten zehn Kilometern zahlreiche Konkurrenten und lief nach 2:06:15 Stunden auf Rang zwei, dabei legte er die zweite H\u00e4lfte fast so schnell wie die erste zur\u00fcck. 42 Sekunden dahinter belegte Chimdessa Debele (\u00c4thiopien) Rag drei.<\/p>\n\n\n\n<h2 class=\"wp-block-heading\">Hendrik Pfeiffer l\u00e4uft unter die Top 10<\/h2>\n\n\n\n<figure class=\"wp-block-image size-large\"><a href=\"http:\/\/woiczik.de\/wp-content\/uploads\/2025\/09\/csm_pfeiffer_hendrik_berlin25_scc_berlin_sebastian_wells_00aebad4f2.jpg\"><img loading=\"lazy\" decoding=\"async\" width=\"1024\" height=\"576\" src=\"http:\/\/woiczik.de\/wp-content\/uploads\/2025\/09\/csm_pfeiffer_hendrik_berlin25_scc_berlin_sebastian_wells_00aebad4f2-1024x576.jpg\" alt=\"\" class=\"wp-image-8286\" srcset=\"http:\/\/woiczik.de\/wp-content\/uploads\/2025\/09\/csm_pfeiffer_hendrik_berlin25_scc_berlin_sebastian_wells_00aebad4f2-1024x576.jpg 1024w, http:\/\/woiczik.de\/wp-content\/uploads\/2025\/09\/csm_pfeiffer_hendrik_berlin25_scc_berlin_sebastian_wells_00aebad4f2-300x169.jpg 300w, http:\/\/woiczik.de\/wp-content\/uploads\/2025\/09\/csm_pfeiffer_hendrik_berlin25_scc_berlin_sebastian_wells_00aebad4f2-768x432.jpg 768w, http:\/\/woiczik.de\/wp-content\/uploads\/2025\/09\/csm_pfeiffer_hendrik_berlin25_scc_berlin_sebastian_wells_00aebad4f2-1536x864.jpg 1536w, http:\/\/woiczik.de\/wp-content\/uploads\/2025\/09\/csm_pfeiffer_hendrik_berlin25_scc_berlin_sebastian_wells_00aebad4f2-500x281.jpg 500w, http:\/\/woiczik.de\/wp-content\/uploads\/2025\/09\/csm_pfeiffer_hendrik_berlin25_scc_berlin_sebastian_wells_00aebad4f2.jpg 1918w\" sizes=\"(max-width: 1024px) 100vw, 1024px\" \/><\/a><\/figure>\n\n\n\n<p>Die schnellsten deutschen M\u00e4nner mit Hendrik Pfeiffer (D\u00fcsseldorf Athletics), Sebastian Hendel, Johannes Motschmann (beide SCC Berlin) und Haftom Welday (TB Eilbeck) liefen gemeinsam in einer dritten Gruppe und gingen Richtung 2:08 Stunden an. Nach der 25-Kilometer-Marke \u00fcbernahm Hendrik Pfeiffer die Initiative und zog seinen nationalen Konkurrenten davon. Nach 2:09:14 Stunden lief der D\u00fcsseldorfer als schnellster Deutscher auf Platz acht ins Ziel. \u201eTop 10 ist Wahnsinn, das ist einer der gr\u00f6\u00dften Erfolge meiner Karriere, ich bin megahappy. Nat\u00fcrlich werden wir an Zeiten gemessen, aber bei 24 Grad waren 2:09 Stunden das Maximum\u201c, sagte Hendrik Pfeiffer, der 16 Sekunden unter der Norm f\u00fcr die EM 2026 in Birmingham blieb.<\/p>\n\n\n\n<p>Johannes Motschmann hatte sich das Rennen gut eingeteilt und konnte auf den finalen Kilometern einige Pl\u00e4tze und Sekunden gutmachen. Mit 2:10:40 Stunden verpasste der Berliner seine Bestzeit nur um eine Sekunde. Sebastian Hendel und Haftom Welday stiegen auf der zweiten Streckenh\u00e4lfte aus. Als drittbester Deutscher belegte Erik Hille (TV Burglengenfeld) mit 2:16:40 Stunden Rang 21. \u201eIch bin supergl\u00fccklich. Ich war 38. in der Meldeliste und bin Elfter geworden. Es hat total Spa\u00df gemacht, so eine Stimmung wie heute habe ich noch nie erlebt\u201c, so Johannes Motschmann.<\/p>\n\n\n\n<h2 class=\"wp-block-heading\">Fabienne K\u00f6nigstein h\u00e4ngt Tempomacher ab<\/h2>\n\n\n\n<figure class=\"wp-block-image size-large\"><a href=\"http:\/\/woiczik.de\/wp-content\/uploads\/2025\/09\/csm_koenigstein_fabienne_tor_berlin25_scc_berlin_sebastian_wells_abc66ce2b6.jpg\"><img loading=\"lazy\" decoding=\"async\" width=\"1024\" height=\"576\" src=\"http:\/\/woiczik.de\/wp-content\/uploads\/2025\/09\/csm_koenigstein_fabienne_tor_berlin25_scc_berlin_sebastian_wells_abc66ce2b6-1024x576.jpg\" alt=\"\" class=\"wp-image-8285\" srcset=\"http:\/\/woiczik.de\/wp-content\/uploads\/2025\/09\/csm_koenigstein_fabienne_tor_berlin25_scc_berlin_sebastian_wells_abc66ce2b6-1024x576.jpg 1024w, http:\/\/woiczik.de\/wp-content\/uploads\/2025\/09\/csm_koenigstein_fabienne_tor_berlin25_scc_berlin_sebastian_wells_abc66ce2b6-300x169.jpg 300w, http:\/\/woiczik.de\/wp-content\/uploads\/2025\/09\/csm_koenigstein_fabienne_tor_berlin25_scc_berlin_sebastian_wells_abc66ce2b6-768x432.jpg 768w, http:\/\/woiczik.de\/wp-content\/uploads\/2025\/09\/csm_koenigstein_fabienne_tor_berlin25_scc_berlin_sebastian_wells_abc66ce2b6-1536x864.jpg 1536w, http:\/\/woiczik.de\/wp-content\/uploads\/2025\/09\/csm_koenigstein_fabienne_tor_berlin25_scc_berlin_sebastian_wells_abc66ce2b6-500x281.jpg 500w, http:\/\/woiczik.de\/wp-content\/uploads\/2025\/09\/csm_koenigstein_fabienne_tor_berlin25_scc_berlin_sebastian_wells_abc66ce2b6.jpg 1953w\" sizes=\"(max-width: 1024px) 100vw, 1024px\" \/><\/a><\/figure>\n\n\n\n<p>Bei den Frauen gingen Fabienne K\u00f6nigstein (MTG Mannheim) und Domenika Mayer (LG Telis Finanz Regensburg) mit Halbmarathonzeiten von 70:42 bzw. 71:08 Minuten offensiv an und verloren auch auf der zweiten Streckenh\u00e4lfte nur wenig Zeit. Auf den finalen zehn Kilometern \u00fcberholte Fabienne K\u00f6nigstein L\u00e4uferin und L\u00e4uferin und st\u00fcrmte nach 2:22 17 Stunden auf Platz sechs ins Ziel. Damit steigerte die 32-J\u00e4hrige ihre Bestzeit um mehr als drei Minuten und sortierte sich auf Platz drei der ewigen deutschen Bestenliste (siehe Statistik unten, nur bestenlistenkonforme Strecken) ein. \u201eEs war hart hinten raus, zumal mein Tempomacher fr\u00fch ausgestiegen ist. Aber die Menschenmasse haben mich getragen\u201c, erz\u00e4hlte Fabienne K\u00f6nigstein im Ziel.<\/p>\n\n\n\n<p>Ebenfalls eine ganz starke Leistung zeigte Domenika Mayer. Die Regensburgerin steigerte als achte ihre Bestzeit um eine halbe Minute auf 2:23:16 Stunden. Dabei arbeitete sie sich auf der zweiten Streckenh\u00e4lfte um acht Pl\u00e4tze nach vorn. Beide DLV-L\u00e4uferinnen blieb au\u00dferdem deutlich unter der Norm f\u00fcr die EM 2026 in Birmingham (2:27:00 h). \u201eIch bin sehr zufrieden, zumal mein Kreislauf etwas schwummerig war. Am Anfang waren meine Tempomacher sehr schnell unterwegs, da musste ich mich ein wenige bremsen\u201c, sagte die Regensburgerin. Rang drei in der nationalen Wertung ging an Melina Wolf (LG Region Karlsruhe; 2:30:31 h) auf Rang 15.<\/p>\n\n\n\n<p>An der Spitze wagte Rosemary Wanjiru (Kenia) nach der 25-Kilometer-Marke den entscheidenden Vorsto\u00df und l\u00f6ste sich aus der F\u00fchrungsgruppe. Bei der 40-Kilometer-Marke hatte sie mehr als eine halbe Minute Vorsprung auf die Verfolgerinnen. Doch dann verlie\u00dfen die Kenianerin die Kr\u00e4fte und Dera Dida (\u00c4thiopien) kam Sekunde um Sekunde heran. Am Ende rettete Rosemary Wanjiru mit 2:21:05 Stunden einen Vorsprung von drei Sekunden ins Ziel. Azmera Gebru (\u00c4thiopien) lief nach 2:21:28 Stunden auf Rang drei.&nbsp;Die Veranstalter registrierten f\u00fcr den Marathon mehr als 55.000 Anmeldungen aus 160 Nationen. Darunter auch Musik-Superstar Harry Styles. Der lief unter dem falschen Namen&nbsp;\u201eSted Sarandos\u201c mit der&nbsp;Startnummer 31261 (Foto in der Bildergalerie) und finishte nach 2:59:13 Stunden.<\/p>\n\n\n\n<p><\/p>\n\n\n\n<p><strong>Unsere PSVer liefen:<\/strong><\/p>\n\n\n\n<ul class=\"wp-block-list\">\n<li>PlatzPl.AKNameStartnr.AKVereinBruttoZiel<\/li>\n\n\n\n<li>25133522<a href=\"https:\/\/berlin.r.mikatiming.com\/2025\/?content=detail&amp;fpid=search&amp;pid=search&amp;idp=HCH3C0OHCAAF7&amp;lang=DE&amp;event=BML_HCH3C0OH2F2&amp;event_main_group=BMW+BERLIN+MARATHON&amp;search%5Bclub%5D=Polizei+SV+Berlin&amp;search%5Bage_class%5D=%25&amp;search%5Bsex%5D=%25&amp;search%5Bnation%5D=%25&amp;search_sort=name&amp;search_event=BML_HCH3C0OH2F2\">Geisler, Eva (GER)<\/a>1860750<strong>Polizei SV Berlin<\/strong><a href=\"https:\/\/berlin.r.mikatiming.com\/2025\/?content=detail&amp;fpid=search&amp;pid=search&amp;idp=HCH3C0OHCAAF7&amp;lang=DE&amp;event=BML_HCH3C0OH2F2&amp;event_main_group=BMW+BERLIN+MARATHON&amp;search%5Bclub%5D=Polizei+SV+Berlin&amp;search%5Bage_class%5D=%25&amp;search%5Bsex%5D=%25&amp;search%5Bnation%5D=%25&amp;search_sort=name&amp;search_event=BML_HCH3C0OH2F2\"><\/a>04:33:320<strong>4:23:39<\/strong><a href=\"https:\/\/berlin.r.mikatiming.com\/2025\/?event_main_group=BMW+BERLIN+MARATHON&amp;pid=search&amp;search%5Bclub%5D=Polizei+SV+Berlin&amp;search%5Bage_class%5D=%25&amp;search%5Bsex%5D=%25&amp;search%5Bnation%5D=%25&amp;search_sort=name&amp;event=BML_HCH3C0OH2F2&amp;favorite_add=HCH3C0OHCAAF7\"><\/a><\/li>\n\n\n\n<li>3385613<a href=\"https:\/\/berlin.r.mikatiming.com\/2025\/?content=detail&amp;fpid=search&amp;pid=search&amp;idp=HCH3C0OHC5CD5&amp;lang=DE&amp;event=BML_HCH3C0OH2F2&amp;event_main_group=BMW+BERLIN+MARATHON&amp;search%5Bclub%5D=Polizei+SV+Berlin&amp;search%5Bage_class%5D=%25&amp;search%5Bsex%5D=%25&amp;search%5Bnation%5D=%25&amp;search_sort=name&amp;search_event=BML_HCH3C0OH2F2\">K\u00f6hnke, Wilfried (GER)<\/a>41575<strong>Polizei SV Berlin<\/strong><a href=\"https:\/\/berlin.r.mikatiming.com\/2025\/?content=detail&amp;fpid=search&amp;pid=search&amp;idp=HCH3C0OHC5CD5&amp;lang=DE&amp;event=BML_HCH3C0OH2F2&amp;event_main_group=BMW+BERLIN+MARATHON&amp;search%5Bclub%5D=Polizei+SV+Berlin&amp;search%5Bage_class%5D=%25&amp;search%5Bsex%5D=%25&amp;search%5Bnation%5D=%25&amp;search_sort=name&amp;search_event=BML_HCH3C0OH2F2\"><\/a>04:54:500<strong>4:52:38<\/strong><\/li>\n\n\n\n<li>272423260<a href=\"https:\/\/berlin.r.mikatiming.com\/2025\/?content=detail&amp;fpid=search&amp;pid=search&amp;idp=HCH3C0OHD8D50&amp;lang=DE&amp;event=BML_HCH3C0OH2F2&amp;event_main_group=BMW+BERLIN+MARATHON&amp;search%5Bname%5D=G%C3%B6hler&amp;search_event=BML_HCH3C0OH2F2\">G\u00f6hler, Andr\u00e9 (GER)<\/a>1883140BfR04:31:430<strong>4:29:53<\/strong><\/li>\n\n\n\n<li>Ralf Janotte und ich gingen nicht an den Start<\/li>\n\n\n\n<li>Heike Dr\u00e4ger lief unter anderen Namen \u00fcber 5 h <a href=\"https:\/\/berlin.r.mikatiming.com\/2025\/?event_main_group=BMW+BERLIN+MARATHON&amp;pid=search&amp;search%5Bclub%5D=Polizei+SV+Berlin&amp;search%5Bage_class%5D=%25&amp;search%5Bsex%5D=%25&amp;search%5Bnation%5D=%25&amp;search_sort=name&amp;event=BML_HCH3C0OH2F2&amp;favorite_add=HCH3C0OHC5CD5\"><\/a><\/li>\n<\/ul>\n\n\n\n<p>Drei letzten Fotos sind vom SCC Berlin copyright<\/p>\n","protected":false},"excerpt":{"rendered":"<p>Views: 508 Am 29.09.1985 lief ich in Berlin meinen ersten Marathon und dieses gleich unter 3 Stunden. An einem spielfreien Spieltag in der Oberliga Berlin (heute 3.Liga) probierte ich als leistungsorientierter Fu\u00dfballer das \u201eAbenteuer Marathon\u201c aus und finishte gl\u00fccklich und &hellip; <a href=\"http:\/\/woiczik.de\/?p=8228\">Weiterlesen <span class=\"meta-nav\">&rarr;<\/span><\/a><\/p>\n","protected":false},"author":1,"featured_media":0,"comment_status":"open","ping_status":"open","sticky":false,"template":"","format":"standard","meta":{"footnotes":""},"categories":[1],"tags":[],"class_list":["post-8228","post","type-post","status-publish","format-standard","hentry","category-allgemein"],"_links":{"self":[{"href":"http:\/\/woiczik.de\/index.php?rest_route=\/wp\/v2\/posts\/8228"}],"collection":[{"href":"http:\/\/woiczik.de\/index.php?rest_route=\/wp\/v2\/posts"}],"about":[{"href":"http:\/\/woiczik.de\/index.php?rest_route=\/wp\/v2\/types\/post"}],"author":[{"embeddable":true,"href":"http:\/\/woiczik.de\/index.php?rest_route=\/wp\/v2\/users\/1"}],"replies":[{"embeddable":true,"href":"http:\/\/woiczik.de\/index.php?rest_route=%2Fwp%2Fv2%2Fcomments&post=8228"}],"version-history":[{"count":25,"href":"http:\/\/woiczik.de\/index.php?rest_route=\/wp\/v2\/posts\/8228\/revisions"}],"predecessor-version":[{"id":8881,"href":"http:\/\/woiczik.de\/index.php?rest_route=\/wp\/v2\/posts\/8228\/revisions\/8881"}],"wp:attachment":[{"href":"http:\/\/woiczik.de\/index.php?rest_route=%2Fwp%2Fv2%2Fmedia&parent=8228"}],"wp:term":[{"taxonomy":"category","embeddable":true,"href":"http:\/\/woiczik.de\/index.php?rest_route=%2Fwp%2Fv2%2Fcategories&post=8228"},{"taxonomy":"post_tag","embeddable":true,"href":"http:\/\/woiczik.de\/index.php?rest_route=%2Fwp%2Fv2%2Ftags&post=8228"}],"curies":[{"name":"wp","href":"https:\/\/api.w.org\/{rel}","templated":true}]}}