{"id":8701,"date":"2025-12-08T14:05:34","date_gmt":"2025-12-08T12:05:34","guid":{"rendered":"http:\/\/woiczik.de\/?p=8701"},"modified":"2026-01-07T10:01:41","modified_gmt":"2026-01-07T08:01:41","slug":"9-lehmeyers-silvesterlauf-am-31-12-2025","status":"publish","type":"post","link":"http:\/\/woiczik.de\/?p=8701","title":{"rendered":"9. Lehmeyer`s Silvesterlauf am 31.12.2025 und R\u00fcck-und Ausblick 2025\/2026"},"content":{"rendered":"<p>Views: 586<\/p>\n<figure class=\"wp-block-image size-large\"><a href=\"http:\/\/woiczik.de\/wp-content\/uploads\/2024\/12\/kartenausschnitt_marienfelder_feldmark.jpg\"><img loading=\"lazy\" decoding=\"async\" width=\"1024\" height=\"874\" src=\"http:\/\/woiczik.de\/wp-content\/uploads\/2024\/12\/kartenausschnitt_marienfelder_feldmark-1024x874.jpg\" alt=\"\" class=\"wp-image-7704\" srcset=\"http:\/\/woiczik.de\/wp-content\/uploads\/2024\/12\/kartenausschnitt_marienfelder_feldmark-1024x874.jpg 1024w, http:\/\/woiczik.de\/wp-content\/uploads\/2024\/12\/kartenausschnitt_marienfelder_feldmark-300x256.jpg 300w, http:\/\/woiczik.de\/wp-content\/uploads\/2024\/12\/kartenausschnitt_marienfelder_feldmark-768x655.jpg 768w, http:\/\/woiczik.de\/wp-content\/uploads\/2024\/12\/kartenausschnitt_marienfelder_feldmark-352x300.jpg 352w, http:\/\/woiczik.de\/wp-content\/uploads\/2024\/12\/kartenausschnitt_marienfelder_feldmark.jpg 1453w\" sizes=\"(max-width: 1024px) 100vw, 1024px\" \/><\/a><\/figure>\n\n\n\n<ol class=\"wp-block-list\">\n<li>Vorwort<\/li>\n\n\n\n<li>Es weihnachtet sehr (mit Eindr\u00fccken aus einem Podcast in dem ich zu Gast war)<\/li>\n\n\n\n<li>Start in die Winter-und Fr\u00fchjahrssaison<\/li>\n\n\n\n<li>Der Silvesterlauf <\/li>\n\n\n\n<li>Das war mein Sportjahr 2025 <\/li>\n\n\n\n<li>Ausblick 2026 <\/li>\n<\/ol>\n\n\n\n<ol class=\"wp-block-list\">\n<li><strong>Vorwort: <\/strong>Zum siebten Mal werde ich hoffentlich gesund und munter am 31.12.2025 an der &#8222;Startlinie&#8220; vom Lehmeyer`s Silvesterlauf stehen.<\/li>\n<\/ol>\n\n\n\n<p><strong>Lehmeyer`s Silvesterlauf durch die Marienfelder Feldmark<\/strong><\/p>\n\n\n\n<figure class=\"wp-block-image size-full\"><a href=\"http:\/\/woiczik.de\/wp-content\/uploads\/2024\/12\/g.7217332.391548.2239421256.jpg\"><img loading=\"lazy\" decoding=\"async\" width=\"900\" height=\"600\" src=\"http:\/\/woiczik.de\/wp-content\/uploads\/2024\/12\/g.7217332.391548.2239421256.jpg\" alt=\"\" class=\"wp-image-7703\" srcset=\"http:\/\/woiczik.de\/wp-content\/uploads\/2024\/12\/g.7217332.391548.2239421256.jpg 900w, http:\/\/woiczik.de\/wp-content\/uploads\/2024\/12\/g.7217332.391548.2239421256-300x200.jpg 300w, http:\/\/woiczik.de\/wp-content\/uploads\/2024\/12\/g.7217332.391548.2239421256-768x512.jpg 768w, http:\/\/woiczik.de\/wp-content\/uploads\/2024\/12\/g.7217332.391548.2239421256-450x300.jpg 450w\" sizes=\"(max-width: 900px) 100vw, 900px\" \/><\/a><\/figure>\n\n\n\n<p>Start: 31.12.2025 um 10:30 Uhr (zwei Distanzen: 10,5 km und 5 km)<\/p>\n\n\n\n<p>Streckenbeschreibung: Park-, Feld- und Waldwege, asphaltierte Abschnitte Ziel: Start und Ziel sind identisch.<\/p>\n\n\n\n<figure class=\"wp-block-image size-large\"><a href=\"http:\/\/woiczik.de\/wp-content\/uploads\/2021\/12\/thumbnail-5.jpg\"><img loading=\"lazy\" decoding=\"async\" width=\"485\" height=\"1024\" src=\"http:\/\/woiczik.de\/wp-content\/uploads\/2021\/12\/thumbnail-5-485x1024.jpg\" alt=\"\" class=\"wp-image-5088\" srcset=\"http:\/\/woiczik.de\/wp-content\/uploads\/2021\/12\/thumbnail-5-485x1024.jpg 485w, http:\/\/woiczik.de\/wp-content\/uploads\/2021\/12\/thumbnail-5-142x300.jpg 142w, http:\/\/woiczik.de\/wp-content\/uploads\/2021\/12\/thumbnail-5-768x1623.jpg 768w, http:\/\/woiczik.de\/wp-content\/uploads\/2021\/12\/thumbnail-5.jpg 954w\" sizes=\"(max-width: 485px) 100vw, 485px\" \/><\/a><figcaption class=\"wp-element-caption\">2021<\/figcaption><\/figure>\n\n\n\n<figure class=\"wp-block-image size-large\"><a href=\"http:\/\/woiczik.de\/wp-content\/uploads\/2022\/12\/thumbnail-4.jpeg\"><img loading=\"lazy\" decoding=\"async\" width=\"768\" height=\"1024\" src=\"http:\/\/woiczik.de\/wp-content\/uploads\/2022\/12\/thumbnail-4-768x1024.jpeg\" alt=\"\" class=\"wp-image-6178\" srcset=\"http:\/\/woiczik.de\/wp-content\/uploads\/2022\/12\/thumbnail-4-768x1024.jpeg 768w, http:\/\/woiczik.de\/wp-content\/uploads\/2022\/12\/thumbnail-4-225x300.jpeg 225w, http:\/\/woiczik.de\/wp-content\/uploads\/2022\/12\/thumbnail-4.jpeg 1080w\" sizes=\"(max-width: 768px) 100vw, 768px\" \/><\/a><figcaption class=\"wp-element-caption\">Wir hatten Spa\u00df am 31.12.2022<\/figcaption><\/figure>\n\n\n\n<figure class=\"wp-block-image size-large\"><a href=\"http:\/\/woiczik.de\/wp-content\/uploads\/2023\/12\/Ziel.jpg\"><img loading=\"lazy\" decoding=\"async\" width=\"896\" height=\"1024\" src=\"http:\/\/woiczik.de\/wp-content\/uploads\/2023\/12\/Ziel-896x1024.jpg\" alt=\"\" class=\"wp-image-6839\" srcset=\"http:\/\/woiczik.de\/wp-content\/uploads\/2023\/12\/Ziel-896x1024.jpg 896w, http:\/\/woiczik.de\/wp-content\/uploads\/2023\/12\/Ziel-262x300.jpg 262w, http:\/\/woiczik.de\/wp-content\/uploads\/2023\/12\/Ziel-768x878.jpg 768w, http:\/\/woiczik.de\/wp-content\/uploads\/2023\/12\/Ziel.jpg 1618w\" sizes=\"(max-width: 896px) 100vw, 896px\" \/><\/a><\/figure>\n\n\n\n<p>2023<\/p>\n\n\n\n<figure class=\"wp-block-image size-large\"><a href=\"http:\/\/woiczik.de\/wp-content\/uploads\/2024\/12\/IMG_20241231_125757087_BURST001-scaled.jpg\"><img loading=\"lazy\" decoding=\"async\" width=\"768\" height=\"1024\" src=\"http:\/\/woiczik.de\/wp-content\/uploads\/2024\/12\/IMG_20241231_125757087_BURST001-768x1024.jpg\" alt=\"\" class=\"wp-image-7723\" srcset=\"http:\/\/woiczik.de\/wp-content\/uploads\/2024\/12\/IMG_20241231_125757087_BURST001-768x1024.jpg 768w, http:\/\/woiczik.de\/wp-content\/uploads\/2024\/12\/IMG_20241231_125757087_BURST001-225x300.jpg 225w, http:\/\/woiczik.de\/wp-content\/uploads\/2024\/12\/IMG_20241231_125757087_BURST001-1152x1536.jpg 1152w, http:\/\/woiczik.de\/wp-content\/uploads\/2024\/12\/IMG_20241231_125757087_BURST001-1536x2048.jpg 1536w, http:\/\/woiczik.de\/wp-content\/uploads\/2024\/12\/IMG_20241231_125757087_BURST001-scaled.jpg 1920w\" sizes=\"(max-width: 768px) 100vw, 768px\" \/><\/a><figcaption class=\"wp-element-caption\">2024<\/figcaption><\/figure>\n\n\n\n<p><\/p>\n\n\n\n<figure class=\"wp-block-image size-full is-resized\"><a href=\"http:\/\/woiczik.de\/wp-content\/uploads\/2025\/12\/images.jpg\"><img loading=\"lazy\" decoding=\"async\" width=\"301\" height=\"167\" src=\"http:\/\/woiczik.de\/wp-content\/uploads\/2025\/12\/images.jpg\" alt=\"\" class=\"wp-image-8710\" style=\"width:623px;height:auto\"\/><\/a><\/figure>\n\n\n\n<p>Trainingsstrecke im Fr\u00fchjahr und Sommer unserer Trainingsgruppe <\/p>\n\n\n\n<p>2. <strong>Es weihnachtet sehr<\/strong><\/p>\n\n\n\n<figure class=\"wp-block-image size-large\"><a href=\"http:\/\/woiczik.de\/wp-content\/uploads\/2025\/12\/20251206_180849-scaled.jpg\"><img loading=\"lazy\" decoding=\"async\" width=\"768\" height=\"1024\" src=\"http:\/\/woiczik.de\/wp-content\/uploads\/2025\/12\/20251206_180849-768x1024.jpg\" alt=\"\" class=\"wp-image-8714\" srcset=\"http:\/\/woiczik.de\/wp-content\/uploads\/2025\/12\/20251206_180849-768x1024.jpg 768w, http:\/\/woiczik.de\/wp-content\/uploads\/2025\/12\/20251206_180849-225x300.jpg 225w, http:\/\/woiczik.de\/wp-content\/uploads\/2025\/12\/20251206_180849-1152x1536.jpg 1152w, http:\/\/woiczik.de\/wp-content\/uploads\/2025\/12\/20251206_180849-1536x2048.jpg 1536w, http:\/\/woiczik.de\/wp-content\/uploads\/2025\/12\/20251206_180849-scaled.jpg 1920w\" sizes=\"(max-width: 768px) 100vw, 768px\" \/><\/a><\/figure>\n\n\n\n<p><strong>An dieser Stelle w\u00fcnsche ich Euch ein besinnliches, sch\u00f6nes Weihnachtsfest und ein gesundes und friedliches Jahr 2026. Dankesch\u00f6n f\u00fcr Euer Interesse an meiner kleiner Homepage.<\/strong><\/p>\n\n\n\n<figure class=\"wp-block-image size-large\"><a href=\"http:\/\/woiczik.de\/wp-content\/uploads\/2025\/12\/20251205_1531492-scaled-e1765778465775.jpg\"><img loading=\"lazy\" decoding=\"async\" width=\"719\" height=\"1024\" src=\"http:\/\/woiczik.de\/wp-content\/uploads\/2025\/12\/20251205_1531492-scaled-e1765778465775-719x1024.jpg\" alt=\"\" class=\"wp-image-8715\" srcset=\"http:\/\/woiczik.de\/wp-content\/uploads\/2025\/12\/20251205_1531492-scaled-e1765778465775-719x1024.jpg 719w, http:\/\/woiczik.de\/wp-content\/uploads\/2025\/12\/20251205_1531492-scaled-e1765778465775-211x300.jpg 211w, http:\/\/woiczik.de\/wp-content\/uploads\/2025\/12\/20251205_1531492-scaled-e1765778465775-768x1094.jpg 768w, http:\/\/woiczik.de\/wp-content\/uploads\/2025\/12\/20251205_1531492-scaled-e1765778465775-1078x1536.jpg 1078w, http:\/\/woiczik.de\/wp-content\/uploads\/2025\/12\/20251205_1531492-scaled-e1765778465775-1438x2048.jpg 1438w, http:\/\/woiczik.de\/wp-content\/uploads\/2025\/12\/20251205_1531492-scaled-e1765778465775.jpg 1668w\" sizes=\"(max-width: 719px) 100vw, 719px\" \/><\/a><\/figure>\n\n\n\n<figure class=\"wp-block-image size-large\"><a href=\"http:\/\/woiczik.de\/wp-content\/uploads\/2025\/12\/generated-image-5.jpg.png\"><img loading=\"lazy\" decoding=\"async\" width=\"747\" height=\"1024\" src=\"http:\/\/woiczik.de\/wp-content\/uploads\/2025\/12\/generated-image-5.jpg-747x1024.png\" alt=\"\" class=\"wp-image-8721\" srcset=\"http:\/\/woiczik.de\/wp-content\/uploads\/2025\/12\/generated-image-5.jpg-747x1024.png 747w, http:\/\/woiczik.de\/wp-content\/uploads\/2025\/12\/generated-image-5.jpg-219x300.png 219w, http:\/\/woiczik.de\/wp-content\/uploads\/2025\/12\/generated-image-5.jpg-768x1052.png 768w, http:\/\/woiczik.de\/wp-content\/uploads\/2025\/12\/generated-image-5.jpg.png 864w\" sizes=\"(max-width: 747px) 100vw, 747px\" \/><\/a><\/figure>\n\n\n\n<p><strong>Hier k\u00f6nnt Ihr mich in der Timeline ab 44:26 in einem Podcast h\u00f6ren.<\/strong> <strong>Viel Spa\u00df dabei<\/strong><\/p>\n\n\n\n<p><a href=\"https:\/\/music.amazon.de\/podcasts\/9d4ec9e5-0f81-4a44-8a8e-7d0e10c5a6ea\/episodes\/58d23cc6-a948-4888-974d-4dcbebe36a0b\/ab-ins-abenteuer---der-freizeitpark-podcast-%C3%BCberraschungsg%C3%A4ste-ohne-ende-%E2%80%93-das-grosse-weihnachts-special-2025?ref=dm_sh_fzlmcaqio7u65nfnJZdkMYpz9\">https:\/\/music.amazon.de\/podcasts\/9d4ec9e5-0f81-4a44-8a8e-7d0e10c5a6ea\/episodes\/58d23cc6-a948-4888-974d-4dcbebe36a0b\/ab-ins-abenteuer&#8212;der-freizeitpark-podcast-%C3%BCberraschungsg%C3%A4ste-ohne-ende-%E2%80%93-das-grosse-weihnachts-special-2025?ref=dm_sh_fzlmcaqio7u65nfnJZdkMYpz9<\/a><\/p>\n\n\n\n<p>3. <strong>Start in die Winter-und Fr\u00fchjahrssaison<\/strong><\/p>\n\n\n\n<figure class=\"wp-block-image size-large\"><a href=\"http:\/\/woiczik.de\/wp-content\/uploads\/2021\/11\/20171210_081559.jpg\"><img loading=\"lazy\" decoding=\"async\" width=\"1024\" height=\"576\" src=\"http:\/\/woiczik.de\/wp-content\/uploads\/2021\/11\/20171210_081559-1024x576.jpg\" alt=\"\" class=\"wp-image-5014\" srcset=\"http:\/\/woiczik.de\/wp-content\/uploads\/2021\/11\/20171210_081559-1024x576.jpg 1024w, http:\/\/woiczik.de\/wp-content\/uploads\/2021\/11\/20171210_081559-300x169.jpg 300w, http:\/\/woiczik.de\/wp-content\/uploads\/2021\/11\/20171210_081559-768x432.jpg 768w, http:\/\/woiczik.de\/wp-content\/uploads\/2021\/11\/20171210_081559-500x281.jpg 500w, http:\/\/woiczik.de\/wp-content\/uploads\/2021\/11\/20171210_081559.jpg 1920w\" sizes=\"(max-width: 1024px) 100vw, 1024px\" \/><\/a><figcaption class=\"wp-element-caption\">Im Winter mit Daniel laufen<\/figcaption><\/figure>\n\n\n\n<p>Am 20.12. bin ich in die Vorbereitung auf den Berliner Halbmarathon am 29.03.2026 eingestiegen. Seit dem &#8222;morgendlichen Verzicht&#8220; am Wettkampftag, auf die Teilnahme am diesj\u00e4hrigen Berlin Marathon, stieg ich gegen\u00fcber der letzten Dekade erst sehr sp\u00e4t in die Vorbereitung ein, da mein K\u00f6rper seit einigen Monaten kein leistungsorientiertes Alterstraining mehr m\u00f6chte und ich vor allem Yoga (1 x in der Woche 70 Minuten\/Yoga-Kurs) und Kr\u00e4ftigung (2 x in der Woche jeweils um die 30 Minuten) machte und auf dem Speed Bike (1-2 x ) aktiv war. <\/p>\n\n\n\n<p><strong>Start mit Gl\u00e4tte und Temperaturen bis Minus 11 Grad<\/strong><\/p>\n\n\n\n<figure class=\"wp-block-image size-large is-resized\"><a href=\"http:\/\/woiczik.de\/wp-content\/uploads\/2025\/12\/visualisierung-bchaussee-vogelperspektive.jpg\"><img loading=\"lazy\" decoding=\"async\" width=\"1024\" height=\"624\" src=\"http:\/\/woiczik.de\/wp-content\/uploads\/2025\/12\/visualisierung-bchaussee-vogelperspektive-1024x624.jpg\" alt=\"\" class=\"wp-image-8731\" style=\"width:614px;height:auto\" srcset=\"http:\/\/woiczik.de\/wp-content\/uploads\/2025\/12\/visualisierung-bchaussee-vogelperspektive-1024x624.jpg 1024w, http:\/\/woiczik.de\/wp-content\/uploads\/2025\/12\/visualisierung-bchaussee-vogelperspektive-300x183.jpg 300w, http:\/\/woiczik.de\/wp-content\/uploads\/2025\/12\/visualisierung-bchaussee-vogelperspektive-768x468.jpg 768w, http:\/\/woiczik.de\/wp-content\/uploads\/2025\/12\/visualisierung-bchaussee-vogelperspektive-492x300.jpg 492w, http:\/\/woiczik.de\/wp-content\/uploads\/2025\/12\/visualisierung-bchaussee-vogelperspektive.jpg 1500w\" sizes=\"(max-width: 1024px) 100vw, 1024px\" \/><\/a><\/figure>\n\n\n\n<p>Am neuen S Bahnhof Buckower Chaussee lief ich 10* die neu errichtete &#8222;Rampe&#8220; (150 Meter) im 3:05er bis 4:14er Tempo hoch und startete bei viel Sonne und 8 Grad in die 14 Wochen andauernde Vorbereitung auf meinen einzigen langen Wettkampf im Jahr 2026. Tags drauf folgte ein gesteigerter Tempodauerlauf \u00fcber 8 km (6:22\/5:57\/5:46\/5:22\/5:26\/4:57\/4:51\/4:41) in 41:58 min. mit Puls 134\/161 im Britzer Garten.  <\/p>\n\n\n\n<p>In der Folgewoche kam es zu einem Wintereinbruch mit Temperaturen bis zu Minus 11 Grad und viel Gl\u00e4tte, so dass ich mein Training entsprechend anpassen musste. Mit Daniel lief ich am 28.12 bei viel Sonne um 9.30 Uhr und Temperaturen von Minus 3 bis Plus 3 Grad erstmalig seit Monaten wieder \u00fcber 20 km. 20,03 km in 1:56:30 h (Schnitt: 5:49 min\/km) und Puls 135\/176- auf Grund zweier Anstiege. Von Sonntag zu Sonntag kam ich auf 66 km (Laufen) in der ersten Woche der Vorbereitung und 95,2 km auf dem Speed Bike (mit PB \u00fcber 40 km in 1:07 h)<\/p>\n\n\n\n<p>4. <strong>&#8230;und nun wieder zum 9. Lehmeyer`s Silvesterlauf am 31.12.2025<\/strong><\/p>\n\n\n\n<figure class=\"wp-block-image size-large\"><a href=\"http:\/\/woiczik.de\/wp-content\/uploads\/2025\/12\/20251231_095002-scaled.jpg\"><img loading=\"lazy\" decoding=\"async\" width=\"768\" height=\"1024\" src=\"http:\/\/woiczik.de\/wp-content\/uploads\/2025\/12\/20251231_095002-768x1024.jpg\" alt=\"\" class=\"wp-image-8743\" srcset=\"http:\/\/woiczik.de\/wp-content\/uploads\/2025\/12\/20251231_095002-768x1024.jpg 768w, http:\/\/woiczik.de\/wp-content\/uploads\/2025\/12\/20251231_095002-225x300.jpg 225w, http:\/\/woiczik.de\/wp-content\/uploads\/2025\/12\/20251231_095002-1152x1536.jpg 1152w, http:\/\/woiczik.de\/wp-content\/uploads\/2025\/12\/20251231_095002-1536x2048.jpg 1536w, http:\/\/woiczik.de\/wp-content\/uploads\/2025\/12\/20251231_095002-scaled.jpg 1920w\" sizes=\"(max-width: 768px) 100vw, 768px\" \/><\/a><\/figure>\n\n\n\n<p><strong>Schneefall und Minusgrade am Morgen vom Silvestertag beherrschten die Szenerie <\/strong><\/p>\n\n\n\n<figure class=\"wp-block-image size-large\"><a href=\"http:\/\/woiczik.de\/wp-content\/uploads\/2025\/12\/IMG-20251231-WA0034.jpg\"><img loading=\"lazy\" decoding=\"async\" width=\"1024\" height=\"768\" src=\"http:\/\/woiczik.de\/wp-content\/uploads\/2025\/12\/IMG-20251231-WA0034-1024x768.jpg\" alt=\"\" class=\"wp-image-8737\" srcset=\"http:\/\/woiczik.de\/wp-content\/uploads\/2025\/12\/IMG-20251231-WA0034-1024x768.jpg 1024w, http:\/\/woiczik.de\/wp-content\/uploads\/2025\/12\/IMG-20251231-WA0034-300x225.jpg 300w, http:\/\/woiczik.de\/wp-content\/uploads\/2025\/12\/IMG-20251231-WA0034-768x576.jpg 768w, http:\/\/woiczik.de\/wp-content\/uploads\/2025\/12\/IMG-20251231-WA0034-1536x1152.jpg 1536w, http:\/\/woiczik.de\/wp-content\/uploads\/2025\/12\/IMG-20251231-WA0034-400x300.jpg 400w, http:\/\/woiczik.de\/wp-content\/uploads\/2025\/12\/IMG-20251231-WA0034.jpg 2000w\" sizes=\"(max-width: 1024px) 100vw, 1024px\" \/><\/a><\/figure>\n\n\n\n<p>Die 2,1 km von mir zu Hause bis zum Start ging ich (zur\u00fcck mit dem Bus) und kam p\u00fcnktlich zum Start um 10.30 Uhr an. Leider gab es einige Startabsagen von unseren Aktiven und so gingen nur 7 Aktive auf die 10,54 km lange Distanz durch den Schnee. <\/p>\n\n\n\n<figure class=\"wp-block-image size-large\"><a href=\"http:\/\/woiczik.de\/wp-content\/uploads\/2025\/12\/20251231_110016-scaled.jpg\"><img loading=\"lazy\" decoding=\"async\" width=\"768\" height=\"1024\" src=\"http:\/\/woiczik.de\/wp-content\/uploads\/2025\/12\/20251231_110016-768x1024.jpg\" alt=\"\" class=\"wp-image-8742\" srcset=\"http:\/\/woiczik.de\/wp-content\/uploads\/2025\/12\/20251231_110016-768x1024.jpg 768w, http:\/\/woiczik.de\/wp-content\/uploads\/2025\/12\/20251231_110016-225x300.jpg 225w, http:\/\/woiczik.de\/wp-content\/uploads\/2025\/12\/20251231_110016-1152x1536.jpg 1152w, http:\/\/woiczik.de\/wp-content\/uploads\/2025\/12\/20251231_110016-1536x2048.jpg 1536w, http:\/\/woiczik.de\/wp-content\/uploads\/2025\/12\/20251231_110016-scaled.jpg 1920w\" sizes=\"(max-width: 768px) 100vw, 768px\" \/><\/a><\/figure>\n\n\n\n<p>Mein Puls lag im Durchschnitt bei 146 bpm (H\u00f6chstpuls bei 159 bpm)-50 % lagen im intensiven Bereich-50% im aeroben Bereich. Tats\u00e4chlich bin ich 5 km ruhiger gelaufen und 5,5 lief ich 5:30\/5:33\/5:27\/5:15\/5:15\/4:28 er Tempo. Insgesamt <strong>ben\u00f6tigen wir 57:29 min<\/strong> (5:27er Schnitt). Im <strong>letzten Jahr 59:23 min (HF 137\/158)<\/strong>.   <\/p>\n\n\n\n<figure class=\"wp-block-image size-large\"><a href=\"http:\/\/woiczik.de\/wp-content\/uploads\/2025\/12\/20251231_110024-scaled.jpg\"><img loading=\"lazy\" decoding=\"async\" width=\"768\" height=\"1024\" src=\"http:\/\/woiczik.de\/wp-content\/uploads\/2025\/12\/20251231_110024-768x1024.jpg\" alt=\"\" class=\"wp-image-8741\" srcset=\"http:\/\/woiczik.de\/wp-content\/uploads\/2025\/12\/20251231_110024-768x1024.jpg 768w, http:\/\/woiczik.de\/wp-content\/uploads\/2025\/12\/20251231_110024-225x300.jpg 225w, http:\/\/woiczik.de\/wp-content\/uploads\/2025\/12\/20251231_110024-1152x1536.jpg 1152w, http:\/\/woiczik.de\/wp-content\/uploads\/2025\/12\/20251231_110024-1536x2048.jpg 1536w, http:\/\/woiczik.de\/wp-content\/uploads\/2025\/12\/20251231_110024-scaled.jpg 1920w\" sizes=\"(max-width: 768px) 100vw, 768px\" \/><\/a><\/figure>\n\n\n\n<p>Der Schnee und die Gl\u00e4tte bremsten auch unseren Lauffluss. Es machte aber viel Spa\u00df im Schnee zu laufen. <\/p>\n\n\n\n<figure class=\"wp-block-image size-large\"><a href=\"http:\/\/woiczik.de\/wp-content\/uploads\/2025\/12\/20251231_123642-scaled.jpg\"><img loading=\"lazy\" decoding=\"async\" width=\"768\" height=\"1024\" src=\"http:\/\/woiczik.de\/wp-content\/uploads\/2025\/12\/20251231_123642-768x1024.jpg\" alt=\"\" class=\"wp-image-8740\" srcset=\"http:\/\/woiczik.de\/wp-content\/uploads\/2025\/12\/20251231_123642-768x1024.jpg 768w, http:\/\/woiczik.de\/wp-content\/uploads\/2025\/12\/20251231_123642-225x300.jpg 225w, http:\/\/woiczik.de\/wp-content\/uploads\/2025\/12\/20251231_123642-1152x1536.jpg 1152w, http:\/\/woiczik.de\/wp-content\/uploads\/2025\/12\/20251231_123642-1536x2048.jpg 1536w, http:\/\/woiczik.de\/wp-content\/uploads\/2025\/12\/20251231_123642-scaled.jpg 1920w\" sizes=\"(max-width: 768px) 100vw, 768px\" \/><\/a><\/figure>\n\n\n\n<p><strong>Ein gro\u00dfer Dank geb\u00fchrt der Familie Lehmeyer f\u00fcr die Durchf\u00fchrung dieser Veranstaltung <\/strong>mit leckerem Essen nach dem Lauf beim netten Beisammensein. Die Wechselw\u00e4sche bei diesem Wetter war sehr hilfreich gut und trocken beim Essen zu sitzen und nach Hause zu kommen.<\/p>\n\n\n\n<figure class=\"wp-block-image size-large\"><a href=\"http:\/\/woiczik.de\/wp-content\/uploads\/2025\/12\/20251231_174534-scaled.jpg\"><img loading=\"lazy\" decoding=\"async\" width=\"768\" height=\"1024\" src=\"http:\/\/woiczik.de\/wp-content\/uploads\/2025\/12\/20251231_174534-768x1024.jpg\" alt=\"\" class=\"wp-image-8739\" srcset=\"http:\/\/woiczik.de\/wp-content\/uploads\/2025\/12\/20251231_174534-768x1024.jpg 768w, http:\/\/woiczik.de\/wp-content\/uploads\/2025\/12\/20251231_174534-225x300.jpg 225w, http:\/\/woiczik.de\/wp-content\/uploads\/2025\/12\/20251231_174534-1152x1536.jpg 1152w, http:\/\/woiczik.de\/wp-content\/uploads\/2025\/12\/20251231_174534-1536x2048.jpg 1536w, http:\/\/woiczik.de\/wp-content\/uploads\/2025\/12\/20251231_174534-scaled.jpg 1920w\" sizes=\"(max-width: 768px) 100vw, 768px\" \/><\/a><\/figure>\n\n\n\n<p>Zu Hause genehmigten wir uns eine Flasche Wein, was ja nur 1-2 x im Jahr bei mir vorkommt.<\/p>\n\n\n\n<p>Im Britzer Garten lief ich alleine am 1.1.2026 um 10.00 Uhr meinen Neujahrslauf mit 10 km in genau einer Stunde. Es war ekelig drau\u00dfen. Wind, 1 Grad und Nasskalt- es gibt sch\u00f6nere Szenarien ins neue Jahr zu starten. <\/p>\n\n\n\n<p>5.<strong> Das war mein Sportjahr 2025 <\/strong><\/p>\n\n\n\n<figure class=\"wp-block-image size-large\"><a href=\"http:\/\/woiczik.de\/wp-content\/uploads\/2026\/01\/20260103_083518-scaled.jpg\"><img loading=\"lazy\" decoding=\"async\" width=\"768\" height=\"1024\" src=\"http:\/\/woiczik.de\/wp-content\/uploads\/2026\/01\/20260103_083518-768x1024.jpg\" alt=\"\" class=\"wp-image-8747\" srcset=\"http:\/\/woiczik.de\/wp-content\/uploads\/2026\/01\/20260103_083518-768x1024.jpg 768w, http:\/\/woiczik.de\/wp-content\/uploads\/2026\/01\/20260103_083518-225x300.jpg 225w, http:\/\/woiczik.de\/wp-content\/uploads\/2026\/01\/20260103_083518-1152x1536.jpg 1152w, http:\/\/woiczik.de\/wp-content\/uploads\/2026\/01\/20260103_083518-1536x2048.jpg 1536w, http:\/\/woiczik.de\/wp-content\/uploads\/2026\/01\/20260103_083518-scaled.jpg 1920w\" sizes=\"(max-width: 768px) 100vw, 768px\" \/><\/a><figcaption class=\"wp-element-caption\">Sonnenaufgang am 03.01.2026 beim LDL vor dem gro\u00dfen Schneefall<\/figcaption><\/figure>\n\n\n\n<p><strong>Vergleich der letzten 7 Jahre (Laufen):&nbsp;<\/strong>2018: 2162 km (180 km pro Monat)- 2019: 2181 km (182 km)- 2020: 2281 km (190 km)- 2021: 2013 km (168 km)-<strong>2022: 2337 km (195 km)-&nbsp;<\/strong>2023: 1540 km (128 km)-2024: 2195 km (183 km)-2025: 2025 km (169 km)<\/p>\n\n\n\n<p><strong>Kraft\/Athletik\/Dehnen\/Atemprogramm\/Yoga:<\/strong> 2018: 23:20 h- 2019: 18:23 h \u2013 2020: 32:09 h- 2021: 31:03 h -2022: 28:18 h- 2<strong>023: 33:31 h&nbsp;<\/strong>\u2013<strong>2024: 44:45 h<\/strong>&nbsp;<strong>-2025:<\/strong>  <strong>51:08 h (Rekord)<\/strong><\/p>\n\n\n\n<p><strong>Indoor Cycling\/Radfahren\/Speed-Bike<\/strong>: 2018: 478 km (40 km pro Monat)- 2019: 193 km( 16km) \u2013 2020: 840 km (70 km)- 2021: 572 km (48 km)-<strong>2022: 1289 km (108 km)-&nbsp;<\/strong>2023: 1052 Km (84 km)-2024: 735 km-2025: <strong>1084 km<\/strong> (90,33 km)<\/p>\n\n\n\n<figure class=\"wp-block-image size-large\"><a href=\"http:\/\/woiczik.de\/wp-content\/uploads\/2026\/01\/20260103_094053-scaled.jpg\"><img loading=\"lazy\" decoding=\"async\" width=\"768\" height=\"1024\" src=\"http:\/\/woiczik.de\/wp-content\/uploads\/2026\/01\/20260103_094053-768x1024.jpg\" alt=\"\" class=\"wp-image-8746\" srcset=\"http:\/\/woiczik.de\/wp-content\/uploads\/2026\/01\/20260103_094053-768x1024.jpg 768w, http:\/\/woiczik.de\/wp-content\/uploads\/2026\/01\/20260103_094053-225x300.jpg 225w, http:\/\/woiczik.de\/wp-content\/uploads\/2026\/01\/20260103_094053-1152x1536.jpg 1152w, http:\/\/woiczik.de\/wp-content\/uploads\/2026\/01\/20260103_094053-1536x2048.jpg 1536w, http:\/\/woiczik.de\/wp-content\/uploads\/2026\/01\/20260103_094053-scaled.jpg 1920w\" sizes=\"(max-width: 768px) 100vw, 768px\" \/><\/a><\/figure>\n\n\n\n<p>Auf Grund der Minusgrade, des vielen Schneefalls und der Gl\u00e4tte muss ich in Absprache mit meinem Trainer Christian mein urspr\u00fcngliches Training anpassen und auf schnelle Tempodauerl\u00e4ufe und einige Laufeinheiten verzichten. Stattdessen powert ich auf dem Speed Bike.<\/p>\n\n\n\n<p><strong>6.Ausblick 2026    <\/strong> <\/p>\n\n\n\n<figure class=\"wp-block-image size-full\"><a href=\"http:\/\/woiczik.de\/wp-content\/uploads\/2020\/12\/Bewag.jpg\"><img loading=\"lazy\" decoding=\"async\" width=\"700\" height=\"898\" src=\"http:\/\/woiczik.de\/wp-content\/uploads\/2020\/12\/Bewag.jpg\" alt=\"\" class=\"wp-image-4558\" srcset=\"http:\/\/woiczik.de\/wp-content\/uploads\/2020\/12\/Bewag.jpg 700w, http:\/\/woiczik.de\/wp-content\/uploads\/2020\/12\/Bewag-234x300.jpg 234w\" sizes=\"(max-width: 700px) 100vw, 700px\" \/><\/a><figcaption class=\"wp-element-caption\">Halbmarathon 2002<\/figcaption><\/figure>\n\n\n\n<p>Der diesj\u00e4hrige Jubil\u00e4ums-Berliner Halbmarathon am 29.3. soll mein Fr\u00fchjahrs-Highlight werden. Gut m\u00f6glich, dass ich am 01.03. den Britzer Garten -Lauf \u00fcber 10 km als Testlauf ins Trainingsprogramm mit aufnehme. Im weiteren Verlauf des Jahres sind dann vor allem 5 km L\u00e4ufe geplant. Je nach dem was mein K\u00f6rper sagt, k\u00f6nnten auch 2-3 Bahnwettk\u00e4mpfe in diesem Jahr &#8222;dazu kommen&#8220;.    <\/p>\n\n\n\n<figure class=\"wp-block-image size-full\"><a href=\"http:\/\/woiczik.de\/wp-content\/uploads\/2025\/12\/britzer-seeterrassen-winterhochzeit-mit-schnee-1024x574-1.jpg\"><img loading=\"lazy\" decoding=\"async\" width=\"1024\" height=\"574\" src=\"http:\/\/woiczik.de\/wp-content\/uploads\/2025\/12\/britzer-seeterrassen-winterhochzeit-mit-schnee-1024x574-1.jpg\" alt=\"\" class=\"wp-image-8757\" srcset=\"http:\/\/woiczik.de\/wp-content\/uploads\/2025\/12\/britzer-seeterrassen-winterhochzeit-mit-schnee-1024x574-1.jpg 1024w, http:\/\/woiczik.de\/wp-content\/uploads\/2025\/12\/britzer-seeterrassen-winterhochzeit-mit-schnee-1024x574-1-300x168.jpg 300w, http:\/\/woiczik.de\/wp-content\/uploads\/2025\/12\/britzer-seeterrassen-winterhochzeit-mit-schnee-1024x574-1-768x431.jpg 768w, http:\/\/woiczik.de\/wp-content\/uploads\/2025\/12\/britzer-seeterrassen-winterhochzeit-mit-schnee-1024x574-1-500x280.jpg 500w\" sizes=\"(max-width: 1024px) 100vw, 1024px\" \/><\/a><\/figure>\n\n\n\n<p><strong>\u201eLebensgefahr!\u201c Experten warnen vor Eisregen und Schneeverwehungen<\/strong> meldete die Bild-Zeitung am 07.01. Am Mittwoch f\u00e4llt zun\u00e4chst Schnee, Dauerfrost sorgt f\u00fcr spiegelglatte Stra\u00dfen. Tats\u00e4chlich ist das jedoch erst die Ruhe vor dem <a href=\"https:\/\/www.bild.de\/news\/wetter\/sturm\/stuerme-unwetter-alle-infos-78018438.bild.html\">Sturm<\/a>: Am Donnerstag <a href=\"https:\/\/www.bild.de\/news\/wetter\/unwetter-front-mit-bis-zu-120-km-h-heftiger-schneesturm-peitscht-nach-deutschland-695b8d3dfb77630dac277ddb\">peitscht ein Schnee-Orkan nach Deutschland<\/a>.\u201eBleiben Sie zu Hause!\u201c<\/p>\n\n\n\n<p>Und am Freitag? Wetter-Experte Dr. Karsten Brandt: \u201eIn Hamburg, Schleswig-Holstein, Ostdeutschland und Niedersachsen erwartet uns regelrechter Dauerschneefall mit f\u00fcnf bis zehn, vereinzelt sogar f\u00fcnfzehn Zentimetern Neuschnee innerhalb von sechs Stunden. Das ist eine Extremlage!\u201c, so Brandt zu BILD. Zudem wird mit Eisregen gerechnet, der zusammen mit Schneeverwehungen f\u00fcr gef\u00e4hrliche Gl\u00e4tte auf den Stra\u00dfen sorgt. Den BILD-Lesern r\u00e4t der Experte: <strong>\u201ePlanen Sie um, bleiben Sie zu Hause. Auf den Stra\u00dfen besteht am Donnerstag und am Freitag Lebensgefahr!\u201c<\/strong><\/p>\n\n\n\n<p><strong>Mal sehen, ob ich am Sonntag \u00fcberhaupt mit der DB nach Freiburg komme?<\/strong><\/p>\n\n\n\n<p>Sportlich haben mich erst einmal einige Tage mein ISG und HWS ausgebremst. <\/p>\n","protected":false},"excerpt":{"rendered":"<p>Views: 586 Lehmeyer`s Silvesterlauf durch die Marienfelder Feldmark Start: 31.12.2025 um 10:30 Uhr (zwei Distanzen: 10,5 km und 5 km) Streckenbeschreibung: Park-, Feld- und Waldwege, asphaltierte Abschnitte Ziel: Start und Ziel sind identisch. 2023 Trainingsstrecke im Fr\u00fchjahr und Sommer unserer &hellip; <a href=\"http:\/\/woiczik.de\/?p=8701\">Weiterlesen <span class=\"meta-nav\">&rarr;<\/span><\/a><\/p>\n","protected":false},"author":1,"featured_media":0,"comment_status":"open","ping_status":"open","sticky":false,"template":"","format":"standard","meta":{"footnotes":""},"categories":[1],"tags":[],"class_list":["post-8701","post","type-post","status-publish","format-standard","hentry","category-allgemein"],"_links":{"self":[{"href":"http:\/\/woiczik.de\/index.php?rest_route=\/wp\/v2\/posts\/8701"}],"collection":[{"href":"http:\/\/woiczik.de\/index.php?rest_route=\/wp\/v2\/posts"}],"about":[{"href":"http:\/\/woiczik.de\/index.php?rest_route=\/wp\/v2\/types\/post"}],"author":[{"embeddable":true,"href":"http:\/\/woiczik.de\/index.php?rest_route=\/wp\/v2\/users\/1"}],"replies":[{"embeddable":true,"href":"http:\/\/woiczik.de\/index.php?rest_route=%2Fwp%2Fv2%2Fcomments&post=8701"}],"version-history":[{"count":28,"href":"http:\/\/woiczik.de\/index.php?rest_route=\/wp\/v2\/posts\/8701\/revisions"}],"predecessor-version":[{"id":8763,"href":"http:\/\/woiczik.de\/index.php?rest_route=\/wp\/v2\/posts\/8701\/revisions\/8763"}],"wp:attachment":[{"href":"http:\/\/woiczik.de\/index.php?rest_route=%2Fwp%2Fv2%2Fmedia&parent=8701"}],"wp:term":[{"taxonomy":"category","embeddable":true,"href":"http:\/\/woiczik.de\/index.php?rest_route=%2Fwp%2Fv2%2Fcategories&post=8701"},{"taxonomy":"post_tag","embeddable":true,"href":"http:\/\/woiczik.de\/index.php?rest_route=%2Fwp%2Fv2%2Ftags&post=8701"}],"curies":[{"name":"wp","href":"https:\/\/api.w.org\/{rel}","templated":true}]}}