{"id":8805,"date":"2026-01-21T10:20:25","date_gmt":"2026-01-21T08:20:25","guid":{"rendered":"http:\/\/woiczik.de\/?p=8805"},"modified":"2026-04-14T10:30:49","modified_gmt":"2026-04-14T08:30:49","slug":"berliner-halbmarathon-am-29-03-2026-der-jubilaeumslauf-mit-55-000-teilnehmerinnen","status":"publish","type":"post","link":"http:\/\/woiczik.de\/?p=8805","title":{"rendered":"Berliner Halbmarathon am 29.03.2026- der Jubil\u00e4umslauf mit 45.000 Teilnehmer*innen- war das mein letzter Halbmarathon?"},"content":{"rendered":"<p>Views: 1112<\/p>\n<p>Berliner Halbmarathon am 29.03.2026<\/p>\n\n\n\n<figure class=\"wp-block-image size-full\"><a href=\"http:\/\/woiczik.de\/wp-content\/uploads\/2026\/01\/Strecke_BER_1_2_2025.jpg\"><img loading=\"lazy\" decoding=\"async\" width=\"600\" height=\"393\" src=\"http:\/\/woiczik.de\/wp-content\/uploads\/2026\/01\/Strecke_BER_1_2_2025.jpg\" alt=\"\" class=\"wp-image-8806\" srcset=\"http:\/\/woiczik.de\/wp-content\/uploads\/2026\/01\/Strecke_BER_1_2_2025.jpg 600w, http:\/\/woiczik.de\/wp-content\/uploads\/2026\/01\/Strecke_BER_1_2_2025-300x197.jpg 300w, http:\/\/woiczik.de\/wp-content\/uploads\/2026\/01\/Strecke_BER_1_2_2025-458x300.jpg 458w\" sizes=\"(max-width: 600px) 100vw, 600px\" \/><\/a><\/figure>\n\n\n\n<ol class=\"wp-block-list\">\n<li>Vorwort<\/li>\n\n\n\n<li>Trainingsstart am 22.12.2025 mit Trainingslager im Schwarzwald (Januar 2026)-so lief mein Training<\/li>\n\n\n\n<li>Meine bisherige Starts beim Berliner Halbmarathon<\/li>\n\n\n\n<li>Trainings-Wettkampf am 1.3.2026 Britzer Garten Lauf \u00fcber 10 km<\/li>\n\n\n\n<li>Vorberichte zum Berliner Halbmarathon-Elitel\u00e4ufer 2026 (Stand: 12.02.2026) <\/li>\n\n\n\n<li>Das &#8222;Race-Weekend&#8220; inkl. Thomas Anders Konzert<\/li>\n\n\n\n<li>So lief mein Halbmarathon <\/li>\n\n\n\n<li>So lief die Spitze- Deutscher Rekord und vieles mehr<\/li>\n<\/ol>\n\n\n\n<figure class=\"wp-block-gallery has-nested-images columns-default is-cropped wp-block-gallery-1 is-layout-flex wp-block-gallery-is-layout-flex\">\n<figure class=\"wp-block-image size-large\"><a href=\"http:\/\/woiczik.de\/wp-content\/uploads\/2014\/09\/andr4a.jpg\"><img loading=\"lazy\" decoding=\"async\" width=\"840\" height=\"1024\" data-id=\"1885\" src=\"http:\/\/woiczik.de\/wp-content\/uploads\/2014\/09\/andr4a-840x1024.jpg\" alt=\"\" class=\"wp-image-1885\" srcset=\"http:\/\/woiczik.de\/wp-content\/uploads\/2014\/09\/andr4a-840x1024.jpg 840w, http:\/\/woiczik.de\/wp-content\/uploads\/2014\/09\/andr4a-246x300.jpg 246w, http:\/\/woiczik.de\/wp-content\/uploads\/2014\/09\/andr4a.jpg 910w\" sizes=\"(max-width: 840px) 100vw, 840px\" \/><\/a><figcaption class=\"wp-element-caption\">auf zur Halbmarathon-Bestzeit im Jahr 2003 in 1:22:00 h<\/figcaption><\/figure>\n<\/figure>\n\n\n\n<ol class=\"wp-block-list\">\n<li><strong>Vorwort<\/strong><\/li>\n<\/ol>\n\n\n\n<p>Seit 1995 nehme ich an dieser Traditionsveranstaltung teil. In diesem Jahr steht meine <strong>14 Teilnahme <\/strong>an. 1995 war, im Gegensatz zu den Verh\u00e4ltnissen von heute,&nbsp; der Berliner Halbmarathon eine kleinere Laufveranstaltung mit 3262 Gesamtteilnehmern inkl. Fun Run. Damals wurde ich beim 3 km Fun mit 27 Jahren nach langj\u00e4hriger Laufpause von 350 Teilnehmern in 11:13 Minuten Gesamt 25. <strong>Im Jahr 2003 lief ich hier meine pers\u00f6nliche Bestzeit von 1:22:00 h.<\/strong> Ich will gesund &amp; fit an die Startlinie am 29.3 kommen und gucken, ob ich eine Zeit unter 1.50 h erreichen kann?<\/p>\n\n\n\n<figure class=\"wp-block-image size-large\"><a href=\"http:\/\/woiczik.de\/wp-content\/uploads\/2026\/01\/IMG-20260116-WA0002.jpg\"><img loading=\"lazy\" decoding=\"async\" width=\"768\" height=\"1024\" src=\"http:\/\/woiczik.de\/wp-content\/uploads\/2026\/01\/IMG-20260116-WA0002-768x1024.jpg\" alt=\"\" class=\"wp-image-8799\" srcset=\"http:\/\/woiczik.de\/wp-content\/uploads\/2026\/01\/IMG-20260116-WA0002-768x1024.jpg 768w, http:\/\/woiczik.de\/wp-content\/uploads\/2026\/01\/IMG-20260116-WA0002-225x300.jpg 225w, http:\/\/woiczik.de\/wp-content\/uploads\/2026\/01\/IMG-20260116-WA0002-1152x1536.jpg 1152w, http:\/\/woiczik.de\/wp-content\/uploads\/2026\/01\/IMG-20260116-WA0002.jpg 1200w\" sizes=\"(max-width: 768px) 100vw, 768px\" \/><\/a><figcaption class=\"wp-element-caption\">Training in Rust im Januar 2026<\/figcaption><\/figure>\n\n\n\n<p><strong>2.Trainingsstart am 22.12.2025 mit Trainingslager im Schwarzwald (Januar 2026)<\/strong><\/p>\n\n\n\n<p>Am 22.12.2025 bin ich ins Training f\u00fcr den Berliner Halbmarathon am 29.03.2026 eingestiegen. <strong>Einer der h\u00e4rtesten Winter der letzten 25 Jahre <\/strong>begleitet mich seither in Berlin beim Training.  <\/p>\n\n\n\n<figure class=\"wp-block-gallery has-nested-images columns-default is-cropped wp-block-gallery-2 is-layout-flex wp-block-gallery-is-layout-flex\">\n<figure class=\"wp-block-image size-large\"><a href=\"http:\/\/woiczik.de\/wp-content\/uploads\/2026\/01\/20260103_094053-scaled.jpg\"><img loading=\"lazy\" decoding=\"async\" width=\"768\" height=\"1024\" data-id=\"8746\" src=\"http:\/\/woiczik.de\/wp-content\/uploads\/2026\/01\/20260103_094053-768x1024.jpg\" alt=\"\" class=\"wp-image-8746\" srcset=\"http:\/\/woiczik.de\/wp-content\/uploads\/2026\/01\/20260103_094053-768x1024.jpg 768w, http:\/\/woiczik.de\/wp-content\/uploads\/2026\/01\/20260103_094053-225x300.jpg 225w, http:\/\/woiczik.de\/wp-content\/uploads\/2026\/01\/20260103_094053-1152x1536.jpg 1152w, http:\/\/woiczik.de\/wp-content\/uploads\/2026\/01\/20260103_094053-1536x2048.jpg 1536w, http:\/\/woiczik.de\/wp-content\/uploads\/2026\/01\/20260103_094053-scaled.jpg 1920w\" sizes=\"(max-width: 768px) 100vw, 768px\" \/><\/a><figcaption class=\"wp-element-caption\">Schneereiches und kaltes Training in Berlin<\/figcaption><\/figure>\n<\/figure>\n\n\n\n<p>Seit 2010 hat kein Wintersturm mehr so viel Kraft entwickelt. Sturmtief Elli brachte kr\u00e4ftigen Schneefall, Sturm und Frost \u2013 so dass ich sogar, in Absprache mit meinem Trainer Christian (Trainer seit Herbst 1999), auf Grund der Witterungsbedingungen eine Woche anstatt eines Lauftrainings &#8222;s\u00e4mtliche Speed Bike\/Rad-Rekorde&#8220; gebrochen habe (u.a. am 09.1.2026 50 km Speed Bike in 1:25:14 h  und einige Tage davor 40 km in 1:07 h). <\/p>\n\n\n\n<figure class=\"wp-block-gallery has-nested-images columns-default is-cropped wp-block-gallery-3 is-layout-flex wp-block-gallery-is-layout-flex\">\n<figure class=\"wp-block-image size-large\"><a href=\"http:\/\/woiczik.de\/wp-content\/uploads\/2026\/01\/20260111_121802-scaled.jpg\"><img loading=\"lazy\" decoding=\"async\" width=\"768\" height=\"1024\" data-id=\"8769\" src=\"http:\/\/woiczik.de\/wp-content\/uploads\/2026\/01\/20260111_121802-768x1024.jpg\" alt=\"\" class=\"wp-image-8769\" srcset=\"http:\/\/woiczik.de\/wp-content\/uploads\/2026\/01\/20260111_121802-768x1024.jpg 768w, http:\/\/woiczik.de\/wp-content\/uploads\/2026\/01\/20260111_121802-225x300.jpg 225w, http:\/\/woiczik.de\/wp-content\/uploads\/2026\/01\/20260111_121802-1152x1536.jpg 1152w, http:\/\/woiczik.de\/wp-content\/uploads\/2026\/01\/20260111_121802-1536x2048.jpg 1536w, http:\/\/woiczik.de\/wp-content\/uploads\/2026\/01\/20260111_121802-scaled.jpg 1920w\" sizes=\"(max-width: 768px) 100vw, 768px\" \/><\/a><figcaption class=\"wp-element-caption\">Bahnchaos und Trainingslager in Rust<\/figcaption><\/figure>\n<\/figure>\n\n\n\n<p>Vom 11.01- 18.01.2026 war ich erneut im Trainingslager im Schwarzwald. Auf Grund der Witterungsbedingungen war die Anreise mit der Deutschen Bahn eine schwierige Angelegenheit. S\u00e4mtliche Verbindungen aus Berlin, au\u00dfer die ICE Sprinter Trasse nach M\u00fcnchen, waren gesperrt. Fr\u00fch morgens meine organisatorischen F\u00e4higkeiten in die Waagschale geworfen und von Berlin-S\u00fcdkreuz um 5.45 Uhr den ersten Zug nach N\u00fcrnberg genommen und bis Erfurt gefahren. Von da \u00fcber Mannheim und anschlie\u00dfend \u00fcber Offenburg endlich gegen 14.00 Uhr in Ringsheim\/Europa Park angekommen. Mit einem Taxi ging es dann \u00fcberm\u00fcdet ins tolle Hotel Bell Rock im Europa Park Resort. <\/p>\n\n\n\n<figure class=\"wp-block-gallery has-nested-images columns-default is-cropped wp-block-gallery-4 is-layout-flex wp-block-gallery-is-layout-flex\">\n<figure class=\"wp-block-image size-large\"><a href=\"http:\/\/woiczik.de\/wp-content\/uploads\/2012\/12\/530367_383288375092743_900844923_n.jpg\"><img loading=\"lazy\" decoding=\"async\" width=\"960\" height=\"600\" data-id=\"650\" src=\"http:\/\/woiczik.de\/wp-content\/uploads\/2012\/12\/530367_383288375092743_900844923_n.jpg\" alt=\"\" class=\"wp-image-650\" srcset=\"http:\/\/woiczik.de\/wp-content\/uploads\/2012\/12\/530367_383288375092743_900844923_n.jpg 960w, http:\/\/woiczik.de\/wp-content\/uploads\/2012\/12\/530367_383288375092743_900844923_n-300x187.jpg 300w, http:\/\/woiczik.de\/wp-content\/uploads\/2012\/12\/530367_383288375092743_900844923_n-480x300.jpg 480w\" sizes=\"(max-width: 960px) 100vw, 960px\" \/><\/a><figcaption class=\"wp-element-caption\">\u00dcberblick \u00fcber die tolle Hotelanlage Bell Rock<\/figcaption><\/figure>\n<\/figure>\n\n\n\n<p>Im erstklassigen Fitness Studio auf dem Speed Bike (8*1 km in 1:25 min. bis 1:36 min.) ins Training im Trainingslager gestartet und anschlie\u00dfend im 26 Grad warmen Pool 800 Meter mit einigen weiteren Trainingslagerteilnehmern geschwommen. Mein Gewicht wurde mit 82,6 kg ausgewiesen und in einer Info-Veranstaltung das Training f\u00fcr die kommende Tage besprochen. Vom 13- 17.01. war das Wetter mit sehr viel Sonne und Temperaturen um 15 Grad hervorragend.<\/p>\n\n\n\n<figure class=\"wp-block-image size-large\"><a href=\"http:\/\/woiczik.de\/wp-content\/uploads\/2026\/01\/20260112_065933-scaled.jpg\"><img loading=\"lazy\" decoding=\"async\" width=\"768\" height=\"1024\" src=\"http:\/\/woiczik.de\/wp-content\/uploads\/2026\/01\/20260112_065933-768x1024.jpg\" alt=\"\" class=\"wp-image-8773\" srcset=\"http:\/\/woiczik.de\/wp-content\/uploads\/2026\/01\/20260112_065933-768x1024.jpg 768w, http:\/\/woiczik.de\/wp-content\/uploads\/2026\/01\/20260112_065933-225x300.jpg 225w, http:\/\/woiczik.de\/wp-content\/uploads\/2026\/01\/20260112_065933-1152x1536.jpg 1152w, http:\/\/woiczik.de\/wp-content\/uploads\/2026\/01\/20260112_065933-1536x2048.jpg 1536w, http:\/\/woiczik.de\/wp-content\/uploads\/2026\/01\/20260112_065933-scaled.jpg 1920w\" sizes=\"(max-width: 768px) 100vw, 768px\" \/><\/a><\/figure>\n\n\n\n<p> Training im Fitness-Studio nebst Laufband<\/p>\n\n\n\n<figure class=\"wp-block-gallery has-nested-images columns-default is-cropped wp-block-gallery-5 is-layout-flex wp-block-gallery-is-layout-flex\">\n<figure class=\"wp-block-image size-large\"><a href=\"http:\/\/woiczik.de\/wp-content\/uploads\/2026\/01\/20260112_072344-scaled.jpg\"><img loading=\"lazy\" decoding=\"async\" width=\"768\" height=\"1024\" data-id=\"8804\" src=\"http:\/\/woiczik.de\/wp-content\/uploads\/2026\/01\/20260112_072344-768x1024.jpg\" alt=\"\" class=\"wp-image-8804\" srcset=\"http:\/\/woiczik.de\/wp-content\/uploads\/2026\/01\/20260112_072344-768x1024.jpg 768w, http:\/\/woiczik.de\/wp-content\/uploads\/2026\/01\/20260112_072344-225x300.jpg 225w, http:\/\/woiczik.de\/wp-content\/uploads\/2026\/01\/20260112_072344-1152x1536.jpg 1152w, http:\/\/woiczik.de\/wp-content\/uploads\/2026\/01\/20260112_072344-1536x2048.jpg 1536w, http:\/\/woiczik.de\/wp-content\/uploads\/2026\/01\/20260112_072344-scaled.jpg 1920w\" sizes=\"(max-width: 768px) 100vw, 768px\" \/><\/a><figcaption class=\"wp-element-caption\">Hier etliche Kilometer unterwegs gewesen<\/figcaption><\/figure>\n<\/figure>\n\n\n\n<p>Im Rust &amp; Umgebung absolvierte ich im Trainingslager 8 Laufeinheiten 68,18 km, in 3 Schwimmeinheiten 1700 Meter, 3 Athletiktrainingseinheiten und 2 Speed Bike Einheiten mit 41 km. <strong>Mit 16 Trainingseinheiten war es das umfangreichste Trainingslager seit \u00fcber 10 Jahren.  <\/strong><\/p>\n\n\n\n<figure class=\"wp-block-gallery has-nested-images columns-default is-cropped wp-block-gallery-6 is-layout-flex wp-block-gallery-is-layout-flex\">\n<figure class=\"wp-block-image size-large\"><a href=\"http:\/\/woiczik.de\/wp-content\/uploads\/2026\/01\/20260113_143330-scaled.jpg\"><img loading=\"lazy\" decoding=\"async\" width=\"768\" height=\"1024\" data-id=\"8776\" src=\"http:\/\/woiczik.de\/wp-content\/uploads\/2026\/01\/20260113_143330-768x1024.jpg\" alt=\"\" class=\"wp-image-8776\" srcset=\"http:\/\/woiczik.de\/wp-content\/uploads\/2026\/01\/20260113_143330-768x1024.jpg 768w, http:\/\/woiczik.de\/wp-content\/uploads\/2026\/01\/20260113_143330-225x300.jpg 225w, http:\/\/woiczik.de\/wp-content\/uploads\/2026\/01\/20260113_143330-1152x1536.jpg 1152w, http:\/\/woiczik.de\/wp-content\/uploads\/2026\/01\/20260113_143330-1536x2048.jpg 1536w, http:\/\/woiczik.de\/wp-content\/uploads\/2026\/01\/20260113_143330-scaled.jpg 1920w\" sizes=\"(max-width: 768px) 100vw, 768px\" \/><\/a><figcaption class=\"wp-element-caption\">Herrlich bei 26-29 Grad Wassertemperatur<\/figcaption><\/figure>\n<\/figure>\n\n\n\n<figure class=\"wp-block-gallery has-nested-images columns-default is-cropped wp-block-gallery-7 is-layout-flex wp-block-gallery-is-layout-flex\">\n<figure class=\"wp-block-image size-large\"><a href=\"http:\/\/woiczik.de\/wp-content\/uploads\/2026\/01\/20260114_181008-scaled.jpg\"><img loading=\"lazy\" decoding=\"async\" width=\"1024\" height=\"783\" data-id=\"8783\" src=\"http:\/\/woiczik.de\/wp-content\/uploads\/2026\/01\/20260114_181008-1024x783.jpg\" alt=\"\" class=\"wp-image-8783\" srcset=\"http:\/\/woiczik.de\/wp-content\/uploads\/2026\/01\/20260114_181008-1024x783.jpg 1024w, http:\/\/woiczik.de\/wp-content\/uploads\/2026\/01\/20260114_181008-300x229.jpg 300w, http:\/\/woiczik.de\/wp-content\/uploads\/2026\/01\/20260114_181008-768x587.jpg 768w, http:\/\/woiczik.de\/wp-content\/uploads\/2026\/01\/20260114_181008-1536x1174.jpg 1536w, http:\/\/woiczik.de\/wp-content\/uploads\/2026\/01\/20260114_181008-2048x1566.jpg 2048w, http:\/\/woiczik.de\/wp-content\/uploads\/2026\/01\/20260114_181008-392x300.jpg 392w\" sizes=\"(max-width: 1024px) 100vw, 1024px\" \/><\/a><figcaption class=\"wp-element-caption\">Besuch der Dinner Show<\/figcaption><\/figure>\n<\/figure>\n\n\n\n<p>Wir besuchten des Weiteren die Weltklasse-Dinnershow (mehr dar\u00fcber auf <a href=\"https:\/\/www.freizeitpark-welt.de\/\">Freizeitpark-Welt.de &#8211; Die Ganze Welt der Freizeitparks, Zoos und Wasserparks<\/a>), waren auf dem tollen DJ Bobo Konzert<\/p>\n\n\n\n<figure class=\"wp-block-gallery has-nested-images columns-default is-cropped wp-block-gallery-8 is-layout-flex wp-block-gallery-is-layout-flex\">\n<figure class=\"wp-block-image size-large\"><a href=\"http:\/\/woiczik.de\/wp-content\/uploads\/2026\/01\/85988e38a69cfba19245b8303cf3a76eefd695f6.webp\"><img loading=\"lazy\" decoding=\"async\" width=\"992\" height=\"662\" data-id=\"8797\" src=\"http:\/\/woiczik.de\/wp-content\/uploads\/2026\/01\/85988e38a69cfba19245b8303cf3a76eefd695f6.webp\" alt=\"\" class=\"wp-image-8797\" srcset=\"http:\/\/woiczik.de\/wp-content\/uploads\/2026\/01\/85988e38a69cfba19245b8303cf3a76eefd695f6.webp 992w, http:\/\/woiczik.de\/wp-content\/uploads\/2026\/01\/85988e38a69cfba19245b8303cf3a76eefd695f6-300x200.webp 300w, http:\/\/woiczik.de\/wp-content\/uploads\/2026\/01\/85988e38a69cfba19245b8303cf3a76eefd695f6-768x513.webp 768w, http:\/\/woiczik.de\/wp-content\/uploads\/2026\/01\/85988e38a69cfba19245b8303cf3a76eefd695f6-450x300.webp 450w\" sizes=\"(max-width: 992px) 100vw, 992px\" \/><\/a><\/figure>\n<\/figure>\n\n\n\n<p>und besuchten nat\u00fcrlich &#8222;den besten Freizeitpark der Welt&#8220;.<\/p>\n\n\n\n<figure class=\"wp-block-gallery has-nested-images columns-default is-cropped wp-block-gallery-9 is-layout-flex wp-block-gallery-is-layout-flex\">\n<figure class=\"wp-block-image size-large\"><a href=\"http:\/\/woiczik.de\/wp-content\/uploads\/2026\/01\/20260113_181542-scaled.jpg\"><img loading=\"lazy\" decoding=\"async\" width=\"768\" height=\"1024\" data-id=\"8802\" src=\"http:\/\/woiczik.de\/wp-content\/uploads\/2026\/01\/20260113_181542-768x1024.jpg\" alt=\"\" class=\"wp-image-8802\" srcset=\"http:\/\/woiczik.de\/wp-content\/uploads\/2026\/01\/20260113_181542-768x1024.jpg 768w, http:\/\/woiczik.de\/wp-content\/uploads\/2026\/01\/20260113_181542-225x300.jpg 225w, http:\/\/woiczik.de\/wp-content\/uploads\/2026\/01\/20260113_181542-1152x1536.jpg 1152w, http:\/\/woiczik.de\/wp-content\/uploads\/2026\/01\/20260113_181542-1536x2048.jpg 1536w, http:\/\/woiczik.de\/wp-content\/uploads\/2026\/01\/20260113_181542-scaled.jpg 1920w\" sizes=\"(max-width: 768px) 100vw, 768px\" \/><\/a><\/figure>\n<\/figure>\n\n\n\n<p> Mein Ruhepuls ging sogar auf 43 herunter, meine Schlafwerte bei bis zu 9 Stunden Schlaf   zzgl. 40-60 Minuten vor der zweiten Tageseinheit, lagen im 80er Bereich und es ging mir sehr gut in Rust.<\/p>\n\n\n\n<figure class=\"wp-block-gallery has-nested-images columns-default is-cropped wp-block-gallery-10 is-layout-flex wp-block-gallery-is-layout-flex\">\n<figure class=\"wp-block-image size-large\"><a href=\"http:\/\/woiczik.de\/wp-content\/uploads\/2026\/01\/20260111_134042-scaled.jpg\"><img loading=\"lazy\" decoding=\"async\" width=\"768\" height=\"1024\" data-id=\"8771\" src=\"http:\/\/woiczik.de\/wp-content\/uploads\/2026\/01\/20260111_134042-768x1024.jpg\" alt=\"\" class=\"wp-image-8771\" srcset=\"http:\/\/woiczik.de\/wp-content\/uploads\/2026\/01\/20260111_134042-768x1024.jpg 768w, http:\/\/woiczik.de\/wp-content\/uploads\/2026\/01\/20260111_134042-225x300.jpg 225w, http:\/\/woiczik.de\/wp-content\/uploads\/2026\/01\/20260111_134042-1152x1536.jpg 1152w, http:\/\/woiczik.de\/wp-content\/uploads\/2026\/01\/20260111_134042-1536x2048.jpg 1536w, http:\/\/woiczik.de\/wp-content\/uploads\/2026\/01\/20260111_134042-scaled.jpg 1920w\" sizes=\"(max-width: 768px) 100vw, 768px\" \/><\/a><\/figure>\n<\/figure>\n\n\n\n<figure class=\"wp-block-gallery has-nested-images columns-default is-cropped wp-block-gallery-11 is-layout-flex wp-block-gallery-is-layout-flex\">\n<figure class=\"wp-block-image size-large\"><a href=\"http:\/\/woiczik.de\/wp-content\/uploads\/2026\/01\/20260116_1300560-scaled.jpg\"><img loading=\"lazy\" decoding=\"async\" width=\"768\" height=\"1024\" data-id=\"8796\" src=\"http:\/\/woiczik.de\/wp-content\/uploads\/2026\/01\/20260116_1300560-768x1024.jpg\" alt=\"\" class=\"wp-image-8796\" srcset=\"http:\/\/woiczik.de\/wp-content\/uploads\/2026\/01\/20260116_1300560-768x1024.jpg 768w, http:\/\/woiczik.de\/wp-content\/uploads\/2026\/01\/20260116_1300560-225x300.jpg 225w, http:\/\/woiczik.de\/wp-content\/uploads\/2026\/01\/20260116_1300560-1152x1536.jpg 1152w, http:\/\/woiczik.de\/wp-content\/uploads\/2026\/01\/20260116_1300560-1536x2048.jpg 1536w, http:\/\/woiczik.de\/wp-content\/uploads\/2026\/01\/20260116_1300560-scaled.jpg 1920w\" sizes=\"(max-width: 768px) 100vw, 768px\" \/><\/a><\/figure>\n<\/figure>\n\n\n\n<p>Leider verging, wie immer im Europa Park Resort, die Zeit viel zu schnell. Die R\u00fcckreise nach Berlin lief \u00fcberraschenderweise sehr gut und nach einem \u00e4rztlichen Check bei meinem Hausarzt (Blutdruck, Reizhusten) an einem der letzten beiden Urlaubstage, bin ich wieder beruflich im Dienst.<\/p>\n\n\n\n<figure class=\"wp-block-gallery has-nested-images columns-default is-cropped wp-block-gallery-12 is-layout-flex wp-block-gallery-is-layout-flex\">\n<figure class=\"wp-block-image size-large\"><a href=\"http:\/\/woiczik.de\/wp-content\/uploads\/2025\/12\/britzer-seeterrassen-winterhochzeit-mit-schnee-1024x574-1.jpg\"><img loading=\"lazy\" decoding=\"async\" width=\"1024\" height=\"574\" data-id=\"8757\" src=\"http:\/\/woiczik.de\/wp-content\/uploads\/2025\/12\/britzer-seeterrassen-winterhochzeit-mit-schnee-1024x574-1.jpg\" alt=\"\" class=\"wp-image-8757\" srcset=\"http:\/\/woiczik.de\/wp-content\/uploads\/2025\/12\/britzer-seeterrassen-winterhochzeit-mit-schnee-1024x574-1.jpg 1024w, http:\/\/woiczik.de\/wp-content\/uploads\/2025\/12\/britzer-seeterrassen-winterhochzeit-mit-schnee-1024x574-1-300x168.jpg 300w, http:\/\/woiczik.de\/wp-content\/uploads\/2025\/12\/britzer-seeterrassen-winterhochzeit-mit-schnee-1024x574-1-768x431.jpg 768w, http:\/\/woiczik.de\/wp-content\/uploads\/2025\/12\/britzer-seeterrassen-winterhochzeit-mit-schnee-1024x574-1-500x280.jpg 500w\" sizes=\"(max-width: 1024px) 100vw, 1024px\" \/><\/a><\/figure>\n<\/figure>\n\n\n\n<p><strong>Die H\u00e4lfte der Vorbereitung ist geschafft (trotz Schnee &amp; Eis)<\/strong><\/p>\n\n\n\n<div class=\"wp-block-cover\"><span aria-hidden=\"true\" class=\"wp-block-cover__background has-background-dim\"><\/span><img loading=\"lazy\" decoding=\"async\" width=\"768\" height=\"1024\" class=\"wp-block-cover__image-background wp-image-8824\" alt=\"\" src=\"http:\/\/woiczik.de\/wp-content\/uploads\/2026\/02\/20260131_085027-768x1024.jpg\" data-object-fit=\"cover\" srcset=\"http:\/\/woiczik.de\/wp-content\/uploads\/2026\/02\/20260131_085027-768x1024.jpg 768w, http:\/\/woiczik.de\/wp-content\/uploads\/2026\/02\/20260131_085027-225x300.jpg 225w, http:\/\/woiczik.de\/wp-content\/uploads\/2026\/02\/20260131_085027-1152x1536.jpg 1152w, http:\/\/woiczik.de\/wp-content\/uploads\/2026\/02\/20260131_085027-1536x2048.jpg 1536w, http:\/\/woiczik.de\/wp-content\/uploads\/2026\/02\/20260131_085027-scaled.jpg 1920w\" sizes=\"(max-width: 768px) 100vw, 768px\" \/><div class=\"wp-block-cover__inner-container is-layout-flow wp-block-cover-is-layout-flow\">\n<p class=\"has-text-align-center has-large-font-size\">Im Britzer Garten bei Schnee &amp; Eis trainiert (..und auf dem Speed Bike)<\/p>\n<\/div><\/div>\n\n\n\n<p>In den sieben Trainingswochen kam ich bislang auf &#8222;nur&#8220; <strong>durchschnittlich knapp 50 Laufkilometer<\/strong> (darunter f\u00fcnf l\u00e4ngere Einheiten \u00fcber 90 Minuten mit 20,3 km, 16 km und 15,7 km, 14 km und 20,9 km), <strong>462 km Kilometern auf dem Speed Bike<\/strong>, 1700 Meter Schwimmen und 11 Kraft\/Dehn\/Yoga-Einheiten. Mit Orthomol Sport, Zink, viel Obst, viel Schlaf und &#8222;Feels like&#8220; bin ich gut durch das Trainingslager und die ersten sieben Trainingswochen gekommen. Ob ich unter den von mir geplanten <strong>1:50 h <\/strong>bleibe ich v\u00f6llig unklar. Die Grundlagenausdauer ist auch dank der vielen Kilometer auf dem Speed Bike sehr ordentlich, aber es fehlt mir auf Grund der Witterung an Laufkilometern.<\/p>\n\n\n\n<figure class=\"wp-block-image size-large\"><a href=\"http:\/\/woiczik.de\/wp-content\/uploads\/2026\/02\/20260207_095115-scaled.jpg\"><img loading=\"lazy\" decoding=\"async\" width=\"768\" height=\"1024\" src=\"http:\/\/woiczik.de\/wp-content\/uploads\/2026\/02\/20260207_095115-768x1024.jpg\" alt=\"\" class=\"wp-image-8825\" srcset=\"http:\/\/woiczik.de\/wp-content\/uploads\/2026\/02\/20260207_095115-768x1024.jpg 768w, http:\/\/woiczik.de\/wp-content\/uploads\/2026\/02\/20260207_095115-225x300.jpg 225w, http:\/\/woiczik.de\/wp-content\/uploads\/2026\/02\/20260207_095115-1152x1536.jpg 1152w, http:\/\/woiczik.de\/wp-content\/uploads\/2026\/02\/20260207_095115-1536x2048.jpg 1536w, http:\/\/woiczik.de\/wp-content\/uploads\/2026\/02\/20260207_095115-scaled.jpg 1920w\" sizes=\"(max-width: 768px) 100vw, 768px\" \/><\/a><\/figure>\n\n\n\n<p>Spiegelglatt auf den Hauptwegen im Britzer Garten am Wochenende 7\/8.02.2026<\/p>\n\n\n\n<p><strong>Wochenr\u00fcckblick 8.Woche bis zum Halbmarathon-Start:<\/strong><\/p>\n\n\n\n<figure class=\"wp-block-image size-large\"><a href=\"http:\/\/woiczik.de\/wp-content\/uploads\/2024\/04\/IMG_20240407_122715808_HDR.jpg\"><img loading=\"lazy\" decoding=\"async\" width=\"1024\" height=\"768\" src=\"http:\/\/woiczik.de\/wp-content\/uploads\/2024\/04\/IMG_20240407_122715808_HDR-1024x768.jpg\" alt=\"\" class=\"wp-image-6959\" srcset=\"http:\/\/woiczik.de\/wp-content\/uploads\/2024\/04\/IMG_20240407_122715808_HDR-1024x768.jpg 1024w, http:\/\/woiczik.de\/wp-content\/uploads\/2024\/04\/IMG_20240407_122715808_HDR-300x225.jpg 300w, http:\/\/woiczik.de\/wp-content\/uploads\/2024\/04\/IMG_20240407_122715808_HDR-768x576.jpg 768w, http:\/\/woiczik.de\/wp-content\/uploads\/2024\/04\/IMG_20240407_122715808_HDR-400x300.jpg 400w\" sizes=\"(max-width: 1024px) 100vw, 1024px\" \/><\/a><\/figure>\n\n\n\n<p>Foto vom Berlin Half 2024  <\/p>\n\n\n\n<p>Auch in der achten und neunten Vorbereitungswoche bestimmen Schnee, Gl\u00e4tte und Minusgrade das Training. Der Trainings\/Wettkampflauf im Britzer Garten in der Folgewoche \u00fcber 10 km war gut, aber die LWS Beschwerden mit Ausstrahlung in die Oberschenkel und nachfolgende gesundheitliche Zipperlein waren f\u00fcr die restliche Vorbereitung auf dem &#8222;Berlin Half&#8220; nicht f\u00f6rderlich.<\/p>\n\n\n\n<figure class=\"wp-block-image size-large\"><a href=\"http:\/\/woiczik.de\/wp-content\/uploads\/2023\/04\/thumbnail-4.jpeg\"><img loading=\"lazy\" decoding=\"async\" width=\"768\" height=\"1024\" src=\"http:\/\/woiczik.de\/wp-content\/uploads\/2023\/04\/thumbnail-4-768x1024.jpeg\" alt=\"\" class=\"wp-image-6369\" srcset=\"http:\/\/woiczik.de\/wp-content\/uploads\/2023\/04\/thumbnail-4-768x1024.jpeg 768w, http:\/\/woiczik.de\/wp-content\/uploads\/2023\/04\/thumbnail-4-225x300.jpeg 225w, http:\/\/woiczik.de\/wp-content\/uploads\/2023\/04\/thumbnail-4.jpeg 1080w\" sizes=\"(max-width: 768px) 100vw, 768px\" \/><\/a><figcaption class=\"wp-element-caption\">Zufrieden im Ziel im Jahr 2023<\/figcaption><\/figure>\n\n\n\n<p><strong>Fit f\u00fcr 1:50 h?<\/strong><\/p>\n\n\n\n<p>Aufgrund meiner orthop\u00e4dischen Probleme und dem untypischen langen Winter in Berlin (bis Ende Februar) reduzierte ich schon meine urspr\u00fcnglichen \u201eZielzeitplanungen\u201c von SUB: 1:45 h auf \u201eum 1:50 h\u201c. F\u00fcr eine Zielpace von 1:50 h sind in der Regel 40 bis 60 Laufkilometer pro Woche mit vier Laufeinheiten erforderlich. Mein Trainer Christian Schieber erstellte mir die entsprechenden Trainingspl\u00e4ne.<\/p>\n\n\n\n<p><strong>Was lief?<\/strong><\/p>\n\n\n\n<p>In meiner 14 Wochen langen andauernden Vorbereitung absolvierte ich im Durchschnitt 52,17 Laufkilometer und 504 Kilometer auf dem Speed Bike. Dazu noch einmal die Woche Yoga (70 bis 75 Minuten) und zwei weitere Kraft\/Dehnprogramme von jeweils 30 Minuten. 9 lange Einheiten mit 1:56:03 (20,3 km) &#8211; 1:35:58 (15,99 km) -1:40:43 (15,67 km) -1:30:35 (14 km) -2:01:17 (20,9 km) -1:38:46(16,01 km) -1:59:54 (19,81 km) -1:47:49 (19,2 km) und 1:36:00 (16,5 km).&nbsp; Der Britzer Gartenlauf am 01.03 diente im geplanten HM-Tempo als Form\u00fcberpr\u00fcfung. Alles im Allen war es f\u00fcr die geplante Zielzeit eine ausreichende Vorbereitung. Das Tempo von um 5:10 min\/km ist nicht die Herausforderung f\u00fcr den Berliner Halbmarathon f\u00fcr mich sondern die mentale Schwierigkeit mit den orthop\u00e4dischen Probleme \u201eklarzukommen\u201c.<\/p>\n\n\n\n<p>Die Lendenwirbels\u00e4ule ist der untere Teil der Wirbels\u00e4ule und tr\u00e4gt viel Gewicht. Eine verspannte oder \u201efeste\u201c LWS kann sich auch auf die umliegenden Muskeln und Nerven auswirken. \u201e<strong>Feste\u201c Oberschenkel<\/strong> resultieren aus Muskelverspannungen, Verk\u00fcrzungen und einer verminderten Beweglichkeit. Oft h\u00e4ngen Oberschenkelverspannungen mit Problemen in der LWS zusammen, da Nerven, die in die Beine gehen, dort entspringen. Verk\u00fcrzte Muskeln und eine schwache R\u00fcckenmuskulatur verst\u00e4rken das Gef\u00fchl von \u201eFesten\u201c Oberschenkeln und R\u00fccken. Erstmalig traten diese Beschwerden beim Berlin Marathon im Jahr 2024 auf. Beim D\u00fcsseldorf-Halbmarathon und dem 10er im Oktober im letzten Jahr und in diesem Jahr \u00f6fters bei den langen Einheiten und beim Britzer Gartenlauf.&nbsp;<\/p>\n\n\n\n<p><strong>Was kann helfen?<\/strong><\/p>\n\n\n\n<p>Dehn\u00fcbungen: Spezielle Dehnungen f\u00fcr die LWS und Oberschenkelmuskulatur, sowie Yoga. W\u00e4rmeanwendungen k\u00f6nnen Verspannungen l\u00f6sen und die Physiotherapie. Gezielte \u00dcbungen und Behandlung durch Fachleute. Aber durch eine sitzende berufliche T\u00e4tigkeit und meine 58 Jahre ist eine Besserung nur minimal gew\u00e4hrleistet, da auch meine <strong>Brustwirbels\u00e4ule mir seit Jahren Beschwerden macht<\/strong>. &nbsp;&nbsp;&nbsp;&nbsp;<\/p>\n\n\n\n<p> 3<strong>. Meine bisherige Starts beim Berliner Halbmarathon<\/strong><\/p>\n\n\n\n<p><strong>1995<\/strong>: 3 km (11:13 Minuten\/Gesamt 25)- <strong>1999<\/strong>: 1:25:35 h (Gesamt 73)- <strong>2002<\/strong>: 1:24:10 h (Gesamt 283)- <strong>2003<\/strong>: <strong>1:22:00 h<\/strong> (Gesamt 228\/M35 Platz 65)- <strong>2004<\/strong>: 1:25:46 h (Gesamt 320\/M 35 Platz 81)-<strong> 2006<\/strong>-Comeback nach dem Fu\u00dfbruch: 1:30:29 h (Gesamt 604-M35 Platz 124)-<strong>2007<\/strong>: 1:31:37 h (Gesamt: 839\/M 35 Platz 163)- <strong>2009<\/strong>: 1:31:16 h (Gesamt 1055\/M 40 Platz 235)- <strong>2010<\/strong>: 1:30:07 (Gesamt 929\/M 40 Platz 202)- <strong>2011<\/strong>: 1:36:21 h (Gesamt 1327\/M 40-Platz 249)- <strong>2013<\/strong>: 1:42:10 h (Gesamt 3518\/M 45-Platz 548)- <strong>2023<\/strong>: 1:49:16 h (Gesamt 8226\/M 55-Platz 367)- <strong>2024<\/strong>: 1:58:23 h<\/p>\n\n\n\n<figure class=\"wp-block-image size-large\"><a href=\"http:\/\/woiczik.de\/wp-content\/uploads\/2026\/01\/IMG.jpg\"><img loading=\"lazy\" decoding=\"async\" width=\"697\" height=\"1024\" src=\"http:\/\/woiczik.de\/wp-content\/uploads\/2026\/01\/IMG-697x1024.jpg\" alt=\"\" class=\"wp-image-8821\" srcset=\"http:\/\/woiczik.de\/wp-content\/uploads\/2026\/01\/IMG-697x1024.jpg 697w, http:\/\/woiczik.de\/wp-content\/uploads\/2026\/01\/IMG-204x300.jpg 204w, http:\/\/woiczik.de\/wp-content\/uploads\/2026\/01\/IMG-768x1128.jpg 768w, http:\/\/woiczik.de\/wp-content\/uploads\/2026\/01\/IMG-1046x1536.jpg 1046w, http:\/\/woiczik.de\/wp-content\/uploads\/2026\/01\/IMG-1394x2048.jpg 1394w, http:\/\/woiczik.de\/wp-content\/uploads\/2026\/01\/IMG.jpg 1612w\" sizes=\"(max-width: 697px) 100vw, 697px\" \/><\/a><\/figure>\n\n\n\n<p>4<strong>.Trainings-Wettkampf am 1.3.2026 Britzer Garten Lauf \u00fcber 10 km<\/strong><\/p>\n\n\n\n<figure class=\"wp-block-image size-large\"><a href=\"http:\/\/woiczik.de\/wp-content\/uploads\/2026\/01\/streckenplan.jpg\"><img loading=\"lazy\" decoding=\"async\" width=\"1024\" height=\"712\" src=\"http:\/\/woiczik.de\/wp-content\/uploads\/2026\/01\/streckenplan-1024x712.jpg\" alt=\"\" class=\"wp-image-8829\" srcset=\"http:\/\/woiczik.de\/wp-content\/uploads\/2026\/01\/streckenplan-1024x712.jpg 1024w, http:\/\/woiczik.de\/wp-content\/uploads\/2026\/01\/streckenplan-300x208.jpg 300w, http:\/\/woiczik.de\/wp-content\/uploads\/2026\/01\/streckenplan-768x534.jpg 768w, http:\/\/woiczik.de\/wp-content\/uploads\/2026\/01\/streckenplan-432x300.jpg 432w, http:\/\/woiczik.de\/wp-content\/uploads\/2026\/01\/streckenplan.jpg 1098w\" sizes=\"(max-width: 1024px) 100vw, 1024px\" \/><\/a><\/figure>\n\n\n\n<p><strong>Meine bisherigen L\u00e4ufe bei dieser Veranstaltung:<\/strong> <strong>1999<\/strong>: 10 km Platz 58 (MHK Platz 28) 41:48 min.-<strong>2005:<\/strong> 5,5 km Platz 5 (AK M35 <strong>Platz 1<\/strong>) 21:17 min.-<strong>2006<\/strong>: 5 km im Schnee am 12.3 <strong>Platz 4<\/strong> (AK M35 Platz 2) 20:33 min.<\/p>\n\n\n\n<p>Zum 35 Mal findet in diesem Jahr diese Laufveranstaltung statt. Der Britzer Garten ist &#8222;mein Laufwohnzimmer&#8220;, da er nur 2 km von meinem zu Hause entfernt sich befindet. Tausende Trainingskilometer habe ich da absolviert. Im Gegensatz zu unserer PSV-Lauf\/Gehveranstaltung ist die NSF-Laufveranstaltung mit ihrer 5 km Runde <strong>nicht<\/strong>&nbsp;von einem WA-zertifiziertem Streckenvermesser vermessen worden und daher auch nicht Bestenlisten tauglich. Ich werde diesen 10er auf Form\u00fcberpr\u00fcfung im geplanten Halbmarathon-Renntempo f\u00fcr den 29.3 nutzen. <\/p>\n\n\n\n<p><strong>Viele Rennen und einer hinterher<\/strong><\/p>\n\n\n\n<p>25 Aktive aus meinen beiden Vereinen TUS Neuk\u00f6lln und Polizei SV Berlin waren beim Britzer Garten Lauf am Start. <\/p>\n\n\n\n<figure class=\"wp-block-image size-large is-resized\"><a href=\"http:\/\/woiczik.de\/wp-content\/uploads\/2026\/03\/20260301_094517-scaled.jpg\"><img loading=\"lazy\" decoding=\"async\" width=\"768\" height=\"1024\" src=\"http:\/\/woiczik.de\/wp-content\/uploads\/2026\/03\/20260301_094517-768x1024.jpg\" alt=\"\" class=\"wp-image-8850\" style=\"width:615px;height:auto\" srcset=\"http:\/\/woiczik.de\/wp-content\/uploads\/2026\/03\/20260301_094517-768x1024.jpg 768w, http:\/\/woiczik.de\/wp-content\/uploads\/2026\/03\/20260301_094517-225x300.jpg 225w, http:\/\/woiczik.de\/wp-content\/uploads\/2026\/03\/20260301_094517-1152x1536.jpg 1152w, http:\/\/woiczik.de\/wp-content\/uploads\/2026\/03\/20260301_094517-1536x2048.jpg 1536w, http:\/\/woiczik.de\/wp-content\/uploads\/2026\/03\/20260301_094517-scaled.jpg 1920w\" sizes=\"(max-width: 768px) 100vw, 768px\" \/><\/a><\/figure>\n\n\n\n<p>Einlaufen mit Winfried Schumann<\/p>\n\n\n\n<p>620 im Ziel erfasste Teilnehmer*innen nutzten das vor-fr\u00fchlingshafte Wetter bei Temperaturen um 10 Grad, um ihre Form nach dem langen Winter zu testen. Waren vor zwei Wochen noch alle Wege im Britzer Garten vereist, so pr\u00e4sentierte er sich heute in fr\u00fchlingshafter Laune und lockte zahlreiche Nachmelder und Zuschauer an.<\/p>\n\n\n\n<figure class=\"wp-block-image size-large\"><a href=\"http:\/\/woiczik.de\/wp-content\/uploads\/2026\/03\/IMG-20260301-WA0031.jpg\"><img loading=\"lazy\" decoding=\"async\" width=\"768\" height=\"1024\" src=\"http:\/\/woiczik.de\/wp-content\/uploads\/2026\/03\/IMG-20260301-WA0031-768x1024.jpg\" alt=\"\" class=\"wp-image-8854\" srcset=\"http:\/\/woiczik.de\/wp-content\/uploads\/2026\/03\/IMG-20260301-WA0031-768x1024.jpg 768w, http:\/\/woiczik.de\/wp-content\/uploads\/2026\/03\/IMG-20260301-WA0031-225x300.jpg 225w, http:\/\/woiczik.de\/wp-content\/uploads\/2026\/03\/IMG-20260301-WA0031-1152x1536.jpg 1152w, http:\/\/woiczik.de\/wp-content\/uploads\/2026\/03\/IMG-20260301-WA0031.jpg 1500w\" sizes=\"(max-width: 768px) 100vw, 768px\" \/><\/a><figcaption class=\"wp-element-caption\">Startschuss<\/figcaption><\/figure>\n\n\n\n<p>P\u00fcnktlich um 10.20 Uhr erfolgte der Startschuss zum 10 km Lauf. Leider wurden nur Bruttozeiten ausgewiesen. Ich \u00fcberquerte erst 20 Sekunden nach dem Startschuss die Startline.<\/p>\n\n\n\n<figure class=\"wp-block-image size-large\"><a href=\"http:\/\/woiczik.de\/wp-content\/uploads\/2026\/03\/IMG-20260301-WA0007.jpg\"><img loading=\"lazy\" decoding=\"async\" width=\"1024\" height=\"768\" src=\"http:\/\/woiczik.de\/wp-content\/uploads\/2026\/03\/IMG-20260301-WA0007-1024x768.jpg\" alt=\"\" class=\"wp-image-8858\" srcset=\"http:\/\/woiczik.de\/wp-content\/uploads\/2026\/03\/IMG-20260301-WA0007-1024x768.jpg 1024w, http:\/\/woiczik.de\/wp-content\/uploads\/2026\/03\/IMG-20260301-WA0007-300x225.jpg 300w, http:\/\/woiczik.de\/wp-content\/uploads\/2026\/03\/IMG-20260301-WA0007-768x576.jpg 768w, http:\/\/woiczik.de\/wp-content\/uploads\/2026\/03\/IMG-20260301-WA0007-1536x1152.jpg 1536w, http:\/\/woiczik.de\/wp-content\/uploads\/2026\/03\/IMG-20260301-WA0007-400x300.jpg 400w, http:\/\/woiczik.de\/wp-content\/uploads\/2026\/03\/IMG-20260301-WA0007.jpg 2000w\" sizes=\"(max-width: 1024px) 100vw, 1024px\" \/><\/a><\/figure>\n\n\n\n<p>Ich war bis km 5 (23:59 min) zu schnell unterwegs, reduzierte bewusst das Tempo auf 5er Tempo und erreichte die 7 km Marke bei 34:00 Minuten. Leider bekam ich dann Oberschenkelbeschwerden und hatte zwischen km 7 und 9 &#8222;verlor&#8220; da 26 Sekunden. <\/p>\n\n\n\n<figure class=\"wp-block-image size-full\"><a href=\"http:\/\/woiczik.de\/wp-content\/uploads\/2026\/03\/IMG-20260301-WA00122.jpg\"><img loading=\"lazy\" decoding=\"async\" width=\"484\" height=\"805\" src=\"http:\/\/woiczik.de\/wp-content\/uploads\/2026\/03\/IMG-20260301-WA00122.jpg\" alt=\"\" class=\"wp-image-8852\" srcset=\"http:\/\/woiczik.de\/wp-content\/uploads\/2026\/03\/IMG-20260301-WA00122.jpg 484w, http:\/\/woiczik.de\/wp-content\/uploads\/2026\/03\/IMG-20260301-WA00122-180x300.jpg 180w\" sizes=\"(max-width: 484px) 100vw, 484px\" \/><\/a><figcaption class=\"wp-element-caption\">Bei km 5,5<\/figcaption><\/figure>\n\n\n\n<figure class=\"wp-block-image size-large\"><a href=\"http:\/\/woiczik.de\/wp-content\/uploads\/2026\/03\/IMG-20260301-WA00082.jpg\"><img loading=\"lazy\" decoding=\"async\" width=\"421\" height=\"1024\" src=\"http:\/\/woiczik.de\/wp-content\/uploads\/2026\/03\/IMG-20260301-WA00082-421x1024.jpg\" alt=\"\" class=\"wp-image-8851\" srcset=\"http:\/\/woiczik.de\/wp-content\/uploads\/2026\/03\/IMG-20260301-WA00082-421x1024.jpg 421w, http:\/\/woiczik.de\/wp-content\/uploads\/2026\/03\/IMG-20260301-WA00082-123x300.jpg 123w, http:\/\/woiczik.de\/wp-content\/uploads\/2026\/03\/IMG-20260301-WA00082-632x1536.jpg 632w, http:\/\/woiczik.de\/wp-content\/uploads\/2026\/03\/IMG-20260301-WA00082.jpg 715w\" sizes=\"(max-width: 421px) 100vw, 421px\" \/><\/a><figcaption class=\"wp-element-caption\">Kurz vor dem Ziel<\/figcaption><\/figure>\n\n\n\n<p>In 4:36 Min (mein schnellster Kilometer) lief ich dann den letzten Kilometer zufrieden ins Ziel.<\/p>\n\n\n\n<figure class=\"wp-block-image size-large\"><a href=\"http:\/\/woiczik.de\/wp-content\/uploads\/2026\/03\/Screenshot_20260302_053757_Chrome.jpg\"><img loading=\"lazy\" decoding=\"async\" width=\"473\" height=\"1024\" src=\"http:\/\/woiczik.de\/wp-content\/uploads\/2026\/03\/Screenshot_20260302_053757_Chrome-473x1024.jpg\" alt=\"\" class=\"wp-image-8862\" srcset=\"http:\/\/woiczik.de\/wp-content\/uploads\/2026\/03\/Screenshot_20260302_053757_Chrome-473x1024.jpg 473w, http:\/\/woiczik.de\/wp-content\/uploads\/2026\/03\/Screenshot_20260302_053757_Chrome-138x300.jpg 138w, http:\/\/woiczik.de\/wp-content\/uploads\/2026\/03\/Screenshot_20260302_053757_Chrome-768x1664.jpg 768w, http:\/\/woiczik.de\/wp-content\/uploads\/2026\/03\/Screenshot_20260302_053757_Chrome-709x1536.jpg 709w, http:\/\/woiczik.de\/wp-content\/uploads\/2026\/03\/Screenshot_20260302_053757_Chrome-945x2048.jpg 945w, http:\/\/woiczik.de\/wp-content\/uploads\/2026\/03\/Screenshot_20260302_053757_Chrome.jpg 1080w\" sizes=\"(max-width: 473px) 100vw, 473px\" \/><\/a><\/figure>\n\n\n\n<p>  <strong>Meine netto-und tats\u00e4chlich gestoppte Laufzeit war 49:20 Minuten. <\/strong><\/p>\n\n\n\n<figure class=\"wp-block-image size-large\"><a href=\"http:\/\/woiczik.de\/wp-content\/uploads\/2026\/03\/Screenshot_20260302_053158_Chrome.jpg\"><img loading=\"lazy\" decoding=\"async\" width=\"473\" height=\"1024\" src=\"http:\/\/woiczik.de\/wp-content\/uploads\/2026\/03\/Screenshot_20260302_053158_Chrome-473x1024.jpg\" alt=\"\" class=\"wp-image-8861\" srcset=\"http:\/\/woiczik.de\/wp-content\/uploads\/2026\/03\/Screenshot_20260302_053158_Chrome-473x1024.jpg 473w, http:\/\/woiczik.de\/wp-content\/uploads\/2026\/03\/Screenshot_20260302_053158_Chrome-138x300.jpg 138w, http:\/\/woiczik.de\/wp-content\/uploads\/2026\/03\/Screenshot_20260302_053158_Chrome-768x1664.jpg 768w, http:\/\/woiczik.de\/wp-content\/uploads\/2026\/03\/Screenshot_20260302_053158_Chrome-709x1536.jpg 709w, http:\/\/woiczik.de\/wp-content\/uploads\/2026\/03\/Screenshot_20260302_053158_Chrome-945x2048.jpg 945w, http:\/\/woiczik.de\/wp-content\/uploads\/2026\/03\/Screenshot_20260302_053158_Chrome.jpg 1080w\" sizes=\"(max-width: 473px) 100vw, 473px\" \/><\/a><\/figure>\n\n\n\n<p>Zufrieden im Ziel<\/p>\n\n\n\n<p>Coenraad Snyman vom SCC Berlin gewann mit 32:49 Minuten vor Erik Wiedemann von TUS Neuk\u00f6lln. Starker Gesamt 32 wurde <strong>Winfried Schumann<\/strong> in erstklassigen 39:47 Minuten und gewann die M60.  Kurz dahinter kam auch schon <strong>Viktoria Grosse<\/strong> aus meiner Trainingsgruppe mit 39:57 Minuten als dritte Frau und Siegerin der M35 ins Ziel. <\/p>\n\n\n\n<p><strong>Zwei tolle Leistungen, herzlichen Gl\u00fcckwunsch dazu.<\/strong><\/p>\n\n\n\n<figure class=\"wp-block-image size-large\"><a href=\"http:\/\/woiczik.de\/wp-content\/uploads\/2026\/03\/Screenshot_20260301_121047_Garmin-Connect.jpg\"><img loading=\"lazy\" decoding=\"async\" width=\"473\" height=\"1024\" src=\"http:\/\/woiczik.de\/wp-content\/uploads\/2026\/03\/Screenshot_20260301_121047_Garmin-Connect-473x1024.jpg\" alt=\"\" class=\"wp-image-8849\" srcset=\"http:\/\/woiczik.de\/wp-content\/uploads\/2026\/03\/Screenshot_20260301_121047_Garmin-Connect-473x1024.jpg 473w, http:\/\/woiczik.de\/wp-content\/uploads\/2026\/03\/Screenshot_20260301_121047_Garmin-Connect-138x300.jpg 138w, http:\/\/woiczik.de\/wp-content\/uploads\/2026\/03\/Screenshot_20260301_121047_Garmin-Connect-768x1664.jpg 768w, http:\/\/woiczik.de\/wp-content\/uploads\/2026\/03\/Screenshot_20260301_121047_Garmin-Connect-709x1536.jpg 709w, http:\/\/woiczik.de\/wp-content\/uploads\/2026\/03\/Screenshot_20260301_121047_Garmin-Connect-945x2048.jpg 945w, http:\/\/woiczik.de\/wp-content\/uploads\/2026\/03\/Screenshot_20260301_121047_Garmin-Connect.jpg 1080w\" sizes=\"(max-width: 473px) 100vw, 473px\" \/><\/a><\/figure>\n\n\n\n<p>Ich landete auf dem 166.Gesamtplatz. Meine Laufzeit war schneller als geplant. Beim Halbmarathon in vier Wochen ist so tats\u00e4chlich (trotz weniger Laufkilometern als in den Jahren zuvor) eine Zeit um 1:50 h drin.  <\/p>\n\n\n\n<p>5. <strong>Vorberichte zum Berliner Halbmarathon-Elitel\u00e4ufer 2026<\/strong> (PM vom 12.02)<\/p>\n\n\n\n<p><strong>Amanal Petros<\/strong> wi rd beim Generali Berliner Halbmarathon am 29. M\u00e4rz mit Siegchancen ins Rennen gehen. Der 30-j\u00e4hrige Deutsche Rekordhalter f\u00fchrt mit seiner Bestzeit von 59:31 Minuten die derzeitige Elite-Startliste des Rennens an. Vor einem Jahr erreichte der L\u00e4ufer von Hannover 96 in Berlin bei seinem Rekordrennen als erster Deutscher eine Zeit von unter einer Stunde.<\/p>\n\n\n\n<p>\u201eWir freuen uns sehr, dass wir mit Amanal Petros einen deutschen L\u00e4ufer am Start haben, der das Verm\u00f6gen hat, auch ganz vorne mitzumischen, und sind gespannt\u201c, sagte Race-Direktor Mark Milde. Den Veranstaltern ist schon l\u00e4nger bekannt, dass der WM-Zweite im Marathon versuchen m\u00f6chte, den Europarekord von 58:41 Minuten anzugreifen.<\/p>\n\n\n\n<h2 class=\"wp-block-heading\">Wackelt der Europarekord?<\/h2>\n\n\n\n<p>\u201eDie Zeit ist sogar eine Sekunde schneller als unser Streckenrekord. Aber es ist jetzt noch viel zu fr\u00fch, \u00fcber Rekordversuche zu spekulieren. Da muss vieles zusammenpassen\u201c, sagte Mark Milde. Der letzte deutsche Sieg im M\u00e4nnerrennen datiert aus dem Jahr 1993: Damals gewann der Leipziger Carsten Eich mit einer Europarekordzeit von 60:34 Minuten. Damit ist er weiterhin der zweitschnellste deutsche L\u00e4ufer der Geschichte.<\/p>\n\n\n\n<p>Zu den Favoriten z\u00e4hlen in Berlin neben <strong>Amanal Petros<\/strong> auch der \u00c4thiopier <strong>Bereket Nega (Bestzeit: 60:03 min)<\/strong> und der <strong>kenianische Cross-WM-Dritte von 2024, Benson Kiplangat.<\/strong> <\/p>\n\n\n\n<p>Der kenianische Youngster <strong>Michael Temoi <\/strong>ist jetzt der schnellste L\u00e4ufer auf der Startliste des GENERALI BERLINER HALBMARATHON. Der 20-J\u00e4hrige gewann vor Kurzem in seinem ersten Rennen \u00fcber diese Distanz sensationell den Rom-Ostia-Halbmarathon in 58:00 Minuten. Zwar handelt es sich um eine Punkt-zu-Punkt-Strecke, so dass die Zeiten nicht in die offiziellen Bestenlisten \u00fcbernommen werden, doch das schm\u00e4lert die Leistung von Temoi nicht.<\/p>\n\n\n\n<p>Neu im Berliner Starterfeld ist ebenfalls einer der st\u00e4rksten europ\u00e4ischen Stra\u00dfen- und Bahnl\u00e4ufer:<strong>&nbsp;Dominik Lobalu <\/strong>h\u00e4lt mit 59:12 Minuten den Schweizer Halbmarathon-Rekord. Der 27-J\u00e4hrige ist der amtierende 10.000-m-Europameister und der Olympia-Vierte \u00fcber 5.000 m von 2024. Im Februar lief Lobalu bereits einen exzellenten Halbmarathon: In Barcelona war der aus S\u00fcd-Sudan stammende L\u00e4ufer Zweiter in 59:26 Minuten.<\/p>\n\n\n\n<p>Gleich f\u00fcnf weitere L\u00e4ufer aus der deutschen Spitze werden am 29. M\u00e4rz starten: <strong>Johannes Motschmann (SCC Berlin Marathon Team; 61:03 min), Simon Boch (61:15 min), Hendrik Pfeiffer (beide D\u00fcsseldorf Athletics; 61:28 min), Nils Voigt (Deutscher Meister 2026 10 km 27:56 min.) und Sebastian Hendel (SCC Berlin Marathon Team; 61:52 min).<\/strong><\/p>\n\n\n\n<p><strong>Likina Amebaw<\/strong> f\u00fchrt die Startliste der Frauen an. Der \u00c4thiopierin gelang im vergangenen Jahr ein Durchbruch im Halbmarathon. Die 28-J\u00e4hrige steigerte sich bei ihrem Sieg in Kopenhagen auf starke <strong>64:44 Minuten<\/strong>. Hoch einzusch\u00e4tzen sind auch die Kenianerin <strong>Veronica Loleo (Bestzeit: 65:46 min)<\/strong> und die erst 19-j\u00e4hrige \u00c4thiopierin <strong>Melal Siyoum (67:21 min). Mit der Belgierin Chloe Herbiet (70:04 min) ist zudem die aktuelle Halbmarathon-Europameisterin im Rennen.<\/strong><\/p>\n\n\n\n<h2 class=\"wp-block-heading\">Sieben deutsche L\u00e4uferinnen im Elitefeld von Berlin<\/h2>\n\n\n\n<p>Gleich sieben deutsche Topl\u00e4uferinnen werden im Rennen mitmischen. <strong>Esther Pfeiffer (D\u00fcsseldorf Athletics)<\/strong>, die im vergangenen Jahr als Siebte bereits die deutsche Nummer eins in Berlin war, ist mit ihrem pers\u00f6nlichen Rekord von 67:28 Minuten die schnellste unter ihnen. Sie will sich weiter steigern und k\u00f6nnte wiederum eine sehr starke Platzierung erreichen.<\/p>\n\n\n\n<p>Dies ist auch <strong>Domenika Mayer <\/strong>(LG Telis Finanz Regensburg) zuzutrauen, die mehr Potenzial hat als ihre derzeitige Bestzeit von 69:46 Minuten. <strong>Alina Reh<\/strong> (SSV Ulm; 68:42 min), <strong>Deborah Sch\u00f6neborn<\/strong> (SCC Berlin Marathon Team; 69:41 min), Hindernis-Spezialistin <strong>Gesa Krause<\/strong> (Silvesterlauf Trier; 69:47 min),<strong> Rabea Sch\u00f6neborn<\/strong> (70:35 min) und <strong>Christina Hendel <\/strong>(beide SCC Berlin Marathon Team; 70:38 min) sind die weiteren deutschen Topl\u00e4uferinnen in Berlin.<\/p>\n\n\n\n<p><strong>6. Das &#8222;Race-Weekend&#8220; inkl. Thomas Anders Konzert<\/strong><\/p>\n\n\n\n<figure class=\"wp-block-image size-large\"><a href=\"http:\/\/woiczik.de\/wp-content\/uploads\/2026\/03\/20260319_1853372-scaled.jpg\"><img loading=\"lazy\" decoding=\"async\" width=\"1024\" height=\"730\" src=\"http:\/\/woiczik.de\/wp-content\/uploads\/2026\/03\/20260319_1853372-1024x730.jpg\" alt=\"\" class=\"wp-image-8900\" srcset=\"http:\/\/woiczik.de\/wp-content\/uploads\/2026\/03\/20260319_1853372-1024x730.jpg 1024w, http:\/\/woiczik.de\/wp-content\/uploads\/2026\/03\/20260319_1853372-300x214.jpg 300w, http:\/\/woiczik.de\/wp-content\/uploads\/2026\/03\/20260319_1853372-768x548.jpg 768w, http:\/\/woiczik.de\/wp-content\/uploads\/2026\/03\/20260319_1853372-1536x1096.jpg 1536w, http:\/\/woiczik.de\/wp-content\/uploads\/2026\/03\/20260319_1853372-2048x1461.jpg 2048w, http:\/\/woiczik.de\/wp-content\/uploads\/2026\/03\/20260319_1853372-421x300.jpg 421w\" sizes=\"(max-width: 1024px) 100vw, 1024px\" \/><\/a><\/figure>\n\n\n\n<p>In der ausverkauften Uber Eats Music Hall in Berlin-Friedrichshain trat Thomas Anders am 19.03.2026 auf und &#8222;spielte&#8220; ein tolles 2 Stunden Konzert.<\/p>\n\n\n\n<figure class=\"wp-block-image size-large\"><a href=\"http:\/\/woiczik.de\/wp-content\/uploads\/2026\/03\/ee3cdf3fa3d2f83e1e360a6fb1f0da41969a8e58-1.webp\"><img loading=\"lazy\" decoding=\"async\" width=\"862\" height=\"1024\" src=\"http:\/\/woiczik.de\/wp-content\/uploads\/2026\/03\/ee3cdf3fa3d2f83e1e360a6fb1f0da41969a8e58-1-862x1024.webp\" alt=\"\" class=\"wp-image-8899\" srcset=\"http:\/\/woiczik.de\/wp-content\/uploads\/2026\/03\/ee3cdf3fa3d2f83e1e360a6fb1f0da41969a8e58-1-862x1024.webp 862w, http:\/\/woiczik.de\/wp-content\/uploads\/2026\/03\/ee3cdf3fa3d2f83e1e360a6fb1f0da41969a8e58-1-253x300.webp 253w, http:\/\/woiczik.de\/wp-content\/uploads\/2026\/03\/ee3cdf3fa3d2f83e1e360a6fb1f0da41969a8e58-1-768x912.webp 768w, http:\/\/woiczik.de\/wp-content\/uploads\/2026\/03\/ee3cdf3fa3d2f83e1e360a6fb1f0da41969a8e58-1.webp 992w\" sizes=\"(max-width: 862px) 100vw, 862px\" \/><\/a><\/figure>\n\n\n\n<p>Foto: Claudia Woiczik<\/p>\n\n\n\n<figure class=\"wp-block-embed is-type-video is-provider-youtube wp-block-embed-youtube wp-embed-aspect-4-3 wp-has-aspect-ratio\"><div class=\"wp-block-embed__wrapper\">\n<iframe loading=\"lazy\" title=\"GENERALI BERLIN HALF MARATHON 2026\" width=\"584\" height=\"329\" src=\"https:\/\/www.youtube.com\/embed\/K7N98NOAR1E?list=PLq7EZjkgZjlbqTfGzs-K7Ep7v1yE_m9Kb\" frameborder=\"0\" allow=\"accelerometer; autoplay; clipboard-write; encrypted-media; gyroscope; picture-in-picture; web-share\" referrerpolicy=\"strict-origin-when-cross-origin\" allowfullscreen><\/iframe>\n<\/div><\/figure>\n\n\n\n<p><strong>HALBMARATHON EXPO 2026<\/strong><\/p>\n\n\n\n<figure class=\"wp-block-image size-large\"><a href=\"http:\/\/woiczik.de\/wp-content\/uploads\/2026\/03\/20260327_085429-scaled.jpg\"><img loading=\"lazy\" decoding=\"async\" width=\"768\" height=\"1024\" src=\"http:\/\/woiczik.de\/wp-content\/uploads\/2026\/03\/20260327_085429-768x1024.jpg\" alt=\"\" class=\"wp-image-8906\" srcset=\"http:\/\/woiczik.de\/wp-content\/uploads\/2026\/03\/20260327_085429-768x1024.jpg 768w, http:\/\/woiczik.de\/wp-content\/uploads\/2026\/03\/20260327_085429-225x300.jpg 225w, http:\/\/woiczik.de\/wp-content\/uploads\/2026\/03\/20260327_085429-1152x1536.jpg 1152w, http:\/\/woiczik.de\/wp-content\/uploads\/2026\/03\/20260327_085429-1536x2048.jpg 1536w, http:\/\/woiczik.de\/wp-content\/uploads\/2026\/03\/20260327_085429-scaled.jpg 1920w\" sizes=\"(max-width: 768px) 100vw, 768px\" \/><\/a><\/figure>\n\n\n\n<p>Freitag morgens bei 1 Grad um 8.45 Uhr vor dem ehemaligen Flughafen Tempelhof<\/p>\n\n\n\n<p>Nach einem 6 km langen Lauf mit 4*2 min. mit ein bisschen schneller als das geplante Racepace, duschen und fr\u00fchst\u00fccken fuhr ich innerhalb meines Heimatbezirks 35 Minuten von meinem zu Hause zur Expo. Ich hatte dem Timeslot f\u00fcr 9.00 Uhr Hunderte &#8222;Laufinfluencer&#8220; (nein, ich bin keiner) machten f\u00fcr &#8222;ihre Follower&#8220; Fotos und Reels f\u00fcr Tik Tok und Instagram vor dem Expogel\u00e4nde und nat\u00fcrlich auf der Expo.<\/p>\n\n\n\n<figure class=\"wp-block-image size-large\"><a href=\"http:\/\/woiczik.de\/wp-content\/uploads\/2026\/03\/20260327_085457-scaled.jpg\"><img loading=\"lazy\" decoding=\"async\" width=\"768\" height=\"1024\" src=\"http:\/\/woiczik.de\/wp-content\/uploads\/2026\/03\/20260327_085457-768x1024.jpg\" alt=\"\" class=\"wp-image-8908\" srcset=\"http:\/\/woiczik.de\/wp-content\/uploads\/2026\/03\/20260327_085457-768x1024.jpg 768w, http:\/\/woiczik.de\/wp-content\/uploads\/2026\/03\/20260327_085457-225x300.jpg 225w, http:\/\/woiczik.de\/wp-content\/uploads\/2026\/03\/20260327_085457-1152x1536.jpg 1152w, http:\/\/woiczik.de\/wp-content\/uploads\/2026\/03\/20260327_085457-1536x2048.jpg 1536w, http:\/\/woiczik.de\/wp-content\/uploads\/2026\/03\/20260327_085457-scaled.jpg 1920w\" sizes=\"(max-width: 768px) 100vw, 768px\" \/><\/a><\/figure>\n\n\n\n<p>Auf der Expo holte ich meinen &#8222;Startnummerbeutel&#8220; mit Adidas Laufhemd ab, war bei Garmin (Fehler an Laufuhr beheben lassen), Maurten, Feels like und  INCYLENCE (bei diesem etwas gekauft) am jeweiligen Messestand und unterhielt mich abschlie\u00dfend nett und angeregt bei &#8220; Dresden Half&#8220; und &#8222;Dresden Marathon&#8220; mit den jeweiligen Veranstaltungsleitern. <\/p>\n\n\n\n<figure class=\"wp-block-image size-large\"><a href=\"http:\/\/woiczik.de\/wp-content\/uploads\/2026\/03\/20260327_093339-scaled.jpg\"><img loading=\"lazy\" decoding=\"async\" width=\"768\" height=\"1024\" src=\"http:\/\/woiczik.de\/wp-content\/uploads\/2026\/03\/20260327_093339-768x1024.jpg\" alt=\"\" class=\"wp-image-8907\" srcset=\"http:\/\/woiczik.de\/wp-content\/uploads\/2026\/03\/20260327_093339-768x1024.jpg 768w, http:\/\/woiczik.de\/wp-content\/uploads\/2026\/03\/20260327_093339-225x300.jpg 225w, http:\/\/woiczik.de\/wp-content\/uploads\/2026\/03\/20260327_093339-1152x1536.jpg 1152w, http:\/\/woiczik.de\/wp-content\/uploads\/2026\/03\/20260327_093339-1536x2048.jpg 1536w, http:\/\/woiczik.de\/wp-content\/uploads\/2026\/03\/20260327_093339-scaled.jpg 1920w\" sizes=\"(max-width: 768px) 100vw, 768px\" \/><\/a><\/figure>\n\n\n\n<p>Um 10.10 Uhr verlies ich gut gelaunt das Messegel\u00e4nde.<\/p>\n\n\n\n<p>Am Tag vor dem &#8222;Berlin Half&#8220; fr\u00fch um 7.30 Uhr 3 km ganzzzzzz ruhig (6:42er Tempo) mit abschlie\u00dfenden flotten 3 Steigerungen \u00fcber 80 Meter gelaufen. Nachmittag noch gedehnt und Feels like auf meine Muskeln geschmiert. <\/p>\n\n\n\n<p><strong>Kurz vor dem Lauf<\/strong><\/p>\n\n\n\n<p><strong>&#8222;Beschwerdefrei&#8220; werde ich leider nicht an den Start gehen.<\/strong> Die Beschwerden an der LWS und den beiden Oberschenkeln und ganz neu an der rechten Hand (wohl Sehnenreizung) behindern mich beim Sport treiben. Vom Training her ist eine Laufzeit um 1:50 h aber reel. 8 Stunden geschlafen und einen sehr guten Ruhepuls von 42 bpm gehabt.   <\/p>\n\n\n\n<p><strong>Der Wettkampftag<\/strong><\/p>\n\n\n\n<p><strong>7. So lief mein Halbmarathon<\/strong> <\/p>\n\n\n\n<figure class=\"wp-block-image size-large\"><a href=\"http:\/\/woiczik.de\/wp-content\/uploads\/2026\/03\/20260328_111112-scaled.jpg\"><img loading=\"lazy\" decoding=\"async\" width=\"768\" height=\"1024\" src=\"http:\/\/woiczik.de\/wp-content\/uploads\/2026\/03\/20260328_111112-768x1024.jpg\" alt=\"\" class=\"wp-image-8915\" srcset=\"http:\/\/woiczik.de\/wp-content\/uploads\/2026\/03\/20260328_111112-768x1024.jpg 768w, http:\/\/woiczik.de\/wp-content\/uploads\/2026\/03\/20260328_111112-225x300.jpg 225w, http:\/\/woiczik.de\/wp-content\/uploads\/2026\/03\/20260328_111112-1152x1536.jpg 1152w, http:\/\/woiczik.de\/wp-content\/uploads\/2026\/03\/20260328_111112-1536x2048.jpg 1536w, http:\/\/woiczik.de\/wp-content\/uploads\/2026\/03\/20260328_111112-scaled.jpg 1920w\" sizes=\"(max-width: 768px) 100vw, 768px\" \/><\/a><\/figure>\n\n\n\n<p>Um 6.20 Uhr bin ich aufgestanden, geduscht, gefr\u00fchst\u00fcckt und dann um 7.50 Uhr mit Bus und S-Bahn zum Veranstaltungsgel\u00e4nde gefahren. Einlaufen und leichtes Dehnen und um 9.35 Uhr in den Startblock C. <\/p>\n\n\n\n<figure class=\"wp-block-image size-large\"><a href=\"http:\/\/woiczik.de\/wp-content\/uploads\/2026\/03\/20260329_082153-scaled.jpg\"><img loading=\"lazy\" decoding=\"async\" width=\"768\" height=\"1024\" src=\"http:\/\/woiczik.de\/wp-content\/uploads\/2026\/03\/20260329_082153-768x1024.jpg\" alt=\"\" class=\"wp-image-8916\" srcset=\"http:\/\/woiczik.de\/wp-content\/uploads\/2026\/03\/20260329_082153-768x1024.jpg 768w, http:\/\/woiczik.de\/wp-content\/uploads\/2026\/03\/20260329_082153-225x300.jpg 225w, http:\/\/woiczik.de\/wp-content\/uploads\/2026\/03\/20260329_082153-1152x1536.jpg 1152w, http:\/\/woiczik.de\/wp-content\/uploads\/2026\/03\/20260329_082153-1536x2048.jpg 1536w, http:\/\/woiczik.de\/wp-content\/uploads\/2026\/03\/20260329_082153-scaled.jpg 1920w\" sizes=\"(max-width: 768px) 100vw, 768px\" \/><\/a><\/figure>\n\n\n\n<p>  Berlin um 8.30 Uhr<\/p>\n\n\n\n<figure class=\"wp-block-image size-large\"><a href=\"http:\/\/woiczik.de\/wp-content\/uploads\/2026\/03\/20260329_083640-scaled.jpg\"><img loading=\"lazy\" decoding=\"async\" width=\"1024\" height=\"768\" src=\"http:\/\/woiczik.de\/wp-content\/uploads\/2026\/03\/20260329_083640-1024x768.jpg\" alt=\"\" class=\"wp-image-8914\" srcset=\"http:\/\/woiczik.de\/wp-content\/uploads\/2026\/03\/20260329_083640-1024x768.jpg 1024w, http:\/\/woiczik.de\/wp-content\/uploads\/2026\/03\/20260329_083640-300x225.jpg 300w, http:\/\/woiczik.de\/wp-content\/uploads\/2026\/03\/20260329_083640-768x576.jpg 768w, http:\/\/woiczik.de\/wp-content\/uploads\/2026\/03\/20260329_083640-1536x1152.jpg 1536w, http:\/\/woiczik.de\/wp-content\/uploads\/2026\/03\/20260329_083640-2048x1536.jpg 2048w, http:\/\/woiczik.de\/wp-content\/uploads\/2026\/03\/20260329_083640-400x300.jpg 400w\" sizes=\"(max-width: 1024px) 100vw, 1024px\" \/><\/a><\/figure>\n\n\n\n<p>Kalt mit 2 Grad, aber sonnig<\/p>\n\n\n\n<figure class=\"wp-block-image size-large\"><a href=\"http:\/\/woiczik.de\/wp-content\/uploads\/2026\/03\/20260329_0915202-scaled.jpg\"><img loading=\"lazy\" decoding=\"async\" width=\"579\" height=\"1024\" src=\"http:\/\/woiczik.de\/wp-content\/uploads\/2026\/03\/20260329_0915202-579x1024.jpg\" alt=\"\" class=\"wp-image-8912\" srcset=\"http:\/\/woiczik.de\/wp-content\/uploads\/2026\/03\/20260329_0915202-579x1024.jpg 579w, http:\/\/woiczik.de\/wp-content\/uploads\/2026\/03\/20260329_0915202-170x300.jpg 170w, http:\/\/woiczik.de\/wp-content\/uploads\/2026\/03\/20260329_0915202-768x1358.jpg 768w, http:\/\/woiczik.de\/wp-content\/uploads\/2026\/03\/20260329_0915202-869x1536.jpg 869w, http:\/\/woiczik.de\/wp-content\/uploads\/2026\/03\/20260329_0915202-1158x2048.jpg 1158w, http:\/\/woiczik.de\/wp-content\/uploads\/2026\/03\/20260329_0915202-scaled.jpg 1448w\" sizes=\"(max-width: 579px) 100vw, 579px\" \/><\/a><\/figure>\n\n\n\n<p> Vor dem Lauf<\/p>\n\n\n\n<p>P\u00fcnktlich um 10.05 Uhr erfolgte bei viel Sonne und Temperaturen um 6 Grad der Startschuss. Nach 7 Minuten \u00fcberquerte ich die &#8222;Startline&#8220;  und kam gut ins Rennen. Wie geplant die ersten 5 km genau in 25:01 Minuten angegangen auf Kurs 1:45 h und dann bei km 7 eine kurze Verpflegungspause mit Maurten Getr\u00e4nk und Gel. Nach 25 Sekunden Laufpause ging es weiter. Als weiterer Verpflegungsstopp sollte km 15 dienen.<\/p>\n\n\n\n<p><strong>Aber es kam leider anders <\/strong><\/p>\n\n\n\n<figure class=\"wp-block-image size-large\"><a href=\"http:\/\/woiczik.de\/wp-content\/uploads\/2026\/03\/Screenshot_20260329_145115_Garmin-Connect.jpg\"><img loading=\"lazy\" decoding=\"async\" width=\"473\" height=\"1024\" src=\"http:\/\/woiczik.de\/wp-content\/uploads\/2026\/03\/Screenshot_20260329_145115_Garmin-Connect-473x1024.jpg\" alt=\"\" class=\"wp-image-8921\" srcset=\"http:\/\/woiczik.de\/wp-content\/uploads\/2026\/03\/Screenshot_20260329_145115_Garmin-Connect-473x1024.jpg 473w, http:\/\/woiczik.de\/wp-content\/uploads\/2026\/03\/Screenshot_20260329_145115_Garmin-Connect-138x300.jpg 138w, http:\/\/woiczik.de\/wp-content\/uploads\/2026\/03\/Screenshot_20260329_145115_Garmin-Connect-768x1664.jpg 768w, http:\/\/woiczik.de\/wp-content\/uploads\/2026\/03\/Screenshot_20260329_145115_Garmin-Connect-709x1536.jpg 709w, http:\/\/woiczik.de\/wp-content\/uploads\/2026\/03\/Screenshot_20260329_145115_Garmin-Connect-945x2048.jpg 945w, http:\/\/woiczik.de\/wp-content\/uploads\/2026\/03\/Screenshot_20260329_145115_Garmin-Connect.jpg 1080w\" sizes=\"(max-width: 473px) 100vw, 473px\" \/><\/a><\/figure>\n\n\n\n<p>Kurz hinter 9 km (45:26 min) sp\u00fcrte ich pl\u00f6tzlich Schmerzen im unteren R\u00fcckenbereich und im linken Oberschenkel. Ich musste das Tempo rausnehmen und bei km 10 eine Dehn\u00fcbung durchf\u00fchren. In 52:00 min. \u00fcberquerte ich dann die 10 km Marke. Der folgende Kilometer war mit 5:02 Minuten wieder voll im Soll, aber dann kamen die Beschwerden mit voller Wucht zur\u00fcck und dieses beidseitig. <\/p>\n\n\n\n<p><strong>Was jetzt folgte waren nur Qualen-Ausstieg w\u00e4re besser gewesen  <\/strong><\/p>\n\n\n\n<p><strong>Das Rennen war gelaufen<\/strong>, trotz Gehpause und Dehn\u00fcbung verbesserte sich die Situation nicht. \u00c4hnlich war es bereits beim Berliner Halbmarathon 2023\/2024-Berlin Marathon 2024 und beim D\u00fcsseldorf Marathon 2025.   <\/p>\n\n\n\n<figure class=\"wp-block-image size-large\"><a href=\"http:\/\/woiczik.de\/wp-content\/uploads\/2026\/03\/Screenshot_20260329_132601_Halbmarathon.jpg\"><img loading=\"lazy\" decoding=\"async\" width=\"473\" height=\"1024\" src=\"http:\/\/woiczik.de\/wp-content\/uploads\/2026\/03\/Screenshot_20260329_132601_Halbmarathon-473x1024.jpg\" alt=\"\" class=\"wp-image-8923\" srcset=\"http:\/\/woiczik.de\/wp-content\/uploads\/2026\/03\/Screenshot_20260329_132601_Halbmarathon-473x1024.jpg 473w, http:\/\/woiczik.de\/wp-content\/uploads\/2026\/03\/Screenshot_20260329_132601_Halbmarathon-138x300.jpg 138w, http:\/\/woiczik.de\/wp-content\/uploads\/2026\/03\/Screenshot_20260329_132601_Halbmarathon-768x1664.jpg 768w, http:\/\/woiczik.de\/wp-content\/uploads\/2026\/03\/Screenshot_20260329_132601_Halbmarathon-709x1536.jpg 709w, http:\/\/woiczik.de\/wp-content\/uploads\/2026\/03\/Screenshot_20260329_132601_Halbmarathon-945x2048.jpg 945w, http:\/\/woiczik.de\/wp-content\/uploads\/2026\/03\/Screenshot_20260329_132601_Halbmarathon.jpg 1080w\" sizes=\"(max-width: 473px) 100vw, 473px\" \/><\/a><\/figure>\n\n\n\n<p>Ein Kilometer laufen, 200 Meter Gehpause und dieses wiederholte sich bis ins Ziel. Ich qu\u00e4lte mich \u00fcber die Laufstrecke und war dann zufrieden endlich das Ziel erreicht zu haben. Im Ziel traf ich dann meinen ehemaligen Sportmediziner <strong>Dr. med. Robert Margerie<\/strong>, welcher f\u00fcr die Veranstaltung im Medical Team aktiv war. Er arbeitet seit drei Jahren f\u00fcr  <strong>M\u00fcller Medical Services &#8211; Fit f\u00fcr den Notfall<\/strong> und wir unterhielten uns \u00fcber meine Situation. Sein Vorschlag (wie auch von meinem <strong>Trainer Christian<\/strong>) ist: St\u00e4rkung und Kr\u00e4ftigung vom R\u00fccken und den Beinen und erst einmal nur noch Laufstrecken bis 10 km bestreiten.  <\/p>\n\n\n\n<figure class=\"wp-block-image size-large\"><a href=\"http:\/\/woiczik.de\/wp-content\/uploads\/2026\/03\/20260329_122447-scaled.jpg\"><img loading=\"lazy\" decoding=\"async\" width=\"516\" height=\"1024\" src=\"http:\/\/woiczik.de\/wp-content\/uploads\/2026\/03\/20260329_122447-516x1024.jpg\" alt=\"\" class=\"wp-image-8913\" srcset=\"http:\/\/woiczik.de\/wp-content\/uploads\/2026\/03\/20260329_122447-516x1024.jpg 516w, http:\/\/woiczik.de\/wp-content\/uploads\/2026\/03\/20260329_122447-151x300.jpg 151w, http:\/\/woiczik.de\/wp-content\/uploads\/2026\/03\/20260329_122447-768x1523.jpg 768w, http:\/\/woiczik.de\/wp-content\/uploads\/2026\/03\/20260329_122447-775x1536.jpg 775w, http:\/\/woiczik.de\/wp-content\/uploads\/2026\/03\/20260329_122447-1033x2048.jpg 1033w, http:\/\/woiczik.de\/wp-content\/uploads\/2026\/03\/20260329_122447-scaled.jpg 1291w\" sizes=\"(max-width: 516px) 100vw, 516px\" \/><\/a><\/figure>\n\n\n\n<p>Habe es doch noch ins Ziel geschafft<\/p>\n\n\n\n<figure class=\"wp-block-image size-large\"><a href=\"http:\/\/woiczik.de\/wp-content\/uploads\/2026\/03\/Screenshot_20260329_132519_Samsung-Internet.jpg\"><img loading=\"lazy\" decoding=\"async\" width=\"473\" height=\"1024\" src=\"http:\/\/woiczik.de\/wp-content\/uploads\/2026\/03\/Screenshot_20260329_132519_Samsung-Internet-473x1024.jpg\" alt=\"\" class=\"wp-image-8922\" srcset=\"http:\/\/woiczik.de\/wp-content\/uploads\/2026\/03\/Screenshot_20260329_132519_Samsung-Internet-473x1024.jpg 473w, http:\/\/woiczik.de\/wp-content\/uploads\/2026\/03\/Screenshot_20260329_132519_Samsung-Internet-138x300.jpg 138w, http:\/\/woiczik.de\/wp-content\/uploads\/2026\/03\/Screenshot_20260329_132519_Samsung-Internet-768x1664.jpg 768w, http:\/\/woiczik.de\/wp-content\/uploads\/2026\/03\/Screenshot_20260329_132519_Samsung-Internet-709x1536.jpg 709w, http:\/\/woiczik.de\/wp-content\/uploads\/2026\/03\/Screenshot_20260329_132519_Samsung-Internet-945x2048.jpg 945w, http:\/\/woiczik.de\/wp-content\/uploads\/2026\/03\/Screenshot_20260329_132519_Samsung-Internet.jpg 1080w\" sizes=\"(max-width: 473px) 100vw, 473px\" \/><\/a><\/figure>\n\n\n\n<p>Mein vorerst letzter Halbmarathon<\/p>\n\n\n\n<figure class=\"wp-block-image size-full\"><a href=\"http:\/\/woiczik.de\/wp-content\/uploads\/2026\/03\/2026-03-29-12-39-10-696.jpeg\"><img loading=\"lazy\" decoding=\"async\" width=\"750\" height=\"750\" src=\"http:\/\/woiczik.de\/wp-content\/uploads\/2026\/03\/2026-03-29-12-39-10-696.jpeg\" alt=\"\" class=\"wp-image-8920\" srcset=\"http:\/\/woiczik.de\/wp-content\/uploads\/2026\/03\/2026-03-29-12-39-10-696.jpeg 750w, http:\/\/woiczik.de\/wp-content\/uploads\/2026\/03\/2026-03-29-12-39-10-696-300x300.jpeg 300w, http:\/\/woiczik.de\/wp-content\/uploads\/2026\/03\/2026-03-29-12-39-10-696-150x150.jpeg 150w\" sizes=\"(max-width: 750px) 100vw, 750px\" \/><\/a><\/figure>\n\n\n\n<p><strong>Und wie geht es weiter?:<\/strong><\/p>\n\n\n\n<p>Diese Woche nur lockere L\u00e4ufe bis 40 Minuten, Speed Bike und zwei Mal Kr\u00e4ftigungsprogramm. Dann werde ich mich auf die 5 km Wettk\u00e4mpfe und vielleicht eine Bahnsaison vorbereiten.<\/p>\n\n\n\n<p><strong> 8. So lief die Spitze- Deutscher Rekord und vieles mehr<\/strong><\/p>\n\n\n\n<p>Quelle: <a href=\"https:\/\/news.germanroadraces.de\/deutscher-rekord-durch-amanal-petros-beim-generali-berliner-halbmarathon-2026-andrea-kiptoo-und-likina-amebaw-sind-die-siegerinnen\/\">Deutscher Rekord durch Amanal Petros beim GENERALI BERLINER HALBMARATHON 2026 \u2013 Andrea Kiptoo und Likina Amebaw sind die Sieger:innen<\/a><\/p>\n\n\n\n<p><strong>Der Kenianer Kiptoo gewann etwas \u00fcberraschend das hochklassige Rennen bei kalten aber sonnigen Bedingungen in einer pers\u00f6nlichen Bestzeit von 59:11 Minuten. Zweiter war sein zeitgleicher Landsmann Dennis Kipkemoi, der als Tempomacher startete und im Rennen blieb.<\/strong><\/p>\n\n\n\n<p><strong>Als Dritter brach Amanal Petros (Hannover 96) mit 59:22 seinen deutschen Rekord.<\/strong><\/p>\n\n\n\n<p>Er war genau neun Sekunden schneller als vor einem Jahr in Berlin und belegte erneut einen ausgezeichneten dritten Rang. In der Liste der schnellsten europ\u00e4ischen L\u00e4ufer aller Zeiten r\u00fcckte Amanal Petros auf Rang vier nach vorne. Sein Ergebnis war eines von gleich sechs nationalen Rekorden, die in Berlin gebrochen wurden.<\/p>\n\n\n\n<figure class=\"wp-block-image size-full\"><a href=\"http:\/\/woiczik.de\/wp-content\/uploads\/2026\/01\/Petros-2026-Halbmarathon-amanal-petros-1024x683-1.jpg\"><img loading=\"lazy\" decoding=\"async\" width=\"1024\" height=\"683\" src=\"http:\/\/woiczik.de\/wp-content\/uploads\/2026\/01\/Petros-2026-Halbmarathon-amanal-petros-1024x683-1.jpg\" alt=\"\" class=\"wp-image-8924\" srcset=\"http:\/\/woiczik.de\/wp-content\/uploads\/2026\/01\/Petros-2026-Halbmarathon-amanal-petros-1024x683-1.jpg 1024w, http:\/\/woiczik.de\/wp-content\/uploads\/2026\/01\/Petros-2026-Halbmarathon-amanal-petros-1024x683-1-300x200.jpg 300w, http:\/\/woiczik.de\/wp-content\/uploads\/2026\/01\/Petros-2026-Halbmarathon-amanal-petros-1024x683-1-768x512.jpg 768w, http:\/\/woiczik.de\/wp-content\/uploads\/2026\/01\/Petros-2026-Halbmarathon-amanal-petros-1024x683-1-450x300.jpg 450w\" sizes=\"(max-width: 1024px) 100vw, 1024px\" \/><\/a><\/figure>\n\n\n\n<p><strong>Fotos: Petko Beyer\/SCC Events<\/strong><\/p>\n\n\n\n<p><strong>Die schnellste L\u00e4uferin auf der Startliste lief als Erste durchs Ziel:<\/strong>\u00a0Die \u00c4thiopierin Likina Amebaw gewann in 65:07 Minuten und erzielte damit die drittschnellste je bei dem Rennen gelaufene Zeit. Zweite wurde die Kenianerin Veronica Loleo in 65:21 vor ihrer Landsfrau Daisilah Jerono, die nach 65:35 im Ziel am Brandenburger Tor war. Als beste deutsche und auch beste europ\u00e4ische L\u00e4uferin belegte Esther Pfeiffer (D\u00fcsseldorf Athletics) einen hervorragenden f\u00fcnften Platz und erzielte mit 67:25 eine pers\u00f6nliche Bestzeit sowie eine deutsche Jahresbestzeit.<\/p>\n\n\n\n<figure class=\"wp-block-image size-full\"><a href=\"http:\/\/woiczik.de\/wp-content\/uploads\/2026\/01\/Amebaw-2026-Halb-Berlin-Beier-Petko-260329_111007-94pbC09k-750x500-1.jpg\"><img loading=\"lazy\" decoding=\"async\" width=\"750\" height=\"500\" src=\"http:\/\/woiczik.de\/wp-content\/uploads\/2026\/01\/Amebaw-2026-Halb-Berlin-Beier-Petko-260329_111007-94pbC09k-750x500-1.jpg\" alt=\"\" class=\"wp-image-8925\" srcset=\"http:\/\/woiczik.de\/wp-content\/uploads\/2026\/01\/Amebaw-2026-Halb-Berlin-Beier-Petko-260329_111007-94pbC09k-750x500-1.jpg 750w, http:\/\/woiczik.de\/wp-content\/uploads\/2026\/01\/Amebaw-2026-Halb-Berlin-Beier-Petko-260329_111007-94pbC09k-750x500-1-300x200.jpg 300w, http:\/\/woiczik.de\/wp-content\/uploads\/2026\/01\/Amebaw-2026-Halb-Berlin-Beier-Petko-260329_111007-94pbC09k-750x500-1-450x300.jpg 450w\" sizes=\"(max-width: 750px) 100vw, 750px\" \/><\/a><\/figure>\n\n\n\n<p>Die Organisatoren registrierten eine Rekordzahl von\u00a0<strong>42.563 Athlet:innen aus 134 Nationen<\/strong>\u00a0f\u00fcr diese\u00a0 Auflage des Rennens. So hoch wie nie zuvor war der\u00a0<strong>Frauenanteil mit 46 Prozent<\/strong>. Der GENERALI BERLINER HALBMARATHON geh\u00f6rt zu den gr\u00f6\u00dften Rennen der Welt \u00fcber diese Distanz.<\/p>\n\n\n\n<p><strong>Nationale Rekorde liefen auch der Franzose Etienne Daguinos als F\u00fcnfter (59:27) und Celestine Ndikumana (Burundi) als Neunter (60:23)<\/strong>.<\/p>\n\n\n\n<p>Auf Platz 22 war Hendrik Pfeiffer (D\u00fcsseldorf Athletics) in 61:33 zweitbester Deutscher. Rang drei in der nationalen Rangfolge belegte Johannes Motschmann (Marathon Team Berlin\/61:47) auf Platz 23.<\/p>\n\n\n\n<p><strong>Nationale Rekorde<\/strong>&nbsp;liefen in Berlin die viertplatzierte Florence Niyonkuru (Ruanda\/67:22), die sechstplatzierte Halbmarathon-Europameisterin Chlo\u00e9 Herbiet (Belgien\/67:32) und die Spanierin Carla Gallardo, die als Achte nach 68:30 im Ziel war.<\/p>\n\n\n\n<p><strong>Den gr\u00f6\u00dften Erfolg ihrer Karriere errang Esther Pfeiffer in Berlin<\/strong>.<\/p>\n\n\n\n<p>Die 28-J\u00e4hrige lief anfangs zusammen mit mit&nbsp;<strong>Eva Dieterich (LAV Stadtwerke T\u00fcbingen) und Domenika Mayer (LG Telis Finanz Regensburg)<\/strong>, setzte sich dann aber deutlich ab. Ihre 10-km-Zwischenzeit von 31:50 deutete sogar auf eine Zielzeit von 67:10 hin. Am Ende lief Esther Pfeiffer 67:25 und war damit drei Sekunden schneller als zuvor. \u201eIch habe zwei schwere Wochen hinter mir, da ich erk\u00e4ltet war. Aber jetzt freue ich mich riesig \u00fcber die Bestzeit\u201c, sagte Esther Pfeiffer.<\/p>\n\n\n\n<p>Ein starkes Rennen lief&nbsp;<strong>Eva Dieterich (LAV Stadtwerke T\u00fcbingen)<\/strong>, die sich als Siebente auf 67:56 Minuten verbesserte. Auf Platz neun folgte&nbsp;<strong>Domenika Mayer (LG Telis Finanz Regensburg) in 68:35<\/strong>. Eine deutliche Bestzeit lief Hindernis-Spezialistin&nbsp;<strong>Gesa Krause (Silvesterlauf Trier)<\/strong>&nbsp;auf Rang 13 in 68:59.<\/p>\n\n\n\n<p><strong>Top M\u00e4nner:<\/strong><br><strong>1. Andrea Kiptoo (KEN) 59:11 Min.<\/strong><br>2. Dennis Kipkemoi (KEN) 59:11 Min.<br><strong>3. Amanal Petros (GER) 59:22 Min.<\/strong><br><strong>Bester Deutscher: Amanal Petros (GER) 59:22 Min. =&gt; Deutscher Rekord!<\/strong><\/p>\n\n\n\n<p><strong>Top Frauen:<\/strong><br><strong>1. Likina Amebaw (ETH) 65:07 Min.<\/strong><br>2. Daisilah Jerono (KEN) 65:21 Min.<br>3. Veronica Loleo (KEN) 65:35 Min.<br><strong>Beste Deutsche: Esther Pfeiffer 67:25 Min.<\/strong><\/p>\n\n\n\n<p><\/p>\n","protected":false},"excerpt":{"rendered":"<p>Views: 1112 Berliner Halbmarathon am 29.03.2026 Seit 1995 nehme ich an dieser Traditionsveranstaltung teil. In diesem Jahr steht meine 14 Teilnahme an. 1995 war, im Gegensatz zu den Verh\u00e4ltnissen von heute,&nbsp; der Berliner Halbmarathon eine kleinere Laufveranstaltung mit 3262 Gesamtteilnehmern &hellip; <a href=\"http:\/\/woiczik.de\/?p=8805\">Weiterlesen <span class=\"meta-nav\">&rarr;<\/span><\/a><\/p>\n","protected":false},"author":1,"featured_media":0,"comment_status":"open","ping_status":"open","sticky":false,"template":"","format":"standard","meta":{"footnotes":""},"categories":[1,3],"tags":[],"class_list":["post-8805","post","type-post","status-publish","format-standard","hentry","category-allgemein","category-sport"],"_links":{"self":[{"href":"http:\/\/woiczik.de\/index.php?rest_route=\/wp\/v2\/posts\/8805"}],"collection":[{"href":"http:\/\/woiczik.de\/index.php?rest_route=\/wp\/v2\/posts"}],"about":[{"href":"http:\/\/woiczik.de\/index.php?rest_route=\/wp\/v2\/types\/post"}],"author":[{"embeddable":true,"href":"http:\/\/woiczik.de\/index.php?rest_route=\/wp\/v2\/users\/1"}],"replies":[{"embeddable":true,"href":"http:\/\/woiczik.de\/index.php?rest_route=%2Fwp%2Fv2%2Fcomments&post=8805"}],"version-history":[{"count":40,"href":"http:\/\/woiczik.de\/index.php?rest_route=\/wp\/v2\/posts\/8805\/revisions"}],"predecessor-version":[{"id":8926,"href":"http:\/\/woiczik.de\/index.php?rest_route=\/wp\/v2\/posts\/8805\/revisions\/8926"}],"wp:attachment":[{"href":"http:\/\/woiczik.de\/index.php?rest_route=%2Fwp%2Fv2%2Fmedia&parent=8805"}],"wp:term":[{"taxonomy":"category","embeddable":true,"href":"http:\/\/woiczik.de\/index.php?rest_route=%2Fwp%2Fv2%2Fcategories&post=8805"},{"taxonomy":"post_tag","embeddable":true,"href":"http:\/\/woiczik.de\/index.php?rest_route=%2Fwp%2Fv2%2Ftags&post=8805"}],"curies":[{"name":"wp","href":"https:\/\/api.w.org\/{rel}","templated":true}]}}