{"id":912,"date":"2013-05-22T20:29:14","date_gmt":"2013-05-22T18:29:14","guid":{"rendered":"http:\/\/woiczik.de\/?p=912"},"modified":"2023-07-19T13:27:46","modified_gmt":"2023-07-19T11:27:46","slug":"zu-pfingsten-in-den-europa-park","status":"publish","type":"post","link":"http:\/\/woiczik.de\/?p=912","title":{"rendered":"Zu Pfingsten in den Europa Park"},"content":{"rendered":"<p>Views: 1509<\/p><div id=\"attachment_913\" style=\"width: 260px\" class=\"wp-caption alignleft\"><img loading=\"lazy\" decoding=\"async\" aria-describedby=\"caption-attachment-913\" class=\"size-full wp-image-913\" title=\"250px-Europa-Park_svg\" src=\"http:\/\/woiczik.de\/wp-content\/uploads\/2013\/05\/250px-Europa-Park_svg.png\" alt=\"\" width=\"250\" height=\"102\" \/><p id=\"caption-attachment-913\" class=\"wp-caption-text\">Willkommen im Europa Park<\/p><\/div>\n<p>Der <strong>Europa-Park Rust<\/strong> ist ein Freizeitpark in Rust, Baden-W\u00fcrttemberg. Mit j\u00e4hrlich\u00a0fast 5 Millionen Besuchern ist er der gr\u00f6\u00dfte Freizeitpark im deutschsprachigen Raum. Auf einer Gesamtfl\u00e4che von rund 900.000\u00a0m\u00b2 werden in 16 Themenbereichen \u00fcber hundert Fahrgesch\u00e4fte und mehrere Shows geboten. Zum Park geh\u00f6ren f\u00fcnf Hotels (in zwei EP-Hotels waren wir bereits zu Gast), ein G\u00e4stehaus, ein Campingplatz und ein Kino.\u00a0Alle weiteren interessanten Informationen findet man unter: <a href=\"http:\/\/www.freizeitpark-welt.de\/freizeitparks\/europa_park\/europa_park_start.php\">http:\/\/www.freizeitpark-welt.de\/freizeitparks\/europa_park\/europa_park_start.php<\/a><\/p>\n<p><strong>Bericht:<\/strong><\/p>\n<p>Um 5.00 Uhr klingelte am <strong>Pfingstsamstag<\/strong> der Wecker zum &#8222;Weck up call&#8220;. <strong>&#8222;Auf in den Europa Park&#8220;.<\/strong> Zuvor hie\u00df es aber noch 1 Stunde von Berlin- Rudow zum Flughafen Tegel mit der U-Bahn und dem Zubringerbus &#8222;gondeln&#8220;\u00a0, dann rechtzeitig am Air Berlin Check-In Schalter ,am\u00a0diesmal nicht\u00a0\u00fcberf\u00fcllten Terminal C, anstellen. M\u00fcde, aber voller Vorfreude\u00a0begaben wir uns dann in den &#8222;Flieger&#8220; Richtung Flughafen Karlsruhe\/Baden-Baden. Dort wartete auf uns ein Europa-Park Shuttle.Mit einigen Taschen im Gep\u00e4ck bestiegen wir den kostenpflichten EP-Shuttle, da in den Tagen vor unserer Anreise in den Wetterprognosen f\u00fcr die Pfingstfeiertage von Regeng\u00fcssen von 15-40 Liter pro m\u00b2 \u00a0die Sprache war und wir daher unsere komplette &#8222;Regenschutzausstatung&#8220; nach Rust mitnahmen. Um 11.30 Uhr waren wir dann im wundersch\u00f6nen Europa Park.<\/p>\n<p><strong>Das tats\u00e4chliche Wetter in Rust:<\/strong><\/p>\n<p><strong>Pfingstsamstag:<\/strong> 22 Grad, viel Sonne. Wir waren von 11.30 -19.30 Uhr (Parkschluss) im Park.<\/p>\n<p><strong>Pfingstsonntag: <\/strong>12-14 Grad,\u00a0m\u00e4\u00dfiger, aber dauerhafter Regen\u00a0von 10-13 Uhr. Danach Sonne- und Wolkenmix bis 18.30 Uhr.\u00a0Ab 18.30 Uhr sinflutartige Regenf\u00e4lle. Nach der Silver Star-Fahrt im str\u00f6menden Regen\u00a0verliessen wir um 19.15 Uhr den\u00a0Europa Park (waren seit 9.30 Uhr dort), welcher bis 19.30 Uhr ge\u00f6ffnet hatte.<\/p>\n<p><strong>Pfingstmontag: <\/strong>Entgegen aller Wetterprognosen regnete es von 10.00 bis zu unserer Abreise um 16.20 Uhr ziemlich stark und dauerhaft. Bei k\u00fchlen 10-12 Grad war es auch noch lausig kalt f\u00fcr diese Jahreszeit.\u00a0F\u00fcnf Wetterdienste sagten nur leichte Schauer und sogar 4 Sonnenstunden selbst noch um 10.00 Uhr des Pfingstmontags voraus. Alle haben sich massiv geirrt. Peinlich!!!!<\/p>\n<p><strong>Wartezeiten: <\/strong>In einem sehr gut gef\u00fcllten und zum Teil sehr \u00fcberf\u00fcllten Europa Park lagen die l\u00e4ngsten Wartezeiten am Samstag bei <strong>Poseidon<\/strong> (50-60 Minuten) und an allen Tagen bei <strong>Wodan<\/strong> (nie unter 40 Minuten). Unsere l\u00e4ngsten Wartezeiten lagen bei Wodan (am Samstag 45 Minuten) und beim <strong>Blue Fire Megacoaster<\/strong> (am Samstag\/Sonntag-25-30 Minuten). Bei unserem Liebling <strong>Silver Star<\/strong> nutzten wir die EP Smartphone App mit der &#8222;aktuellen Wartezeitenliste&#8220; und mussten &#8222;nur&#8220; jeweils zwischen 15 und 25\u00a0 Minuten anstehen. Das war aber nichts zu den Wartezeiten zeitgleich im <strong>Heide Park<\/strong>. &#8222;Freundschaften&#8220; waren dort zu Pfingsten zu Gast und &#8222;\u00e4rgerten&#8220; sich per Handyinfos \u00fcber Wartezeiten bis zu <strong>120 Minuten bei Krake &amp; Co.\u00a0<\/strong><\/p>\n<p>Wir sind alles im Park gefahren (trotz des Sauwetters an zwei Tagen) und gaben unser Deb\u00fct auf der <strong>Rafting-Wildwasserbahn<\/strong>.<\/p>\n<p>Da ich bereits sehr ausf\u00fchrlich im April und Oktober 2012 \u00fcber unsere Besuche im wundersch\u00f6nen Europa Park berichte habe, beschr\u00e4nke ich mich heute auf zwei Bereiche, n\u00e4mlich den <strong>Neuheiten im M\u00e4rchenwald<\/strong> und der Weltneuheit f\u00fcr das Jahr 2014 <strong>&#8222;Arthur &#8211; Im K\u00f6nigreich der Minimoys&#8220;.<\/strong><\/p>\n<div id=\"attachment_957\" style=\"width: 310px\" class=\"wp-caption alignleft\"><a href=\"http:\/\/woiczik.de\/wp-content\/uploads\/2013\/05\/IMG_4952.jpg\"><img loading=\"lazy\" decoding=\"async\" aria-describedby=\"caption-attachment-957\" class=\"size-medium wp-image-957\" title=\"IMG_4952\" src=\"http:\/\/woiczik.de\/wp-content\/uploads\/2013\/05\/IMG_4952-300x168.jpg\" alt=\"\" width=\"300\" height=\"168\" srcset=\"http:\/\/woiczik.de\/wp-content\/uploads\/2013\/05\/IMG_4952-300x168.jpg 300w, http:\/\/woiczik.de\/wp-content\/uploads\/2013\/05\/IMG_4952-1024x576.jpg 1024w, http:\/\/woiczik.de\/wp-content\/uploads\/2013\/05\/IMG_4952-500x281.jpg 500w, http:\/\/woiczik.de\/wp-content\/uploads\/2013\/05\/IMG_4952.jpg 1920w\" sizes=\"(max-width: 300px) 100vw, 300px\" \/><\/a><p id=\"caption-attachment-957\" class=\"wp-caption-text\">kommt 2014<\/p><\/div>\n<p>&nbsp;<\/p>\n<p>&nbsp;<\/p>\n<p>&nbsp;<\/p>\n<p>&nbsp;<\/p>\n<p>&nbsp;<\/p>\n<p>&nbsp;<\/p>\n<p>&nbsp;<\/p>\n<p><strong><strong>Zahlen und Fakten zu \u201eArthur &#8211; Im K\u00f6nigreich der Minimoys\u201c<\/strong><\/strong><\/p>\n<p><strong>Das K\u00f6nigreich der Minimoys (Daten von der EP-Presseabteilung)<\/strong><\/p>\n<p>&#8211; Die aufw\u00e4ndigste,teuerste \u00a0und gr\u00f6\u00dfte Indoor-Attraktion des Europa-Park<br \/>\n&#8211; Nachbau der Original Filmkulisse aus Luc Bessons Kino-Erfolg \u201eArthur und die Minimoys\u201c<br \/>\n&#8211; Grundfl\u00e4che 3.500 m\u00b2<br \/>\n&#8211; Indoor-Volumen 40.000 m\u00b3<br \/>\n&#8211; 15 Meter hohe Kuppel<br \/>\n&#8211; Shop<br \/>\n&#8211; Gastronomie<br \/>\n&#8211; Klatschmohn Free Fall Tower, 10 Meter hoch<br \/>\n&#8211; Mul-Mul Karussell<br \/>\n&#8211; Gro\u00dfes Rutschenparadies<br \/>\n&#8211; Spielecke<\/p>\n<p><strong>Arthur &#8211; die Attraktion<\/strong><\/p>\n<p><strong><a href=\"http:\/\/woiczik.de\/wp-content\/uploads\/2013\/05\/at_g.jpg\"><img loading=\"lazy\" decoding=\"async\" class=\"alignleft size-medium wp-image-923\" title=\"EP13-WM 067 ARTHUR Beschilderung A1.indd\" src=\"http:\/\/woiczik.de\/wp-content\/uploads\/2013\/05\/at_g-212x300.jpg\" alt=\"\" width=\"212\" height=\"300\" srcset=\"http:\/\/woiczik.de\/wp-content\/uploads\/2013\/05\/at_g-212x300.jpg 212w, http:\/\/woiczik.de\/wp-content\/uploads\/2013\/05\/at_g-724x1024.jpg 724w, http:\/\/woiczik.de\/wp-content\/uploads\/2013\/05\/at_g.jpg 1200w\" sizes=\"(max-width: 212px) 100vw, 212px\" \/><\/a><\/strong>&#8211; Weltneuheit aus dem Hause MACK Rides<br \/>\n&#8211; Ab 4 Jahren und 100 cm K\u00f6rpergr\u00f6\u00dfe fahrbar<br \/>\n&#8211; Flug durch sieben fantastische K\u00f6nigreiche<br \/>\n&#8211; Dynamische Fahrt mit verschiedenen Geschwindigkeiten<br \/>\n&#8211; Zahlreiche High-Tech Spezialeffekte<br \/>\n&#8211; Inverted Ride: Wagen h\u00e4ngen unter der Schiene (Fluggef\u00fchl)<br \/>\n&#8211; Wagen k\u00f6nnen sich drehen<br \/>\n&#8211; 550 Meter lange Schienenstrecke<br \/>\n&#8211; Dark Ride<br \/>\n&#8211; High-Tech Spezialeffekte<br \/>\n&#8211; In- und Outdoorstrecke<\/p>\n<p>&nbsp;<\/p>\n<p><strong>M\u00e4rchenwald:<\/strong><\/p>\n<p><strong>Knusper, knusper, Kn\u00e4uschen, wer knuspert an meinem H\u00e4uschen?<\/strong><\/p>\n<p>Inmitten der detailgetreuen Kulisse des Grimmschen M\u00e4rchens d\u00fcrfen auch H\u00e4nsel und Gretel nicht fehlen. Die beiden Kinder hecken bereits einen Plan aus, um der b\u00f6sen Hexe und dem windigen Steffen Woiczik zu entkommen. Im Grimms M\u00e4rchenwald des Europa-Park k\u00f6nnen die kleinen Besucher auf den Spuren ihrer Lieblingsm\u00e4rchen wandeln, w\u00e4hrend die Erwachsenen sich in ihre Kindheit zur\u00fcckversetzt f\u00fchlen. Die M\u00e4rchenwelt wird hier lebendig!\u00a0<strong>2013 geht das M\u00e4rchen weiter<\/strong>. Im Reich von Frau Holle und ihren Freunden\u00a0gibt noch viel mehr M\u00e4rchenhaftes zu entdecken geben. Mit der Erweiterung des Themenbereichs zur Sommersaison 2013\u00a0finden nunmehr\u00a0insgesamt sechs weitere Geschichten der Grimms im verwunschenen Wald ihren Platz. Zwar kann dieser M\u00e4rchenwald noch nicht mit dem <strong>in Efteling <\/strong>mithalten, aber unser Sohn Steffen ist so begeistert von diesem M\u00e4rchenwald gewesen, dass er Stunden dort verbrachte.<\/p>\n<p><strong>Unterkunft\/Hotel:<\/strong><\/p>\n<div id=\"attachment_920\" style=\"width: 238px\" class=\"wp-caption alignleft\"><a href=\"http:\/\/woiczik.de\/wp-content\/uploads\/2013\/05\/hotel_aussenansicht.jpg\"><img loading=\"lazy\" decoding=\"async\" aria-describedby=\"caption-attachment-920\" class=\"size-full wp-image-920\" title=\"hotel_aussenansicht\" src=\"http:\/\/woiczik.de\/wp-content\/uploads\/2013\/05\/hotel_aussenansicht.jpg\" alt=\"unsere Unterkunft f\u00fcr drei Tage\" width=\"228\" height=\"170\" \/><\/a><p id=\"caption-attachment-920\" class=\"wp-caption-text\">unsere Unterkunft f\u00fcr drei Tage<\/p><\/div>\n<p><strong>Erstmals <\/strong>waren wir bei unseren EP- Besuchen nicht zu Gast in einem EP-Hotel, sondern schlugen unsere Unterkunft diesmal im sehr sch\u00f6nen Hotel\u00a0Casa Rustica auf. Das von der sehr netten\u00a0Familie Moraweck familiengef\u00fchrte und im s\u00fcdl\u00e4ndisch mediterranen Stil gebaute <strong>3-Sterne-Superior-Hotel<\/strong> wurde im Jahr 2004 er\u00f6ffnet.<\/p>\n<p>&nbsp;<\/p>\n<p>&nbsp;<\/p>\n<div id=\"attachment_542\" style=\"width: 310px\" class=\"wp-caption alignleft\"><a href=\"http:\/\/woiczik.de\/wp-content\/uploads\/2012\/10\/P1070230.jpg\"><img loading=\"lazy\" decoding=\"async\" aria-describedby=\"caption-attachment-542\" class=\"size-medium wp-image-542\" src=\"http:\/\/woiczik.de\/wp-content\/uploads\/2012\/10\/P1070230-300x225.jpg\" alt=\"\" width=\"300\" height=\"225\" srcset=\"http:\/\/woiczik.de\/wp-content\/uploads\/2012\/10\/P1070230-300x225.jpg 300w, http:\/\/woiczik.de\/wp-content\/uploads\/2012\/10\/P1070230-1024x768.jpg 1024w, http:\/\/woiczik.de\/wp-content\/uploads\/2012\/10\/P1070230-400x300.jpg 400w\" sizes=\"(max-width: 300px) 100vw, 300px\" \/><\/a><p id=\"caption-attachment-542\" class=\"wp-caption-text\">Ein toller Kurzurlaub in Rust geht zu Ende<\/p><\/div>\n<p>Das Hotel Casa Rustica befindet sich inmitten des Ortskerns von Rust und ist nur <strong>drei Gehminuten vom Haupteingang Europa Park<\/strong> entfernt. Selbstverst\u00e4ndlich stehen\u00a0 <strong>kostenfreie Hotelparkpl\u00e4tze<\/strong> zur Verf\u00fcgung.\u00a0Das\u00a0Hotel wurde im Mai 2012 zum wiederholten Mal von der <strong>DEHOGA <\/strong>als 3***Superior-Hotel ausgezeichnet.<\/p>\n<p>&nbsp;<\/p>\n<p>&nbsp;<\/p>\n<p>Die <strong>gehobene Ausstattung<\/strong> und die <strong>Liebe zum Detail<\/strong> verleiht dem Casa Rustica ein besonderes und unverwechselbares Ambiente. Die sprichw\u00f6rtlich &#8222;Badische Gastfreundschaft&#8220; erwartet die Besucher &amp; uns. Im Erdgeschoss\u00a0des Hotels in direkter N\u00e4he zum Freizeitpark &#8222;Europapark&#8220; befindet sich die <strong>Pizzeria Michelangelo<\/strong>, wo\u00a0man nach einem erlebnisreichen <strong>Ausflugstag im\u00a0Europa Park<\/strong>\u00a0in gem\u00fctlicher Atmosph\u00e4re die italienische K\u00fcche genie\u00dfen kann .Um in das &#8222;Michelangelo&#8220; zu gelangen, brauchten\u00a0wir nicht einmal das Hotel verlassen. Wir haben am Pfingstsamstag das Restaurant &#8222;getestet&#8220; und waren nicht so zufrieden. Falsch gelieferte Speisen, dazu war die Pizza mit Meeresfr\u00fcchten\u00a0geschmacksneutral und\u00a0spiegelte sich\u00a0im Fett. \u00a0Der &#8222;gelieferte&#8220; Salat mit Meeresfr\u00fcchten war hingegen sehr lecker.<\/p>\n<p>&nbsp;<\/p>\n<div id=\"attachment_922\" style=\"width: 310px\" class=\"wp-caption alignleft\"><a href=\"http:\/\/woiczik.de\/wp-content\/uploads\/2013\/05\/IMG_3110.jpg\"><img loading=\"lazy\" decoding=\"async\" aria-describedby=\"caption-attachment-922\" class=\"size-medium wp-image-922\" title=\"IMG_3110\" src=\"http:\/\/woiczik.de\/wp-content\/uploads\/2013\/05\/IMG_3110-300x200.jpg\" alt=\"\" width=\"300\" height=\"200\" srcset=\"http:\/\/woiczik.de\/wp-content\/uploads\/2013\/05\/IMG_3110-300x200.jpg 300w, http:\/\/woiczik.de\/wp-content\/uploads\/2013\/05\/IMG_3110.jpg 448w\" sizes=\"(max-width: 300px) 100vw, 300px\" \/><\/a><p id=\"caption-attachment-922\" class=\"wp-caption-text\">ein Bereich vom Familienzimmer<\/p><\/div>\n<p>Uns hat es sehr gut im Casa Rustica gefallen, so dass wir gleich ein Zimmer f\u00fcr Ostern 2014 gebucht haben. <strong>Danke an dieser Stelle an Familie Moraweck f\u00fcr tolle Pfingsttage.<\/strong><\/p>\n<p>&nbsp;<\/p>\n<p>&nbsp;<\/p>\n<p>&nbsp;<\/p>\n<p>&nbsp;<\/p>\n<div id=\"attachment_958\" style=\"width: 310px\" class=\"wp-caption alignleft\"><a href=\"http:\/\/woiczik.de\/wp-content\/uploads\/2013\/05\/P1080008.jpg\"><img loading=\"lazy\" decoding=\"async\" aria-describedby=\"caption-attachment-958\" class=\"size-medium wp-image-958\" title=\"P1080008\" src=\"http:\/\/woiczik.de\/wp-content\/uploads\/2013\/05\/P1080008-300x225.jpg\" alt=\"\" width=\"300\" height=\"225\" srcset=\"http:\/\/woiczik.de\/wp-content\/uploads\/2013\/05\/P1080008-300x225.jpg 300w, http:\/\/woiczik.de\/wp-content\/uploads\/2013\/05\/P1080008-1024x768.jpg 1024w, http:\/\/woiczik.de\/wp-content\/uploads\/2013\/05\/P1080008-400x300.jpg 400w\" sizes=\"(max-width: 300px) 100vw, 300px\" \/><\/a><p id=\"caption-attachment-958\" class=\"wp-caption-text\">uns hat es hier sehr gut gefallen<\/p><\/div>\n<p><strong>Mein Fazit:\u00a0<\/strong>Trotz des sehr schlechten Wetters am Sonntag &amp; Montag hat uns der Aufenthalt in Rust sehr gut gefallen.<\/p>\n<p>&nbsp;<\/p>\n<p>&nbsp;<\/p>\n<p>&nbsp;<\/p>\n<p>&nbsp;<\/p>\n<p>&nbsp;<\/p>\n<p>&nbsp;<\/p>\n<p><strong>Hier noch einige Impressionen aus dem Europa Park:<\/strong><\/p>\n<p>&nbsp;<\/p>\n<div id=\"attachment_925\" style=\"width: 310px\" class=\"wp-caption alignleft\"><a href=\"http:\/\/woiczik.de\/wp-content\/uploads\/2013\/05\/1156058376.jpg\"><img loading=\"lazy\" decoding=\"async\" aria-describedby=\"caption-attachment-925\" class=\"size-medium wp-image-925\" title=\"1156058376\" src=\"http:\/\/woiczik.de\/wp-content\/uploads\/2013\/05\/1156058376-300x224.jpg\" alt=\"\" width=\"300\" height=\"224\" srcset=\"http:\/\/woiczik.de\/wp-content\/uploads\/2013\/05\/1156058376-300x224.jpg 300w, http:\/\/woiczik.de\/wp-content\/uploads\/2013\/05\/1156058376-400x300.jpg 400w, http:\/\/woiczik.de\/wp-content\/uploads\/2013\/05\/1156058376.jpg 440w\" sizes=\"(max-width: 300px) 100vw, 300px\" \/><\/a><p id=\"caption-attachment-925\" class=\"wp-caption-text\">Ausblick auf auf Schloss Balthasar im Europa Park (im Schloss auch lecker gegessen)<\/p><\/div>\n<p>&nbsp;<\/p>\n<p>&nbsp;<\/p>\n<p>&nbsp;<\/p>\n<p>&nbsp;<\/p>\n<p>&nbsp;<\/p>\n<p>&nbsp;<\/p>\n<p>&nbsp;<\/p>\n<div id=\"attachment_926\" style=\"width: 310px\" class=\"wp-caption alignleft\"><a href=\"http:\/\/woiczik.de\/wp-content\/uploads\/2013\/05\/P1050364.jpg\"><img loading=\"lazy\" decoding=\"async\" aria-describedby=\"caption-attachment-926\" class=\"size-medium wp-image-926\" title=\"P1050364\" src=\"http:\/\/woiczik.de\/wp-content\/uploads\/2013\/05\/P1050364-300x221.jpg\" alt=\"\" width=\"300\" height=\"221\" srcset=\"http:\/\/woiczik.de\/wp-content\/uploads\/2013\/05\/P1050364-300x221.jpg 300w, http:\/\/woiczik.de\/wp-content\/uploads\/2013\/05\/P1050364-406x300.jpg 406w, http:\/\/woiczik.de\/wp-content\/uploads\/2013\/05\/P1050364.jpg 700w\" sizes=\"(max-width: 300px) 100vw, 300px\" \/><\/a><p id=\"caption-attachment-926\" class=\"wp-caption-text\">unser Liebling im Europa Park<\/p><\/div>\n<p>&nbsp;<\/p>\n<p>&nbsp;<\/p>\n<p>&nbsp;<\/p>\n<p>&nbsp;<\/p>\n<p>&nbsp;<\/p>\n<p>&nbsp;<\/p>\n<div id=\"attachment_927\" style=\"width: 310px\" class=\"wp-caption alignleft\"><a href=\"http:\/\/woiczik.de\/wp-content\/uploads\/2013\/05\/Atlantica_Gesamtansicht.jpg\"><img loading=\"lazy\" decoding=\"async\" aria-describedby=\"caption-attachment-927\" class=\"size-medium wp-image-927\" title=\"Atlantica_Gesamtansicht\" src=\"http:\/\/woiczik.de\/wp-content\/uploads\/2013\/05\/Atlantica_Gesamtansicht-300x198.jpg\" alt=\"\" width=\"300\" height=\"198\" srcset=\"http:\/\/woiczik.de\/wp-content\/uploads\/2013\/05\/Atlantica_Gesamtansicht-300x198.jpg 300w, http:\/\/woiczik.de\/wp-content\/uploads\/2013\/05\/Atlantica_Gesamtansicht-452x300.jpg 452w, http:\/\/woiczik.de\/wp-content\/uploads\/2013\/05\/Atlantica_Gesamtansicht.jpg 560w\" sizes=\"(max-width: 300px) 100vw, 300px\" \/><\/a><p id=\"caption-attachment-927\" class=\"wp-caption-text\">Atlantica- ein spritziges Vergn\u00fcgen<\/p><\/div>\n<p><a href=\"http:\/\/woiczik.de\/wp-content\/uploads\/2013\/05\/P1050267.jpg\"><img loading=\"lazy\" decoding=\"async\" class=\"size-medium wp-image-928\" title=\"P1050267\" src=\"http:\/\/woiczik.de\/wp-content\/uploads\/2013\/05\/P1050267-300x224.jpg\" alt=\"\" width=\"300\" height=\"224\" srcset=\"http:\/\/woiczik.de\/wp-content\/uploads\/2013\/05\/P1050267-300x224.jpg 300w, http:\/\/woiczik.de\/wp-content\/uploads\/2013\/05\/P1050267-400x300.jpg 400w, http:\/\/woiczik.de\/wp-content\/uploads\/2013\/05\/P1050267.jpg 699w\" sizes=\"(max-width: 300px) 100vw, 300px\" \/><\/a><\/p>\n<div id=\"attachment_953\" style=\"width: 310px\" class=\"wp-caption alignleft\"><a href=\"http:\/\/woiczik.de\/wp-content\/uploads\/2013\/05\/IMG_4949.jpg\"><img loading=\"lazy\" decoding=\"async\" aria-describedby=\"caption-attachment-953\" class=\"size-medium wp-image-953\" title=\"IMG_4949\" src=\"http:\/\/woiczik.de\/wp-content\/uploads\/2013\/05\/IMG_4949-300x168.jpg\" alt=\"\" width=\"300\" height=\"168\" srcset=\"http:\/\/woiczik.de\/wp-content\/uploads\/2013\/05\/IMG_4949-300x168.jpg 300w, http:\/\/woiczik.de\/wp-content\/uploads\/2013\/05\/IMG_4949-1024x576.jpg 1024w, http:\/\/woiczik.de\/wp-content\/uploads\/2013\/05\/IMG_4949-500x281.jpg 500w, http:\/\/woiczik.de\/wp-content\/uploads\/2013\/05\/IMG_4949.jpg 1920w\" sizes=\"(max-width: 300px) 100vw, 300px\" \/><\/a><p id=\"caption-attachment-953\" class=\"wp-caption-text\">Samstag, bestrahlte die Sonne &#8222;den Wodan&#8220;<\/p><\/div>\n<div id=\"attachment_954\" style=\"width: 235px\" class=\"wp-caption alignleft\"><a href=\"http:\/\/woiczik.de\/wp-content\/uploads\/2013\/05\/P1080062.jpg\"><img loading=\"lazy\" decoding=\"async\" aria-describedby=\"caption-attachment-954\" class=\"size-medium wp-image-954\" title=\"P1080062\" src=\"http:\/\/woiczik.de\/wp-content\/uploads\/2013\/05\/P1080062-225x300.jpg\" alt=\"\" width=\"225\" height=\"300\" srcset=\"http:\/\/woiczik.de\/wp-content\/uploads\/2013\/05\/P1080062-225x300.jpg 225w, http:\/\/woiczik.de\/wp-content\/uploads\/2013\/05\/P1080062-768x1024.jpg 768w\" sizes=\"(max-width: 225px) 100vw, 225px\" \/><\/a><p id=\"caption-attachment-954\" class=\"wp-caption-text\">Regenwetter im Europa Park<\/p><\/div>\n<p>&nbsp;<\/p>\n<p>&nbsp;<\/p>\n<p>&nbsp;<\/p>\n<p>&nbsp;<\/p>\n<p>&nbsp;<\/p>\n<p>&nbsp;<\/p>\n<p>&nbsp;<\/p>\n<p>&nbsp;<\/p>\n<p>&nbsp;<\/p>\n<p>&nbsp;<\/p>\n<p>&nbsp;<\/p>\n<p>&nbsp;<\/p>\n<p>&nbsp;<\/p>\n<p>&nbsp;<\/p>\n<div id=\"attachment_955\" style=\"width: 235px\" class=\"wp-caption alignleft\"><a href=\"http:\/\/woiczik.de\/wp-content\/uploads\/2013\/05\/P1070983.jpg\"><img loading=\"lazy\" decoding=\"async\" aria-describedby=\"caption-attachment-955\" class=\"size-medium wp-image-955\" title=\"P1070983\" src=\"http:\/\/woiczik.de\/wp-content\/uploads\/2013\/05\/P1070983-225x300.jpg\" alt=\"\" width=\"225\" height=\"300\" srcset=\"http:\/\/woiczik.de\/wp-content\/uploads\/2013\/05\/P1070983-225x300.jpg 225w, http:\/\/woiczik.de\/wp-content\/uploads\/2013\/05\/P1070983-768x1024.jpg 768w\" sizes=\"(max-width: 225px) 100vw, 225px\" \/><\/a><p id=\"caption-attachment-955\" class=\"wp-caption-text\">viel Spa\u00df im Europa Park<\/p><\/div>\n","protected":false},"excerpt":{"rendered":"<p>Views: 1509Der Europa-Park Rust ist ein Freizeitpark in Rust, Baden-W\u00fcrttemberg. Mit j\u00e4hrlich\u00a0fast 5 Millionen Besuchern ist er der gr\u00f6\u00dfte Freizeitpark im deutschsprachigen Raum. Auf einer Gesamtfl\u00e4che von rund 900.000\u00a0m\u00b2 werden in 16 Themenbereichen \u00fcber hundert Fahrgesch\u00e4fte und mehrere Shows geboten. &hellip; <a href=\"http:\/\/woiczik.de\/?p=912\">Weiterlesen <span class=\"meta-nav\">&rarr;<\/span><\/a><\/p>\n","protected":false},"author":1,"featured_media":0,"comment_status":"open","ping_status":"open","sticky":false,"template":"","format":"gallery","meta":{"footnotes":""},"categories":[4,6],"tags":[],"class_list":["post-912","post","type-post","status-publish","format-gallery","hentry","category-freizeitparks","category-freizeitparks-in-deutschland","post_format-post-format-gallery"],"_links":{"self":[{"href":"http:\/\/woiczik.de\/index.php?rest_route=\/wp\/v2\/posts\/912"}],"collection":[{"href":"http:\/\/woiczik.de\/index.php?rest_route=\/wp\/v2\/posts"}],"about":[{"href":"http:\/\/woiczik.de\/index.php?rest_route=\/wp\/v2\/types\/post"}],"author":[{"embeddable":true,"href":"http:\/\/woiczik.de\/index.php?rest_route=\/wp\/v2\/users\/1"}],"replies":[{"embeddable":true,"href":"http:\/\/woiczik.de\/index.php?rest_route=%2Fwp%2Fv2%2Fcomments&post=912"}],"version-history":[{"count":28,"href":"http:\/\/woiczik.de\/index.php?rest_route=\/wp\/v2\/posts\/912\/revisions"}],"predecessor-version":[{"id":6633,"href":"http:\/\/woiczik.de\/index.php?rest_route=\/wp\/v2\/posts\/912\/revisions\/6633"}],"wp:attachment":[{"href":"http:\/\/woiczik.de\/index.php?rest_route=%2Fwp%2Fv2%2Fmedia&parent=912"}],"wp:term":[{"taxonomy":"category","embeddable":true,"href":"http:\/\/woiczik.de\/index.php?rest_route=%2Fwp%2Fv2%2Fcategories&post=912"},{"taxonomy":"post_tag","embeddable":true,"href":"http:\/\/woiczik.de\/index.php?rest_route=%2Fwp%2Fv2%2Ftags&post=912"}],"curies":[{"name":"wp","href":"https:\/\/api.w.org\/{rel}","templated":true}]}}