{"id":9273,"date":"2026-07-16T09:43:18","date_gmt":"2026-07-16T07:43:18","guid":{"rendered":"http:\/\/woiczik.de\/?p=9273"},"modified":"2026-08-31T06:39:43","modified_gmt":"2026-08-31T04:39:43","slug":"dresdenhalf-am-05-06-09-2026-in-dresden","status":"publish","type":"post","link":"http:\/\/woiczik.de\/?p=9273","title":{"rendered":"Feriensportfest von Z88 am 05.08 und DresdenHALF am 05\/06.09.2026 in Dresden"},"content":{"rendered":"<p>Views: 530<\/p>\n<figure class=\"wp-block-image size-full\"><a href=\"http:\/\/woiczik.de\/wp-content\/uploads\/2026\/07\/csm_Teaserbild-Dresden5K_d1738611d5.jpg\"><img loading=\"lazy\" decoding=\"async\" width=\"992\" height=\"992\" src=\"http:\/\/woiczik.de\/wp-content\/uploads\/2026\/07\/csm_Teaserbild-Dresden5K_d1738611d5.jpg\" alt=\"\" class=\"wp-image-9274\" srcset=\"http:\/\/woiczik.de\/wp-content\/uploads\/2026\/07\/csm_Teaserbild-Dresden5K_d1738611d5.jpg 992w, http:\/\/woiczik.de\/wp-content\/uploads\/2026\/07\/csm_Teaserbild-Dresden5K_d1738611d5-300x300.jpg 300w, http:\/\/woiczik.de\/wp-content\/uploads\/2026\/07\/csm_Teaserbild-Dresden5K_d1738611d5-150x150.jpg 150w, http:\/\/woiczik.de\/wp-content\/uploads\/2026\/07\/csm_Teaserbild-Dresden5K_d1738611d5-768x768.jpg 768w\" sizes=\"(max-width: 992px) 100vw, 992px\" \/><\/a><\/figure>\n\n\n\n<p><strong>Inhaltsverzeichnis<\/strong><\/p>\n\n\n\n<ol class=\"wp-block-list\">\n<li>Gesundheitliche Probleme nach 5er in L\u00fcbben oder Reisen statt Laufen<\/li>\n\n\n\n<li>Feriensportfest in Zehlendorf am 5. August 2026<\/li>\n\n\n\n<li>Vorschau DresdenHalf <\/li>\n\n\n\n<li>Meine bisherigen Wettk\u00e4mpfe in Dresden<\/li>\n\n\n\n<li>Das Laufwochenende (coming soon)<\/li>\n\n\n\n<li>Mein Rennen (coming soon)<\/li>\n\n\n\n<li>Das war der DresdenHalf (coming soon)<\/li>\n<\/ol>\n\n\n\n<ol class=\"wp-block-list\">\n<li><strong>Gesundheitliche Probleme nach 5er in L\u00fcbben oder Reisen statt Laufen<\/strong><\/li>\n<\/ol>\n\n\n\n<figure class=\"wp-block-gallery has-nested-images columns-default is-cropped wp-block-gallery-1 is-layout-flex wp-block-gallery-is-layout-flex\">\n<figure class=\"wp-block-image size-large\"><a href=\"http:\/\/woiczik.de\/wp-content\/uploads\/2026\/06\/IMG-20260621-WA0013.jpg\"><img loading=\"lazy\" decoding=\"async\" width=\"768\" height=\"1024\" data-id=\"9225\" src=\"http:\/\/woiczik.de\/wp-content\/uploads\/2026\/06\/IMG-20260621-WA0013-768x1024.jpg\" alt=\"\" class=\"wp-image-9225\" srcset=\"http:\/\/woiczik.de\/wp-content\/uploads\/2026\/06\/IMG-20260621-WA0013-768x1024.jpg 768w, http:\/\/woiczik.de\/wp-content\/uploads\/2026\/06\/IMG-20260621-WA0013-225x300.jpg 225w, http:\/\/woiczik.de\/wp-content\/uploads\/2026\/06\/IMG-20260621-WA0013-1152x1536.jpg 1152w, http:\/\/woiczik.de\/wp-content\/uploads\/2026\/06\/IMG-20260621-WA0013.jpg 1200w\" sizes=\"(max-width: 768px) 100vw, 768px\" \/><\/a><\/figure>\n<\/figure>\n\n\n\n<p>Durch die schw\u00fclwarmen Bedingungen beim 5er in L\u00fcbben (siehe <a href=\"http:\/\/woiczik.de\/?p=9212\">8.&nbsp;Schlossinsellauf L\u00fcbben am 21.06.2026 (Kein Start beim Albert-Wuthe-Gedenklauf am 27.06.2026- 41 Grad werden erwartet) | woiczik.de<\/a>) und den nachfolgenden warmen Tagen in Deutschland bekam ich gesundheitliche Probleme, sowie nachfolgend orthop\u00e4dische Beschwerden (HWS\/ISG), welche ein altersgerechtes, leistungsorientiertes Training seit dem nicht zu lassen  Die geplanten Wettk\u00e4mpfe \u00fcber 5 km in Trebbin und den Start am 22.7 \u00fcber 800 Meter in Berlin-Zehlendorf musste ich daher <strong>absagen<\/strong>. <\/p>\n\n\n\n<figure class=\"wp-block-gallery has-nested-images columns-default is-cropped wp-block-gallery-2 is-layout-flex wp-block-gallery-is-layout-flex\">\n<figure class=\"wp-block-image size-large\"><a href=\"http:\/\/woiczik.de\/wp-content\/uploads\/2026\/07\/20260703_053148-scaled.jpg\"><img loading=\"lazy\" decoding=\"async\" width=\"768\" height=\"1024\" data-id=\"9272\" src=\"http:\/\/woiczik.de\/wp-content\/uploads\/2026\/07\/20260703_053148-768x1024.jpg\" alt=\"\" class=\"wp-image-9272\" srcset=\"http:\/\/woiczik.de\/wp-content\/uploads\/2026\/07\/20260703_053148-768x1024.jpg 768w, http:\/\/woiczik.de\/wp-content\/uploads\/2026\/07\/20260703_053148-225x300.jpg 225w, http:\/\/woiczik.de\/wp-content\/uploads\/2026\/07\/20260703_053148-1152x1536.jpg 1152w, http:\/\/woiczik.de\/wp-content\/uploads\/2026\/07\/20260703_053148-1536x2048.jpg 1536w, http:\/\/woiczik.de\/wp-content\/uploads\/2026\/07\/20260703_053148-scaled.jpg 1920w\" sizes=\"(max-width: 768px) 100vw, 768px\" \/><\/a><\/figure>\n<\/figure>\n\n\n\n<p>  <strong>Reisen statt Laufen<\/strong><\/p>\n\n\n\n<figure class=\"wp-block-image size-large\"><a href=\"http:\/\/woiczik.de\/wp-content\/uploads\/2026\/07\/20260703_1152030-scaled.jpg\"><img loading=\"lazy\" decoding=\"async\" width=\"955\" height=\"1024\" src=\"http:\/\/woiczik.de\/wp-content\/uploads\/2026\/07\/20260703_1152030-955x1024.jpg\" alt=\"\" class=\"wp-image-9271\" srcset=\"http:\/\/woiczik.de\/wp-content\/uploads\/2026\/07\/20260703_1152030-955x1024.jpg 955w, http:\/\/woiczik.de\/wp-content\/uploads\/2026\/07\/20260703_1152030-280x300.jpg 280w, http:\/\/woiczik.de\/wp-content\/uploads\/2026\/07\/20260703_1152030-768x823.jpg 768w, http:\/\/woiczik.de\/wp-content\/uploads\/2026\/07\/20260703_1152030-1433x1536.jpg 1433w, http:\/\/woiczik.de\/wp-content\/uploads\/2026\/07\/20260703_1152030-1911x2048.jpg 1911w\" sizes=\"(max-width: 955px) 100vw, 955px\" \/><\/a><\/figure>\n\n\n\n<p>Stattdessen trafen wir im Movie Park und im Walibi Holland einige unserer Freunde aus NRW.<\/p>\n\n\n\n<figure class=\"wp-block-gallery has-nested-images columns-default is-cropped wp-block-gallery-3 is-layout-flex wp-block-gallery-is-layout-flex\">\n<figure class=\"wp-block-image size-large\"><a href=\"http:\/\/woiczik.de\/wp-content\/uploads\/2026\/07\/20260704_115655-scaled.jpg\"><img loading=\"lazy\" decoding=\"async\" width=\"997\" height=\"1024\" data-id=\"9268\" src=\"http:\/\/woiczik.de\/wp-content\/uploads\/2026\/07\/20260704_115655-997x1024.jpg\" alt=\"\" class=\"wp-image-9268\" srcset=\"http:\/\/woiczik.de\/wp-content\/uploads\/2026\/07\/20260704_115655-997x1024.jpg 997w, http:\/\/woiczik.de\/wp-content\/uploads\/2026\/07\/20260704_115655-292x300.jpg 292w, http:\/\/woiczik.de\/wp-content\/uploads\/2026\/07\/20260704_115655-768x789.jpg 768w, http:\/\/woiczik.de\/wp-content\/uploads\/2026\/07\/20260704_115655-1496x1536.jpg 1496w, http:\/\/woiczik.de\/wp-content\/uploads\/2026\/07\/20260704_115655-1994x2048.jpg 1994w\" sizes=\"(max-width: 997px) 100vw, 997px\" \/><\/a><\/figure>\n<\/figure>\n\n\n\n<p><strong>Viel Spa\u00df aus Reisen<\/strong><\/p>\n\n\n\n<figure class=\"wp-block-image size-large\"><a href=\"http:\/\/woiczik.de\/wp-content\/uploads\/2026\/07\/20260704_1426000-scaled.jpg\"><img loading=\"lazy\" decoding=\"async\" width=\"768\" height=\"1024\" src=\"http:\/\/woiczik.de\/wp-content\/uploads\/2026\/07\/20260704_1426000-768x1024.jpg\" alt=\"\" class=\"wp-image-9266\" srcset=\"http:\/\/woiczik.de\/wp-content\/uploads\/2026\/07\/20260704_1426000-768x1024.jpg 768w, http:\/\/woiczik.de\/wp-content\/uploads\/2026\/07\/20260704_1426000-225x300.jpg 225w, http:\/\/woiczik.de\/wp-content\/uploads\/2026\/07\/20260704_1426000-1152x1536.jpg 1152w, http:\/\/woiczik.de\/wp-content\/uploads\/2026\/07\/20260704_1426000-1536x2048.jpg 1536w, http:\/\/woiczik.de\/wp-content\/uploads\/2026\/07\/20260704_1426000-scaled.jpg 1920w\" sizes=\"(max-width: 768px) 100vw, 768px\" \/><\/a><\/figure>\n\n\n\n<p>Hier der Artikel zur Reise: <a href=\"https:\/\/www.freizeitpark-welt.de\/freizeitparks\/walibi_holland\/news\/ein-tag-im-freizeitpark-walibi-holland-n6400\">Ein Tag im Freizeitpark Walibi Holland &#8211; Walibi Holland<\/a><\/p>\n\n\n\n<figure class=\"wp-block-gallery has-nested-images columns-default is-cropped wp-block-gallery-4 is-layout-flex wp-block-gallery-is-layout-flex\">\n<figure class=\"wp-block-image size-large\"><a href=\"http:\/\/woiczik.de\/wp-content\/uploads\/2026\/07\/yourphoto-3-1-scaled.jpeg\"><img loading=\"lazy\" decoding=\"async\" width=\"1024\" height=\"750\" data-id=\"9267\" src=\"http:\/\/woiczik.de\/wp-content\/uploads\/2026\/07\/yourphoto-3-1-1024x750.jpeg\" alt=\"\" class=\"wp-image-9267\" srcset=\"http:\/\/woiczik.de\/wp-content\/uploads\/2026\/07\/yourphoto-3-1-1024x750.jpeg 1024w, http:\/\/woiczik.de\/wp-content\/uploads\/2026\/07\/yourphoto-3-1-300x220.jpeg 300w, http:\/\/woiczik.de\/wp-content\/uploads\/2026\/07\/yourphoto-3-1-768x563.jpeg 768w, http:\/\/woiczik.de\/wp-content\/uploads\/2026\/07\/yourphoto-3-1-1536x1125.jpeg 1536w, http:\/\/woiczik.de\/wp-content\/uploads\/2026\/07\/yourphoto-3-1-2048x1500.jpeg 2048w, http:\/\/woiczik.de\/wp-content\/uploads\/2026\/07\/yourphoto-3-1-410x300.jpeg 410w\" sizes=\"(max-width: 1024px) 100vw, 1024px\" \/><\/a><\/figure>\n<\/figure>\n\n\n\n<figure class=\"wp-block-gallery has-nested-images columns-default is-cropped wp-block-gallery-5 is-layout-flex wp-block-gallery-is-layout-flex\">\n<figure class=\"wp-block-image size-large\"><a href=\"http:\/\/woiczik.de\/wp-content\/uploads\/2026\/07\/20260724_114451-scaled.jpg\"><img loading=\"lazy\" decoding=\"async\" width=\"1024\" height=\"768\" data-id=\"9288\" src=\"http:\/\/woiczik.de\/wp-content\/uploads\/2026\/07\/20260724_114451-1024x768.jpg\" alt=\"\" class=\"wp-image-9288\" srcset=\"http:\/\/woiczik.de\/wp-content\/uploads\/2026\/07\/20260724_114451-1024x768.jpg 1024w, http:\/\/woiczik.de\/wp-content\/uploads\/2026\/07\/20260724_114451-300x225.jpg 300w, http:\/\/woiczik.de\/wp-content\/uploads\/2026\/07\/20260724_114451-768x576.jpg 768w, http:\/\/woiczik.de\/wp-content\/uploads\/2026\/07\/20260724_114451-1536x1152.jpg 1536w, http:\/\/woiczik.de\/wp-content\/uploads\/2026\/07\/20260724_114451-2048x1536.jpg 2048w, http:\/\/woiczik.de\/wp-content\/uploads\/2026\/07\/20260724_114451-400x300.jpg 400w\" sizes=\"(max-width: 1024px) 100vw, 1024px\" \/><\/a><\/figure>\n<\/figure>\n\n\n\n<figure class=\"wp-block-gallery has-nested-images columns-default is-cropped wp-block-gallery-6 is-layout-flex wp-block-gallery-is-layout-flex\">\n<figure class=\"wp-block-image size-large\"><a href=\"http:\/\/woiczik.de\/wp-content\/uploads\/2026\/07\/20260724_105938-scaled.jpg\"><img loading=\"lazy\" decoding=\"async\" width=\"768\" height=\"1024\" data-id=\"9289\" src=\"http:\/\/woiczik.de\/wp-content\/uploads\/2026\/07\/20260724_105938-768x1024.jpg\" alt=\"\" class=\"wp-image-9289\" srcset=\"http:\/\/woiczik.de\/wp-content\/uploads\/2026\/07\/20260724_105938-768x1024.jpg 768w, http:\/\/woiczik.de\/wp-content\/uploads\/2026\/07\/20260724_105938-225x300.jpg 225w, http:\/\/woiczik.de\/wp-content\/uploads\/2026\/07\/20260724_105938-1152x1536.jpg 1152w, http:\/\/woiczik.de\/wp-content\/uploads\/2026\/07\/20260724_105938-1536x2048.jpg 1536w, http:\/\/woiczik.de\/wp-content\/uploads\/2026\/07\/20260724_105938-scaled.jpg 1920w\" sizes=\"(max-width: 768px) 100vw, 768px\" \/><\/a><\/figure>\n<\/figure>\n\n\n\n<figure class=\"wp-block-gallery has-nested-images columns-default is-cropped wp-block-gallery-7 is-layout-flex wp-block-gallery-is-layout-flex\">\n<figure class=\"wp-block-image size-large\"><a href=\"http:\/\/woiczik.de\/wp-content\/uploads\/2026\/07\/20260725_132609-scaled.jpg\"><img loading=\"lazy\" decoding=\"async\" width=\"768\" height=\"1024\" data-id=\"9286\" src=\"http:\/\/woiczik.de\/wp-content\/uploads\/2026\/07\/20260725_132609-768x1024.jpg\" alt=\"\" class=\"wp-image-9286\" srcset=\"http:\/\/woiczik.de\/wp-content\/uploads\/2026\/07\/20260725_132609-768x1024.jpg 768w, http:\/\/woiczik.de\/wp-content\/uploads\/2026\/07\/20260725_132609-225x300.jpg 225w, http:\/\/woiczik.de\/wp-content\/uploads\/2026\/07\/20260725_132609-1152x1536.jpg 1152w, http:\/\/woiczik.de\/wp-content\/uploads\/2026\/07\/20260725_132609-1536x2048.jpg 1536w, http:\/\/woiczik.de\/wp-content\/uploads\/2026\/07\/20260725_132609-scaled.jpg 1920w\" sizes=\"(max-width: 768px) 100vw, 768px\" \/><\/a><\/figure>\n<\/figure>\n\n\n\n<p>Dann noch in Soltau, Rust, Lauf an der Pegnitz, am Bodensee und in einigen Freizeitparks<\/p>\n\n\n\n<figure class=\"wp-block-gallery has-nested-images columns-default is-cropped wp-block-gallery-8 is-layout-flex wp-block-gallery-is-layout-flex\">\n<figure class=\"wp-block-image size-large\"><a href=\"http:\/\/woiczik.de\/wp-content\/uploads\/2026\/08\/IMG-20260522-WA0022.jpg\"><img loading=\"lazy\" decoding=\"async\" width=\"768\" height=\"1024\" data-id=\"9296\" src=\"http:\/\/woiczik.de\/wp-content\/uploads\/2026\/08\/IMG-20260522-WA0022-768x1024.jpg\" alt=\"\" class=\"wp-image-9296\" srcset=\"http:\/\/woiczik.de\/wp-content\/uploads\/2026\/08\/IMG-20260522-WA0022-768x1024.jpg 768w, http:\/\/woiczik.de\/wp-content\/uploads\/2026\/08\/IMG-20260522-WA0022-225x300.jpg 225w, http:\/\/woiczik.de\/wp-content\/uploads\/2026\/08\/IMG-20260522-WA0022-1152x1536.jpg 1152w, http:\/\/woiczik.de\/wp-content\/uploads\/2026\/08\/IMG-20260522-WA0022.jpg 1500w\" sizes=\"(max-width: 768px) 100vw, 768px\" \/><\/a><\/figure>\n<\/figure>\n\n\n\n<p><a href=\"https:\/\/www.freizeitpark-welt.de\/freizeitparks\/heide_park\/news\/ein-tag-im-heide-park-n6413\">Ein Tag im Heide Park &#8211; Heide Park Resort<\/a><\/p>\n\n\n\n<figure class=\"wp-block-gallery has-nested-images columns-default is-cropped wp-block-gallery-9 is-layout-flex wp-block-gallery-is-layout-flex\">\n<figure class=\"wp-block-image size-large\"><a href=\"http:\/\/woiczik.de\/wp-content\/uploads\/2026\/08\/IMG-20260611-WA0042-scaled.jpg\"><img loading=\"lazy\" decoding=\"async\" width=\"1024\" height=\"768\" data-id=\"9297\" src=\"http:\/\/woiczik.de\/wp-content\/uploads\/2026\/08\/IMG-20260611-WA0042-1024x768.jpg\" alt=\"\" class=\"wp-image-9297\" srcset=\"http:\/\/woiczik.de\/wp-content\/uploads\/2026\/08\/IMG-20260611-WA0042-1024x768.jpg 1024w, http:\/\/woiczik.de\/wp-content\/uploads\/2026\/08\/IMG-20260611-WA0042-300x225.jpg 300w, http:\/\/woiczik.de\/wp-content\/uploads\/2026\/08\/IMG-20260611-WA0042-768x576.jpg 768w, http:\/\/woiczik.de\/wp-content\/uploads\/2026\/08\/IMG-20260611-WA0042-1536x1152.jpg 1536w, http:\/\/woiczik.de\/wp-content\/uploads\/2026\/08\/IMG-20260611-WA0042-2048x1536.jpg 2048w, http:\/\/woiczik.de\/wp-content\/uploads\/2026\/08\/IMG-20260611-WA0042-400x300.jpg 400w\" sizes=\"(max-width: 1024px) 100vw, 1024px\" \/><\/a><\/figure>\n<\/figure>\n\n\n\n<p><a href=\"https:\/\/www.freizeitpark-welt.de\/freizeitparks\/geiselwind\/news\/ein-tag-im-freizeit-land-geiselwind-n6423\">Ein Tag im Freizeit-Land Geiselwind &#8211; Freizeit-Land Geiselwind<\/a><\/p>\n\n\n\n<p><strong>2. Feriensportfest in Zehlendorf am 05 August 2026<\/strong><\/p>\n\n\n\n<p>Die Vorbereitung auf die Sommer\/Herbst- Wettkampfsaison h\u00e4tte in diesem Jahr nicht schlechter ausfallen k\u00f6nnen. Nach 4 Wochen mit kaum sportlicher Bet\u00e4tigung entschloss ich mich dennoch f\u00fcr einen Start beim Feriensportfest von Zehlendorf 88 im Ernst-Reuter-Stadion in Zehlendorf. Eine Woche normales Training mit zwei Tempoeinheiten auf der Stra\u00dfe (6 x 400 Meter in 1:28-1:35 und 1-2-3-2-1 min. im 3:50-4er Schnitt), zwei 50 min. ruhigen Dauerl\u00e4ufen (6:20er Schnitt) und einem 70 min. Dauerlauf (6:10er Schnitt), sowie eine Radeinheit von 32 km und zwei Krafteinheiten (inkl. Praxisbesuch) rundeten die erste Trainingswoche ab. Vor dem 800 Meter-Lauf (Sub 3 sollte das Ziel sein) noch am Dienstag fr\u00fch um 4.30 Uhr einen ganz ruhigen 30 Minuten Dauerlauf gemacht und am Mittwoch nach der Arbeit und dem Besuch bei der Krankengymnastik nach Zehlendorf gefahren.<\/p>\n\n\n\n<h2 class=\"wp-block-heading\"><strong>53 Teilnehmer aus 25 Vereinen aus sieben Bundesl\u00e4ndern waren am 05.08 beim Sportfest am Start<\/strong><\/h2>\n\n\n\n<p>Anhand der Startliste waren in meinem Lauf 8 Aktive am Start, davon 2 Masterl\u00e4ufer (M35\/40), welche an der DM in diesem Jahr teilgenommen und jeweils den vierten Platz belegt haben . Mit Abstand war ich der \u00e4lteste und langsamste Teilnehmer auf der Rundbahn in Zehlendorf. &nbsp;&nbsp;&nbsp;&nbsp;<\/p>\n\n\n\n<figure class=\"wp-block-image size-large\"><a href=\"http:\/\/woiczik.de\/wp-content\/uploads\/2026\/08\/20260804_181349-scaled.jpg\"><img loading=\"lazy\" decoding=\"async\" width=\"768\" height=\"1024\" src=\"http:\/\/woiczik.de\/wp-content\/uploads\/2026\/08\/20260804_181349-768x1024.jpg\" alt=\"\" class=\"wp-image-9306\" srcset=\"http:\/\/woiczik.de\/wp-content\/uploads\/2026\/08\/20260804_181349-768x1024.jpg 768w, http:\/\/woiczik.de\/wp-content\/uploads\/2026\/08\/20260804_181349-225x300.jpg 225w, http:\/\/woiczik.de\/wp-content\/uploads\/2026\/08\/20260804_181349-1152x1536.jpg 1152w, http:\/\/woiczik.de\/wp-content\/uploads\/2026\/08\/20260804_181349-1536x2048.jpg 1536w, http:\/\/woiczik.de\/wp-content\/uploads\/2026\/08\/20260804_181349-scaled.jpg 1920w\" sizes=\"(max-width: 768px) 100vw, 768px\" \/><\/a><\/figure>\n\n\n\n<p>Um 17.00 Uhr erreichte ich bei Temperaturen um 32 Grad und viel Sonne das <br>Ernst-Reuter-Sportfeld.<\/p>\n\n\n\n<p><\/p>\n\n\n\n<figure class=\"wp-block-image size-large\"><a href=\"http:\/\/woiczik.de\/wp-content\/uploads\/2026\/08\/20260805_165403-scaled.jpg\"><img loading=\"lazy\" decoding=\"async\" width=\"768\" height=\"1024\" src=\"http:\/\/woiczik.de\/wp-content\/uploads\/2026\/08\/20260805_165403-768x1024.jpg\" alt=\"\" class=\"wp-image-9311\" srcset=\"http:\/\/woiczik.de\/wp-content\/uploads\/2026\/08\/20260805_165403-768x1024.jpg 768w, http:\/\/woiczik.de\/wp-content\/uploads\/2026\/08\/20260805_165403-225x300.jpg 225w, http:\/\/woiczik.de\/wp-content\/uploads\/2026\/08\/20260805_165403-1152x1536.jpg 1152w, http:\/\/woiczik.de\/wp-content\/uploads\/2026\/08\/20260805_165403-1536x2048.jpg 1536w, http:\/\/woiczik.de\/wp-content\/uploads\/2026\/08\/20260805_165403-scaled.jpg 1920w\" sizes=\"(max-width: 768px) 100vw, 768px\" \/><\/a><\/figure>\n\n\n\n<p>Letztmalig war ich da in den 80ziger Jahren bei Fu\u00dfballspielen gegen Hertha 03 Zehlendorf in der Jugend und in der Oberliga (damals 3.Liga) aktiv. Heute stand dort ein 800 Meter Lauf an.<\/p>\n\n\n\n<figure class=\"wp-block-image size-large\"><a href=\"http:\/\/woiczik.de\/wp-content\/uploads\/2026\/08\/20260805_170404-scaled.jpg\"><img loading=\"lazy\" decoding=\"async\" width=\"768\" height=\"1024\" src=\"http:\/\/woiczik.de\/wp-content\/uploads\/2026\/08\/20260805_170404-768x1024.jpg\" alt=\"\" class=\"wp-image-9312\" srcset=\"http:\/\/woiczik.de\/wp-content\/uploads\/2026\/08\/20260805_170404-768x1024.jpg 768w, http:\/\/woiczik.de\/wp-content\/uploads\/2026\/08\/20260805_170404-225x300.jpg 225w, http:\/\/woiczik.de\/wp-content\/uploads\/2026\/08\/20260805_170404-1152x1536.jpg 1152w, http:\/\/woiczik.de\/wp-content\/uploads\/2026\/08\/20260805_170404-1536x2048.jpg 1536w, http:\/\/woiczik.de\/wp-content\/uploads\/2026\/08\/20260805_170404-scaled.jpg 1920w\" sizes=\"(max-width: 768px) 100vw, 768px\" \/><\/a><\/figure>\n\n\n\n<p>Nach dem Frauenlauf \u00fcber die zwei Stadionrunden erfolgte um 17.50 Uhr der Startschuss zum M\u00e4nnerlauf. 8 Aktive waren am Start, von denen ich mit Abstand der \u00e4lteste Teilnehmer war. Im Nachhinein h\u00e4tte ich mutiger Laufen und mit Jonathan Xander (Berliner SC\/Jahrgang 1994) die erste Runde mitgehen k\u00f6nnen. So war ich bereits nach 100 Meter trotz 3:10er Schnitt (pro km) weit hinter der j\u00fcngeren Generation auf der Rundbahn. &#8222;45&#8220; durch bei der 200ter Marke, wie von Trainer Christian im Vorfeld gew\u00fcnscht, das Tempo konstant auf Kurs SUB 3 min. gehalten und bei 400 Metern eine Punktlandung in 1:29 erzielt. Zwischen 500 und 600 Metern wurde es dann ein bisschen &#8222;unrund&#8220;, aber es erfolgte auf den letzten 100 Metern noch ein Schlussspurt im 3:18er Tempo (pro km) und so kam ich sehr zufrieden in 2:59,80 Minuten ins Ziel. Saisonbestzeit !!<\/p>\n\n\n\n<figure class=\"wp-block-image size-large\"><a href=\"http:\/\/woiczik.de\/wp-content\/uploads\/2026\/08\/Screenshot_20260806_052924_Chrome.jpg\"><img loading=\"lazy\" decoding=\"async\" width=\"473\" height=\"1024\" src=\"http:\/\/woiczik.de\/wp-content\/uploads\/2026\/08\/Screenshot_20260806_052924_Chrome-473x1024.jpg\" alt=\"\" class=\"wp-image-9313\" srcset=\"http:\/\/woiczik.de\/wp-content\/uploads\/2026\/08\/Screenshot_20260806_052924_Chrome-473x1024.jpg 473w, http:\/\/woiczik.de\/wp-content\/uploads\/2026\/08\/Screenshot_20260806_052924_Chrome-138x300.jpg 138w, http:\/\/woiczik.de\/wp-content\/uploads\/2026\/08\/Screenshot_20260806_052924_Chrome-768x1664.jpg 768w, http:\/\/woiczik.de\/wp-content\/uploads\/2026\/08\/Screenshot_20260806_052924_Chrome-709x1536.jpg 709w, http:\/\/woiczik.de\/wp-content\/uploads\/2026\/08\/Screenshot_20260806_052924_Chrome-945x2048.jpg 945w, http:\/\/woiczik.de\/wp-content\/uploads\/2026\/08\/Screenshot_20260806_052924_Chrome.jpg 1080w\" sizes=\"(max-width: 473px) 100vw, 473px\" \/><\/a><\/figure>\n\n\n\n<p>Mein zweiter 800 Meter Lauf in diesem Jahr war sehr kontrolliert von mir gelaufen worden ohne eine &#8222;Angriffslustigkeit&#8220;. Im Nachhinein betrachtet lie\u00df ich heute etliche Sekunden durch diesen &#8222;Kontrolllauf&#8220; liegen. Aber dennoch bin ich sehr zufrieden und beende nun die Bahnsaison mit einer weitaus schnelleren Laufzeit als bei der Landesmeisterschaft in Rathenow. <\/p>\n\n\n\n<figure class=\"wp-block-image size-large\"><a href=\"http:\/\/woiczik.de\/wp-content\/uploads\/2026\/08\/20260805_180320-scaled.jpg\"><img loading=\"lazy\" decoding=\"async\" width=\"768\" height=\"1024\" src=\"http:\/\/woiczik.de\/wp-content\/uploads\/2026\/08\/20260805_180320-768x1024.jpg\" alt=\"\" class=\"wp-image-9310\" srcset=\"http:\/\/woiczik.de\/wp-content\/uploads\/2026\/08\/20260805_180320-768x1024.jpg 768w, http:\/\/woiczik.de\/wp-content\/uploads\/2026\/08\/20260805_180320-225x300.jpg 225w, http:\/\/woiczik.de\/wp-content\/uploads\/2026\/08\/20260805_180320-1152x1536.jpg 1152w, http:\/\/woiczik.de\/wp-content\/uploads\/2026\/08\/20260805_180320-1536x2048.jpg 1536w, http:\/\/woiczik.de\/wp-content\/uploads\/2026\/08\/20260805_180320-scaled.jpg 1920w\" sizes=\"(max-width: 768px) 100vw, 768px\" \/><\/a><\/figure>\n\n\n\n<p>Zusammen mit Marcus Spitzer vom BSC (6. Platz Deutsche Juniorenmeisterschaften im 3000m-Hindernislauf\/Jahrgang 1967). Er ist in der deutschen Bestenliste in der M55 \u00fcber 800 Meter einen Platz vor mir (Platz 63). \u00dcber 1500 Meter bin ich auf Platz 30 in Deutschland gelistet.<\/p>\n\n\n\n<p><strong>Meine 800 Meter-L\u00e4ufe in der M 50\/55 seit 2020 (Coronazeit):<\/strong><\/p>\n\n\n\n<p>19.09.2020: 2:44,06\/09.06.2021: 2:45,82\/17.07.2021:2:46,00\/<strong>14.8.21:2:42,87<\/strong>\/04.09.21:2:47,17 (verletzt)\/03.06.2023: 2:51,35\/18.06.2023: 2:54,03\/25.5.2024: 2:54,07\/31.5.2026:3:06,84\/05.08.2026: 2:59,80<\/p>\n\n\n\n<figure class=\"wp-block-image size-large\"><a href=\"http:\/\/woiczik.de\/wp-content\/uploads\/2025\/08\/IMG_20250809_071106349_HDR-scaled.jpg\"><img loading=\"lazy\" decoding=\"async\" width=\"768\" height=\"1024\" src=\"http:\/\/woiczik.de\/wp-content\/uploads\/2025\/08\/IMG_20250809_071106349_HDR-768x1024.jpg\" alt=\"\" class=\"wp-image-8210\" srcset=\"http:\/\/woiczik.de\/wp-content\/uploads\/2025\/08\/IMG_20250809_071106349_HDR-768x1024.jpg 768w, http:\/\/woiczik.de\/wp-content\/uploads\/2025\/08\/IMG_20250809_071106349_HDR-225x300.jpg 225w, http:\/\/woiczik.de\/wp-content\/uploads\/2025\/08\/IMG_20250809_071106349_HDR-1152x1536.jpg 1152w, http:\/\/woiczik.de\/wp-content\/uploads\/2025\/08\/IMG_20250809_071106349_HDR-1536x2048.jpg 1536w, http:\/\/woiczik.de\/wp-content\/uploads\/2025\/08\/IMG_20250809_071106349_HDR-scaled.jpg 1920w\" sizes=\"(max-width: 768px) 100vw, 768px\" \/><\/a><figcaption class=\"wp-element-caption\">Trainingsprogramm wird hochgefahren auf 50-65er Wochen <\/figcaption><\/figure>\n\n\n\n<p>Um noch im September und Oktober die geplanten 6 Wettk\u00e4mpfe (u.a. 2 x in Dresden) gut bestreiten zu k\u00f6nnen (Ziel: mindestens 22er Zeit), will ich nunmehr mein Trainingswochenpensum auf 50-65 km in der Spitze f\u00fcr meine 5er bzw. 6 km Wettk\u00e4mpfe hochfahren. Mal sehen, was mein K\u00f6rper dazu sagt.  <\/p>\n\n\n\n<p><strong>Training<\/strong><\/p>\n\n\n\n<figure class=\"wp-block-image size-large\"><a href=\"http:\/\/woiczik.de\/wp-content\/uploads\/2026\/08\/20260807_150825-scaled.jpg\"><img loading=\"lazy\" decoding=\"async\" width=\"1024\" height=\"768\" src=\"http:\/\/woiczik.de\/wp-content\/uploads\/2026\/08\/20260807_150825-1024x768.jpg\" alt=\"\" class=\"wp-image-9326\" srcset=\"http:\/\/woiczik.de\/wp-content\/uploads\/2026\/08\/20260807_150825-1024x768.jpg 1024w, http:\/\/woiczik.de\/wp-content\/uploads\/2026\/08\/20260807_150825-300x225.jpg 300w, http:\/\/woiczik.de\/wp-content\/uploads\/2026\/08\/20260807_150825-768x576.jpg 768w, http:\/\/woiczik.de\/wp-content\/uploads\/2026\/08\/20260807_150825-1536x1152.jpg 1536w, http:\/\/woiczik.de\/wp-content\/uploads\/2026\/08\/20260807_150825-2048x1536.jpg 2048w, http:\/\/woiczik.de\/wp-content\/uploads\/2026\/08\/20260807_150825-400x300.jpg 400w\" sizes=\"(max-width: 1024px) 100vw, 1024px\" \/><\/a><\/figure>\n\n\n\n<p>Mit Trainer Christian haben wir gem\u00fctlich im Britzer Garten mein weiteres Training bis zu den 6 Wettk\u00e4mpfen \u00fcber 5 und 6 km bis Ende Oktober besprochen. <\/p>\n\n\n\n<p><strong>Road to Dresden<\/strong><\/p>\n\n\n\n<figure class=\"wp-block-gallery has-nested-images columns-default is-cropped wp-block-gallery-10 is-layout-flex wp-block-gallery-is-layout-flex\">\n<figure class=\"wp-block-image size-large\"><a href=\"http:\/\/woiczik.de\/wp-content\/uploads\/2026\/08\/Screenshot_20260810_055020_Chrome.jpg\"><img loading=\"lazy\" decoding=\"async\" width=\"473\" height=\"1024\" data-id=\"9325\" src=\"http:\/\/woiczik.de\/wp-content\/uploads\/2026\/08\/Screenshot_20260810_055020_Chrome-473x1024.jpg\" alt=\"\" class=\"wp-image-9325\" srcset=\"http:\/\/woiczik.de\/wp-content\/uploads\/2026\/08\/Screenshot_20260810_055020_Chrome-473x1024.jpg 473w, http:\/\/woiczik.de\/wp-content\/uploads\/2026\/08\/Screenshot_20260810_055020_Chrome-138x300.jpg 138w, http:\/\/woiczik.de\/wp-content\/uploads\/2026\/08\/Screenshot_20260810_055020_Chrome-768x1664.jpg 768w, http:\/\/woiczik.de\/wp-content\/uploads\/2026\/08\/Screenshot_20260810_055020_Chrome-709x1536.jpg 709w, http:\/\/woiczik.de\/wp-content\/uploads\/2026\/08\/Screenshot_20260810_055020_Chrome-945x2048.jpg 945w, http:\/\/woiczik.de\/wp-content\/uploads\/2026\/08\/Screenshot_20260810_055020_Chrome.jpg 1080w\" sizes=\"(max-width: 473px) 100vw, 473px\" \/><\/a><figcaption class=\"wp-element-caption\">5 k Wettkampfstrecke<\/figcaption><\/figure>\n<\/figure>\n\n\n\n<p><strong>4 Wochen bis zum 5er in Dresden <\/strong><\/p>\n\n\n\n<p>6 x 2 min. (Soll:4:20er Schnitt) mit Luisa und Tatjana standen am &#8222;PSV-Trainings-Dienstag&#8220;) auf dem Trainingsplan. 4:15\/4:18\/4:11\/4:17\/4:11\/4:16 waren es dann tats\u00e4chlich, 40 min. ruhiger DL, langer DL mit Daniel (er 30 km in 3:00 h) mit 14,04 km in 1:24:51 h, ganz ruhiger DL 1 h und 10&#215;2 min. im geplanten 5 km WK-Tempo im Britzer Garten um 4:30 (tats\u00e4chlich 4:48\/4:41\/4:34\/4:31\/4:11\/4:10\/4:28\/4:33\/4:08\/4:22) rundeten eine knapp 55 km Trainingswoche ab. Die umfangreichste Laufwoche seit Mitte M\u00e4rz 2026. <\/p>\n\n\n\n<p><strong>3 Wochen bis zum Running Day<\/strong><\/p>\n\n\n\n<p>Jahrescheck und Krebsvorsorge beim Urologen, 1 h DL mit 8 Intervallen \u00fcber 3 Minuten mit Radbegleitung durch Trainer Christian und zusammen mit Christoph und Clarissa (4:51 er Schnitt\/4:44\/4:35\/5:15\/4:46\/4:40\/4:38\/4:40) mit einer Gesamtlaufzeit von 56 Minuten und 11,5 km, Kraft-und Dehnprogramm in Praxis unter Anleitung, Heimtrainer\/Speed-Bike 20 km in 41:33 min ruhig, am Freitag bei 26 Grad und viel Sonne mit Daniel 16 km in 1:35 h gelaufen (er lief 32 km), Samstag ganz ruhig 50 Minuten unterwegs gewesen und zum Abschluss der Woche einen 3 km Testlauf im Britzer Garten im Race-Pace von 4:30 min\/km gemacht, welcher in 13:38 min. (4:32er Tempo) endete. Oberschenkel waren &#8222;m\u00fcde&#8220; und der untere R\u00fccken verursachte unangenehme Beschwerden. &#8222;Mund abputzen&#8220; und weiter. Derzeit ist der Trainingsstand wohl eher 22:59 als 22:30 min. \u00fcber 5 km. <\/p>\n\n\n\n<p><strong>2 Wochen bis zum Running Day<\/strong><\/p>\n\n\n\n<p>Am Dienstag nur kurz mit der PSV Laufgruppe trainiert, da ich anstatt 3 Bergrunden oder 15 x 1 min. im 3:30-4er Schnitt, 50 Minuten im 5:51er Schnitt bei 23 Grad und Sonne um 18.15 Uhr gelaufen bin. Tags drauf nach 30 Minuten Krafttraining in der Praxis Zilmer anschlie\u00dfend im Britzer Garten 17 x 1 Minuten (Soll: 4:30er Schnitt) im 4:18er Schnitt schlussendlich gelaufen (mit jeweils 1 Minute Geh- und Trabpause). Am Freitag 6 km im 6:27er Tempo ganz ruhig gelaufen, tags drauf 3 x 1 km im geplanten WK-Tempo gelaufen (4:35\/4:34\/4:35) und 750 Meter (dann wurde linke Wade fest) in 4:14er Schnitt. Am Sonntag 45 min. Rad gefahren (26 km) und anschlie\u00dfend 30 min. Krafttraining.  <\/p>\n\n\n\n<p><strong>Wettkampfwoche<\/strong><\/p>\n\n\n\n<p>Sehr z\u00e4h in die Woche gestartet. <\/p>\n\n\n\n<p>3<strong>. Vorschau 1. DresdenHalf<\/strong><\/p>\n\n\n\n<p>Gut 2 Wochen vor dem Laufevent liegen dem Veranstalter \u00fcber 6500 Anmeldungen von L\u00e4ufer*Innen aus 60 Nationen vor. Davon 5400 \u00fcber die 21,1 km und 1100 \u00fcber die 5 km lange Strecke. Auch einige Topathleten sollen lt. Andr\u00e9 Egger, Gesch\u00e4ftsf\u00fchrer der Laufszene Events GmbH am Start sein. <\/p>\n\n\n\n<p><a href=\"https:\/\/www.sachsen-fernsehen.de\/mediathek\/video\/dresden-bekommt-ein-neues-laufevent\/\">Neuer Halbmarathon bringt 60 Nationen nach Dresden<\/a><\/p>\n\n\n\n<p><strong>4.Meine bisherigen Wettk\u00e4mpfe in Dresden<\/strong> <\/p>\n\n\n\n<figure class=\"wp-block-gallery has-nested-images columns-default is-cropped wp-block-gallery-11 is-layout-flex wp-block-gallery-is-layout-flex\">\n<figure class=\"wp-block-image size-large\"><a href=\"http:\/\/woiczik.de\/wp-content\/uploads\/2015\/04\/dst161.jpg\"><img loading=\"lazy\" decoding=\"async\" width=\"590\" height=\"393\" data-id=\"2211\" src=\"http:\/\/woiczik.de\/wp-content\/uploads\/2015\/04\/dst161.jpg\" alt=\"\" class=\"wp-image-2211\" srcset=\"http:\/\/woiczik.de\/wp-content\/uploads\/2015\/04\/dst161.jpg 590w, http:\/\/woiczik.de\/wp-content\/uploads\/2015\/04\/dst161-300x199.jpg 300w, http:\/\/woiczik.de\/wp-content\/uploads\/2015\/04\/dst161-450x300.jpg 450w\" sizes=\"(max-width: 590px) 100vw, 590px\" \/><\/a><figcaption class=\"wp-element-caption\">2015<\/figcaption><\/figure>\n<\/figure>\n\n\n\n<p><strong>Citylauf Dresden<\/strong>&#8211; 15 Teilnahmen<\/p>\n\n\n\n<p><strong>1997<\/strong>: 39:43 min. (610 Teilnehmer- Gesamt 51-MHK: 28)- <strong>1998<\/strong>:&nbsp; 39:06 min. (2100 Teilnehmer- Gesamt 164)- <strong>1999:<\/strong> 38:28,1 min. ( 2200 Teilnehmer- Gesamt 113-M30: 15)- <strong>2000<\/strong>: 37:51,8 min. (2100 Teilnehmer- Gesamt 113-M30: 16)- <strong>2001<\/strong>: 38:48 min. (1600 Teilnehmer-Gesamt 157-M30: 30)- <strong>2002:<\/strong> 38:38 min. (1900 Teilnehmer)- <strong>2003<\/strong>:37:46 min. (Platz 54-M35 Platz 8-1500 Teilnehmer) \u2013 <strong>2007<\/strong>: 40:43 min. (900 Teilnehmer- Gesamt 37-M35:8)- <strong>2008: <\/strong>42:15 min. (1100 Teilnehmer- Gesamt 105-M40:15)- <strong>2010:<\/strong> 41:57 min. (1600 Teilnehmer- Gesamt 81- M 40:12)-<strong>2015:<\/strong> 20:39 min. \u00fcber 5 km (2936 Teilnehmer-Gesamt 29-M45: Platz 3)-<strong>2016<\/strong>: 20:48 min. \u00fcber 5 km (3375 Teilnehmer-Gesamt 34- M 45-Platz 4)- <strong>2017: <\/strong>20:41 min. (675 Teilnehmer*Innen-Gesamt 36- M 45-Platz 5 \u00fcber 5 km-2019: 22:03 min. (820 Teilnehmer*Innen-Gesamt 53- M50-Platz 3 \u00fcber 5 km)- <strong>2020:<\/strong> 48:47 min. \u00fcber 10 km (500 Teilnehmer*Innen- Gesamt Platz 99- M50 Platz 13- Restart in der Corona Zeit im August 2020)-<strong> 2024: <\/strong>10 km in 47:57 min(netto\/48:17 min. brutto)<\/p>\n\n\n\n<p><strong>Dresden-Marathon<\/strong>&#8211; 3 Teilnahmen<\/p>\n\n\n\n<p>Dresden Marathon war ich <strong>2019 und 2022 <\/strong>jeweils \u00fcber die Halbmarathon-Distanz am Start. 1:43:30 h (2019: Platz 566 von 3201 Finishern\/AK M 50 Platz 58 von 263)- 1:47:02 h (2022: Platz 457 von 2204 Finishern\/AK M 50 Platz 64 von 185)- <strong>2025<\/strong>: 5 km in 23:31 min. (Gesamtplatz 97 von 1112 und als Zweiter !!!!!! in der Altersklasse M 55 ins Ziel)<\/p>\n\n\n\n<p><strong>Besten Zeiten in Dresden<\/strong>: 5 km im Jahr 2015 in 20:39 min. (Platz 3 in der M45)- 10 km im Jahr 2003 in 37:46 min. (Platz 8 in der M35) und 1:43:30 h im Halbmarathon im Jahr 2022<\/p>\n\n\n\n<p><\/p>\n","protected":false},"excerpt":{"rendered":"<p>Views: 530 Inhaltsverzeichnis Durch die schw\u00fclwarmen Bedingungen beim 5er in L\u00fcbben (siehe 8.&nbsp;Schlossinsellauf L\u00fcbben am 21.06.2026 (Kein Start beim Albert-Wuthe-Gedenklauf am 27.06.2026- 41 Grad werden erwartet) | woiczik.de) und den nachfolgenden warmen Tagen in Deutschland bekam ich gesundheitliche Probleme, sowie &hellip; <a href=\"http:\/\/woiczik.de\/?p=9273\">Weiterlesen <span class=\"meta-nav\">&rarr;<\/span><\/a><\/p>\n","protected":false},"author":1,"featured_media":0,"comment_status":"open","ping_status":"open","sticky":false,"template":"","format":"gallery","meta":{"footnotes":""},"categories":[3],"tags":[],"class_list":["post-9273","post","type-post","status-publish","format-gallery","hentry","category-sport","post_format-post-format-gallery"],"_links":{"self":[{"href":"http:\/\/woiczik.de\/index.php?rest_route=\/wp\/v2\/posts\/9273"}],"collection":[{"href":"http:\/\/woiczik.de\/index.php?rest_route=\/wp\/v2\/posts"}],"about":[{"href":"http:\/\/woiczik.de\/index.php?rest_route=\/wp\/v2\/types\/post"}],"author":[{"embeddable":true,"href":"http:\/\/woiczik.de\/index.php?rest_route=\/wp\/v2\/users\/1"}],"replies":[{"embeddable":true,"href":"http:\/\/woiczik.de\/index.php?rest_route=%2Fwp%2Fv2%2Fcomments&post=9273"}],"version-history":[{"count":32,"href":"http:\/\/woiczik.de\/index.php?rest_route=\/wp\/v2\/posts\/9273\/revisions"}],"predecessor-version":[{"id":9542,"href":"http:\/\/woiczik.de\/index.php?rest_route=\/wp\/v2\/posts\/9273\/revisions\/9542"}],"wp:attachment":[{"href":"http:\/\/woiczik.de\/index.php?rest_route=%2Fwp%2Fv2%2Fmedia&parent=9273"}],"wp:term":[{"taxonomy":"category","embeddable":true,"href":"http:\/\/woiczik.de\/index.php?rest_route=%2Fwp%2Fv2%2Fcategories&post=9273"},{"taxonomy":"post_tag","embeddable":true,"href":"http:\/\/woiczik.de\/index.php?rest_route=%2Fwp%2Fv2%2Ftags&post=9273"}],"curies":[{"name":"wp","href":"https:\/\/api.w.org\/{rel}","templated":true}]}}